{"id":1142,"date":"2021-08-05T16:20:15","date_gmt":"2021-08-05T21:20:15","guid":{"rendered":"https:\/\/lacolmena.link\/cinenjambre\/?p=1142"},"modified":"2021-08-05T19:56:16","modified_gmt":"2021-08-06T00:56:16","slug":"resena-amos-del-universo-revelacion","status":"publish","type":"post","link":"https:\/\/lacolmena.link\/cinenjambre\/2021\/08\/05\/resena-amos-del-universo-revelacion\/","title":{"rendered":"Rese\u00f1a &#8211; Amos del Universo: Revelaci\u00f3n"},"content":{"rendered":"<p style=\"text-align: justify\">Era la d\u00e9cada de los <strong>80<\/strong>, el <strong>Abuelo Kraken<\/strong> y su servidor <strong>Marco<\/strong> eramos unos ni\u00f1os. A\u00fan no nos conoc\u00edamos, pero algo que compart\u00edamos era nuestro gusto por ver caricaturas en la televisi\u00f3n de la \u00e9poca. Ah\u00ed pudimos ver a los m\u00e1s grandes h\u00e9roes que se hayan conocido en ese entonces, a los m\u00e1ximos representantes tanto de <strong>DC Comics<\/strong> como de <strong>Marvel Comics<\/strong>, adem\u00e1s tambi\u00e9n a lo mejor con lo que contaba <strong>Hanna-Barbera<\/strong>. Estos exponentes ten\u00edan de su lado a lo m\u00e1s divertido y de igual forma acci\u00f3n con grandes personajes, pero todav\u00eda faltar\u00eda m\u00e1s por ver y conocer. Conforme fue avanzando esa \u00e9poca, el desarrollo de la animaci\u00f3n como tal, ir\u00edan llegando var\u00edas series nuevas, destacando por su contenido y personajes una que se convertir\u00eda en una sensaci\u00f3n para los ni\u00f1os en ese momento, <em>He-Man y los Amos del Universo<\/em>.<\/p>\n<p>https:\/\/www.youtube.com\/watch?v=otMe-Z3swqg<\/p>\n<p style=\"text-align: justify\">La serie derivada de una l\u00ednea de juguetes que originalmente estar\u00eda pensada para <em>Conan el B\u00e1rbaro<\/em> por parte de <strong>Mattel<\/strong>. Posteriormente no ser\u00eda requerida para representar las figuras de acci\u00f3n del antes mencionado, de tal forma que tomar\u00eda un camino diferente y sus creadores comenzar\u00edan a dar rienda suelta a su imaginaci\u00f3n d\u00e1ndole vida a un nuevo personaje con el nombre de <strong>He-Man<\/strong>, acompa\u00f1ado de una gran gama y variedad de amigos y enemigos, entre los que destacar\u00eda el hechicero <strong>Skeletor<\/strong>. Toda esta l\u00ednea de juguetes vendr\u00eda acompa\u00f1ada en cada uno con una mini historieta en la cual se narrar\u00edan las aventuras de cada uno de estos personajes, obviamente teniendo un acercamiento con <strong>He-Man<\/strong>, estas historias contar\u00edan el porqu\u00e9 y c\u00f3mo es que la <strong>Espada del Poder<\/strong> est\u00e1 dividida en dos, as\u00ed como porque <strong>He-Man<\/strong> y <strong>Skeletor<\/strong> son portadores de una mitad. Aunque esto corresponde a otra historia y lo que me toca a mi es darles la rese\u00f1a de la nueva serie de <strong>Netflix<\/strong>, <em>Amos del Universo: Revelaci\u00f3n<\/em>.<\/p>\n<h3 style=\"text-align: justify\"><strong>Ahora unos breves detalles de esta nueva aventura<\/strong><\/h3>\n<p style=\"text-align: justify\"><em><img loading=\"lazy\" decoding=\"async\" class=\" wp-image-1147 alignleft\" src=\"https:\/\/lacolmena.link\/cinenjambre\/wp-content\/uploads\/sites\/3\/2021\/08\/kevin_smith-208x300.jpg\" alt=\"\" width=\"90\" height=\"129\" srcset=\"https:\/\/lacolmena.link\/cinenjambre\/wp-content\/uploads\/sites\/3\/2021\/08\/kevin_smith-208x300.jpg 208w, https:\/\/lacolmena.link\/cinenjambre\/wp-content\/uploads\/sites\/3\/2021\/08\/kevin_smith-712x1024.jpg 712w, https:\/\/lacolmena.link\/cinenjambre\/wp-content\/uploads\/sites\/3\/2021\/08\/kevin_smith-768x1105.jpg 768w, https:\/\/lacolmena.link\/cinenjambre\/wp-content\/uploads\/sites\/3\/2021\/08\/kevin_smith-1067x1536.jpg 1067w, https:\/\/lacolmena.link\/cinenjambre\/wp-content\/uploads\/sites\/3\/2021\/08\/kevin_smith.jpg 1200w\" sizes=\"auto, (max-width: 90px) 100vw, 90px\" \/>Amos del Universo: Revelaci\u00f3n<\/em> es una nueva serie animada de <strong>Netflix<\/strong> bajo la producci\u00f3n de <strong>Mattel<\/strong>, realizada y producida por <strong>Kevin Smith<\/strong> quien ha sido escritor de historietas as\u00ed como tambi\u00e9n guionista y director de cine, se basa de la antigua serie de televisi\u00f3n de <strong>1983<\/strong> <em>He-Man y los Amos del Universo<\/em> (llegada a <strong>M\u00e9xico<\/strong> si no me falla la memoria por <strong>1985<\/strong> y <strong>1986<\/strong>). La actual serie viene con una primer temporada que consta de cinco cap\u00edtulos y considerando su final hemos de suponer que tendr\u00e1 una segunda temporada pr\u00f3xima a ser anunciada.<\/p>\n<p style=\"text-align: justify\"><img loading=\"lazy\" decoding=\"async\" class=\" wp-image-1148 alignright\" src=\"https:\/\/lacolmena.link\/cinenjambre\/wp-content\/uploads\/sites\/3\/2021\/08\/hamill_conroy-225x300.jpg\" alt=\"\" width=\"120\" height=\"160\" srcset=\"https:\/\/lacolmena.link\/cinenjambre\/wp-content\/uploads\/sites\/3\/2021\/08\/hamill_conroy-225x300.jpg 225w, https:\/\/lacolmena.link\/cinenjambre\/wp-content\/uploads\/sites\/3\/2021\/08\/hamill_conroy.jpg 600w\" sizes=\"auto, (max-width: 120px) 100vw, 120px\" \/>El elenco en su versi\u00f3n original consta de talentos como <strong>Chris Wood<\/strong> dando voz al <strong>Pr\u00edncipe Adam<\/strong> y <strong>He-Man<\/strong>, <strong>Mark Hamill<\/strong> como <strong>Skeletor<\/strong>, <strong>Sarah Michelle Gellar<\/strong> como <strong>Teela<\/strong>, <strong>Liam Cunningham<\/strong> como <strong>Man-at-Arms<\/strong>, <strong>Alicia Silverstone<\/strong> como la <strong>Reina Marlena<\/strong>, <strong>Karl Diedrich Bader<\/strong> como el <strong>Rey Randor<\/strong> y <strong>Trap Jaw<\/strong>, <strong>Kevin Conroy<\/strong> como <strong>Mer Man<\/strong>, entre otros.<\/p>\n<p style=\"text-align: justify\">El doblaje para <strong>M\u00e9xico<\/strong> y <strong>Am\u00e9rica Latina<\/strong> est\u00e1 a cargo del estudio <strong>Centauro Comunicaciones<\/strong> con <strong>Andr\u00e9s Palacio<\/strong> como el <strong>Pr\u00edncipe Adam<\/strong>, <strong>Giovanni Cruz<\/strong> como <strong>He-Man<\/strong>, <strong>Fernando Manrrique<\/strong> como <strong>Skeletor<\/strong>, <strong>Nathalia Guti\u00e9rrez<\/strong> como <strong>Teela<\/strong>, <strong>Omar Barrera<\/strong> como <strong>Man-at-Arms<\/strong>, <strong>Javier Rodr\u00edguez<\/strong> como <strong>Cringer<\/strong>, <strong>Carlos Alberto Guti\u00e9rrez<\/strong> como <strong>Orko<\/strong>, entre otros.<\/p>\n<h3 style=\"text-align: justify\"><strong>Ahora la rese\u00f1a de Amos del Universo: Revelaci\u00f3n<\/strong><\/h3>\n<p style=\"text-align: justify\">Tomando en cuenta la serie animada de los <strong>80<\/strong>, todo parece algo que ya hab\u00edamos visto antes, un cl\u00e1sico ataque e intento de invasi\u00f3n al <strong>Castillo Grayskull<\/strong> por las fuerzas de <strong>Skeletor<\/strong>, por otro lado en ese momento el <strong>Pr\u00edncipe Adam<\/strong> se encontraba en un evento protocolario en el que la realeza ten\u00eda que estar presente para un reconocimiento a <strong>Teela<\/strong>, integrante de la guardia, justo en ese momento el joven pr\u00edncipe recibir\u00eda la llamada de ayuda de <strong>Sorceress<\/strong> para que <strong>He-Man<\/strong> se presente a defender el <strong>Castillo<\/strong>.<\/p>\n<p style=\"text-align: justify\"><img loading=\"lazy\" decoding=\"async\" class=\" wp-image-1149 alignleft\" src=\"https:\/\/lacolmena.link\/cinenjambre\/wp-content\/uploads\/sites\/3\/2021\/08\/adam-300x222.jpg\" alt=\"\" width=\"206\" height=\"153\" srcset=\"https:\/\/lacolmena.link\/cinenjambre\/wp-content\/uploads\/sites\/3\/2021\/08\/adam-300x222.jpg 300w, https:\/\/lacolmena.link\/cinenjambre\/wp-content\/uploads\/sites\/3\/2021\/08\/adam.jpg 751w\" sizes=\"auto, (max-width: 206px) 100vw, 206px\" \/>Haciendo una \u00e9pica llegada <strong>He-Man<\/strong> montando a <strong>Battle Cat<\/strong> comenzar\u00eda a equilibrar las fuerzas haciendo poco a poco que se replieguen y retiren dando como resultado una m\u00e1s de las cl\u00e1sicas derrotas para <strong>Skeletor<\/strong>, hasta ah\u00ed todo aparenta ser normal, a excepci\u00f3n de que <strong>Skeletor<\/strong> ya ten\u00eda en mente algo diferente y debido a que se hab\u00eda adelantado un poco comenzar\u00eda a ir a una parte no conocida dentro del <strong>Castillo Grayskull<\/strong> a donde <strong>Teela<\/strong> le dar\u00eda alcance para ser atacada por \u00e9l villano y para posteriormente ser apoyada por <strong>He-Man<\/strong>.<\/p>\n<p style=\"text-align: justify\"><img loading=\"lazy\" decoding=\"async\" class=\" wp-image-1150 alignright\" src=\"https:\/\/lacolmena.link\/cinenjambre\/wp-content\/uploads\/sites\/3\/2021\/08\/skeletor-300x190.jpg\" alt=\"\" width=\"188\" height=\"119\" srcset=\"https:\/\/lacolmena.link\/cinenjambre\/wp-content\/uploads\/sites\/3\/2021\/08\/skeletor-300x190.jpg 300w, https:\/\/lacolmena.link\/cinenjambre\/wp-content\/uploads\/sites\/3\/2021\/08\/skeletor-1024x649.jpg 1024w, https:\/\/lacolmena.link\/cinenjambre\/wp-content\/uploads\/sites\/3\/2021\/08\/skeletor-768x487.jpg 768w, https:\/\/lacolmena.link\/cinenjambre\/wp-content\/uploads\/sites\/3\/2021\/08\/skeletor-1536x974.jpg 1536w, https:\/\/lacolmena.link\/cinenjambre\/wp-content\/uploads\/sites\/3\/2021\/08\/skeletor.jpg 2000w\" sizes=\"auto, (max-width: 188px) 100vw, 188px\" \/>Una desesperada pelea se llevar\u00eda en la parte m\u00e1s profunda del <strong>Castillo<\/strong> entre <strong>Teela<\/strong> con <strong>Evil-Lyn<\/strong> y <strong>He-Man<\/strong> con <strong>Skeletor<\/strong>, ahora sabiendo las intenciones del villano para hacerse del poder que reside dentro del castillo este enfrentamiento tendr\u00eda como resultado una intromisi\u00f3n y un evento inesperado en el que una valiosa p\u00e9rdida har\u00eda que las acciones del <strong>Campe\u00f3n de Grayskull<\/strong> fueran diferentes para con <strong>Skeletor<\/strong>, una situaci\u00f3n que aparentemente ya estaba contemplada.<\/p>\n<p style=\"text-align: justify\">Buscando hacerse de una gran fuente de poder m\u00e1gico <strong>Skeletor<\/strong> logr\u00f3 la apertura de una gigantesca energ\u00eda la cual si no se hace algo de inmediato podr\u00eda desencadenar la destrucci\u00f3n a niveles globales, ahora todo reca\u00eda en las manos de <strong>He-Man<\/strong> quien es ahora el \u00fanico capaz de salvar a <strong>Eternia<\/strong> y por consiguiente a todo el universo, haciendo uso de la <strong>Espada del Poder<\/strong> como un filtro para contener la gran cantidad de poder desencadenada el evento ser\u00eda detenido con tr\u00e1gicas y severas consecuencias.<\/p>\n<p><img loading=\"lazy\" decoding=\"async\" class=\"aligncenter wp-image-1151 size-large\" src=\"https:\/\/lacolmena.link\/cinenjambre\/wp-content\/uploads\/sites\/3\/2021\/08\/heman_skeletor-1024x576.jpg\" alt=\"\" width=\"640\" height=\"360\" srcset=\"https:\/\/lacolmena.link\/cinenjambre\/wp-content\/uploads\/sites\/3\/2021\/08\/heman_skeletor-1024x576.jpg 1024w, https:\/\/lacolmena.link\/cinenjambre\/wp-content\/uploads\/sites\/3\/2021\/08\/heman_skeletor-300x169.jpg 300w, https:\/\/lacolmena.link\/cinenjambre\/wp-content\/uploads\/sites\/3\/2021\/08\/heman_skeletor-768x432.jpg 768w, https:\/\/lacolmena.link\/cinenjambre\/wp-content\/uploads\/sites\/3\/2021\/08\/heman_skeletor.jpg 1320w\" sizes=\"auto, (max-width: 640px) 100vw, 640px\" \/><\/p>\n<p style=\"text-align: justify\"><strong><img loading=\"lazy\" decoding=\"async\" class=\" wp-image-1152 alignleft\" src=\"https:\/\/lacolmena.link\/cinenjambre\/wp-content\/uploads\/sites\/3\/2021\/08\/teela-259x300.jpg\" alt=\"\" width=\"129\" height=\"150\" srcset=\"https:\/\/lacolmena.link\/cinenjambre\/wp-content\/uploads\/sites\/3\/2021\/08\/teela-259x300.jpg 259w, https:\/\/lacolmena.link\/cinenjambre\/wp-content\/uploads\/sites\/3\/2021\/08\/teela-768x889.jpg 768w, https:\/\/lacolmena.link\/cinenjambre\/wp-content\/uploads\/sites\/3\/2021\/08\/teela.jpg 796w\" sizes=\"auto, (max-width: 129px) 100vw, 129px\" \/>Eternia<\/strong> y el universo han perdido toda su magia, el mundo ha perdido a su <strong>Campe\u00f3n<\/strong> as\u00ed como a su eterno rival, ahora en el reino se han tomado serias decisiones, <strong>Duncan<\/strong> es relevado de su puesto y <strong>Teela<\/strong> sinti\u00e9ndose traicionada por la forma en la que ha descubierto el secreto y ocultamiento del <strong>Pr\u00edncipe Adam<\/strong> ha abandonado todo iniciando un camino sin rumbo.<\/p>\n<p style=\"text-align: justify\">Luego de ese evento sin precedentes la que quien antes fue guerrera del reino ahora es solo una mercenaria y cazatesoros, pero una petici\u00f3n muy especial la lleva de vuelta a <strong>Grayskull<\/strong> en donde descubre que se puede recuperar una parte de lo perdido, ahora <strong>Teela<\/strong> haciendo alianzas con quienes antes eran rivales una nueva aventura da inicio para devolver la magia al universo y a <strong>Eternia<\/strong>.<\/p>\n<h3 style=\"text-align: justify\"><strong>Detalles finales, secretos y pol\u00e9mica de Amos del Universo: Revelaci\u00f3n<\/strong><\/h3>\n<p style=\"text-align: justify\">Bueno, fue un inicio muy corto de cinco episodios en los que vemos una nueva aventura de los <strong>Amos del Universo<\/strong>, una parte tambi\u00e9n me hace pensar que el desarrollo de personajes pudo ser mejor debido a que muchos de los personajes que conocimos tanto en la serie original como en su respectiva figura de acci\u00f3n destacan muy poco al tener breves apariciones o que han quedado fuera y que es algo que me habr\u00eda gustado ver un poco m\u00e1s como personajes secundarios, tambi\u00e9n una situaci\u00f3n que se ve un poco m\u00e1s con lo que corresponde a los villanos.<\/p>\n<p style=\"text-align: justify\">Ahora en cuanto al dise\u00f1o de personajes he de mencionar que se ve ven bastante bien realizados considerando no solo su aspecto en la serie de los <strong>80<\/strong> o de la forma en su figura de acci\u00f3n, un detalle que tambi\u00e9n hay que apreciar en entornos y escenarios ya que podemos ver algunos elementos que hab\u00edamos visto en juguetes pero no en la serie animada y que fueron integrados a esta.<\/p>\n<p><img loading=\"lazy\" decoding=\"async\" class=\"aligncenter wp-image-1153 \" src=\"https:\/\/lacolmena.link\/cinenjambre\/wp-content\/uploads\/sites\/3\/2021\/08\/ochentas.jpg\" alt=\"\" width=\"658\" height=\"493\" srcset=\"https:\/\/lacolmena.link\/cinenjambre\/wp-content\/uploads\/sites\/3\/2021\/08\/ochentas.jpg 800w, https:\/\/lacolmena.link\/cinenjambre\/wp-content\/uploads\/sites\/3\/2021\/08\/ochentas-300x225.jpg 300w, https:\/\/lacolmena.link\/cinenjambre\/wp-content\/uploads\/sites\/3\/2021\/08\/ochentas-768x575.jpg 768w\" sizes=\"auto, (max-width: 658px) 100vw, 658px\" \/><\/p>\n<p style=\"text-align: justify\">En cuanto al desarrollo de personajes podemos ver un trabajo bien realizado, algo en donde se retoma la personalidad de lo que se conoci\u00f3 en la serie original pero ahora se desarrolla en un nuevo entorno y situaci\u00f3n para dar una nueva narrativa en la historia en la que podremos ver situaciones dram\u00e1ticas, un poco de comed\u00eda y la elemental acci\u00f3n.<\/p>\n<p style=\"text-align: justify\">Los efectos visuales se encuentran bien realizados por lo que considero que podr\u00e1n apreciar los detalles de armas, magia y ataques especiales, aunque por otro lado a pesar de lo vistosa que puede ser la transformaci\u00f3n de <strong>He-Man<\/strong> aunque desafortunada es imposible evitar compararla con la de una <strong>Sailor Scout<\/strong>.<\/p>\n<p><img loading=\"lazy\" decoding=\"async\" class=\"aligncenter wp-image-1154 \" src=\"https:\/\/lacolmena.link\/cinenjambre\/wp-content\/uploads\/sites\/3\/2021\/08\/heman_tr.png\" alt=\"\" width=\"647\" height=\"431\" srcset=\"https:\/\/lacolmena.link\/cinenjambre\/wp-content\/uploads\/sites\/3\/2021\/08\/heman_tr.png 1024w, https:\/\/lacolmena.link\/cinenjambre\/wp-content\/uploads\/sites\/3\/2021\/08\/heman_tr-300x200.png 300w, https:\/\/lacolmena.link\/cinenjambre\/wp-content\/uploads\/sites\/3\/2021\/08\/heman_tr-768x512.png 768w\" sizes=\"auto, (max-width: 647px) 100vw, 647px\" \/><\/p>\n<p style=\"text-align: justify\">Como toda serie antigua que es tra\u00edda nuevamente a la vida <em>Amos del Universo: Revelaci\u00f3n<\/em> trae consigo su parte de pol\u00e9mica, est\u00e1 se ha generado poco despu\u00e9s de su estreno debido a la asignaci\u00f3n de <strong>Teela<\/strong> en el rol principal y de una participaci\u00f3n, inclusi\u00f3n y desenvolvimiento de personajes femeninos en la serie, algo que para la apreciaci\u00f3n de muchos es considerado como decisiones creativas \u00abinclusivas\u00bb, un aspecto que a mi humilde opini\u00f3n considero es algo exagerado ya que tomando en cuenta el desarrollo del personaje adem\u00e1s de ser una guerrera entrenada s\u00ed tiene una raz\u00f3n de ser para la serie, tomando en cuenta que se est\u00e1n planteando situaciones diversas y adversas para alguien que no tiene poderes especiales en un mundo donde ya no hay h\u00e9roes con enormes capacidades f\u00edsicas. Ahora con la adici\u00f3n de otros personajes femeninos se complementan los vac\u00edos que han sido dejados por otros siendo estos justificados para el desarrollo de la historia.<\/p>\n<p><img loading=\"lazy\" decoding=\"async\" class=\"aligncenter wp-image-1155 size-large\" src=\"https:\/\/lacolmena.link\/cinenjambre\/wp-content\/uploads\/sites\/3\/2021\/08\/equipo-1024x512.jpg\" alt=\"\" width=\"640\" height=\"320\" srcset=\"https:\/\/lacolmena.link\/cinenjambre\/wp-content\/uploads\/sites\/3\/2021\/08\/equipo-1024x512.jpg 1024w, https:\/\/lacolmena.link\/cinenjambre\/wp-content\/uploads\/sites\/3\/2021\/08\/equipo-300x150.jpg 300w, https:\/\/lacolmena.link\/cinenjambre\/wp-content\/uploads\/sites\/3\/2021\/08\/equipo-768x384.jpg 768w, https:\/\/lacolmena.link\/cinenjambre\/wp-content\/uploads\/sites\/3\/2021\/08\/equipo.jpg 1200w\" sizes=\"auto, (max-width: 640px) 100vw, 640px\" \/><\/p>\n<p style=\"text-align: justify\">Que si tomamos en cuenta otra parte de la historia de <strong>Amos del Universo<\/strong> se pudo haberse considerado tambi\u00e9n a la <strong>Princesa Adora<\/strong>, la hermana gemela del <strong>Pr\u00edncipe Adam<\/strong> para llevar el protag\u00f3nico y que finalmente a pesar de tener tambi\u00e9n en su poder otra <strong>Espada del Poder<\/strong> igualmente habr\u00eda tenido una carga similar de pol\u00e9mica al estar involucrada una mayor cantidad de personajes femeninos dentro de su historia.<\/p>\n<p>En lo que corresponde al doblaje a cargo del estudio <strong>Centauro Comunicaciones<\/strong> es un trabajo regular con voces en el que se apegan adecuadamente a cada personaje teniendo en consideraci\u00f3n su contraparte en ingl\u00e9s, una labor mejor realizada que podemos apreciar en su idioma original.<\/p>\n<p style=\"text-align: justify\">Para terminar mi rese\u00f1a de <em>Amos del Universo: Revelaci\u00f3n<\/em> tiene algunas omisiones en cuanto a participaci\u00f3n de personajes que para mi habr\u00eda sido agradable de ver para complementar varios segmentos de la historia, continuando en que una parte de la narrativa es como lleva cada quien la p\u00e9rdida de un ser cercano y los secretos que ten\u00eda pero que inevitablemente son descubiertos. La animaci\u00f3n es buena y con un buen nivel de detalle adem\u00e1s de contar con una buena banda sonora adecuada para cualquier momento. En momentos se dan ligeros bajones en el desarrollo de la historia que finalmente conforme se avanza recuperan el paso para terminar bien el segmento. Finalmente les hago la recomendaci\u00f3n para que le den una mirada la serie que puede ser vista tanto por adultos como por menores, que adem\u00e1s de tener una violencia moderada no es tan abrumadora, detallada y explicita como para omitir escenas o evitarlas, pero obviamente como en anteriores rese\u00f1as les aconsejo que los ni\u00f1os tengan el refuerzo de un adulto para apoyar en determinados temas a explicar.<\/p>\n<h3 style=\"text-align: justify\"><strong>Calificaci\u00f3n<\/strong><\/h3>\n<p style=\"text-align: justify\"><img loading=\"lazy\" decoding=\"async\" class=\"alignnone size-full wp-image-494\" src=\"https:\/\/lacolmena.link\/cinenjambre\/wp-content\/uploads\/sites\/3\/2021\/03\/full.png\" alt=\"\" width=\"64\" height=\"64\" \/><img loading=\"lazy\" decoding=\"async\" class=\"alignnone size-full wp-image-494\" src=\"https:\/\/lacolmena.link\/cinenjambre\/wp-content\/uploads\/sites\/3\/2021\/03\/full.png\" alt=\"\" width=\"64\" height=\"64\" \/><img loading=\"lazy\" decoding=\"async\" class=\"alignnone size-full wp-image-494\" src=\"https:\/\/lacolmena.link\/cinenjambre\/wp-content\/uploads\/sites\/3\/2021\/03\/full.png\" alt=\"\" width=\"64\" height=\"64\" \/><img loading=\"lazy\" decoding=\"async\" class=\"alignnone size-full wp-image-495\" src=\"https:\/\/lacolmena.link\/cinenjambre\/wp-content\/uploads\/sites\/3\/2021\/03\/half.png\" alt=\"\" width=\"64\" height=\"64\" \/><strong><img loading=\"lazy\" decoding=\"async\" class=\"alignnone size-full wp-image-697\" src=\"https:\/\/lacolmena.link\/cinenjambre\/wp-content\/uploads\/sites\/3\/2021\/04\/empty.png\" alt=\"\" width=\"64\" height=\"64\" \/><\/strong><\/p>\n","protected":false},"excerpt":{"rendered":"<p>Era la d\u00e9cada de los 80, el Abuelo Kraken y su servidor Marco eramos unos ni\u00f1os. A\u00fan no nos conoc\u00edamos, pero algo que compart\u00edamos era nuestro gusto por ver caricaturas en la televisi\u00f3n de la \u00e9poca. Ah\u00ed pudimos ver a los m\u00e1s grandes h\u00e9roes que se hayan conocido en ese entonces, a los m\u00e1ximos representantes [&hellip;]<\/p>\n","protected":false},"author":2,"featured_media":1158,"comment_status":"open","ping_status":"open","sticky":false,"template":"","format":"standard","meta":{"footnotes":""},"categories":[7,9,6],"tags":[679,681,680,684,678,34,682,683],"class_list":["post-1142","post","type-post","status-publish","format-standard","has-post-thumbnail","hentry","category-abeja-sempai","category-resenas","category-zanganos","tag-amos-del-universo-revelacion","tag-he-man","tag-he-man-y-los-amos-del-universo","tag-man-at-arms","tag-mattel","tag-netflix","tag-skeletor","tag-teela"],"yoast_head":"<!-- This site is optimized with the Yoast SEO plugin v27.5 - https:\/\/yoast.com\/product\/yoast-seo-wordpress\/ -->\n<title>Rese\u00f1a - Amos del Universo: Revelaci\u00f3n - CINENJAMBRE \ud83c\udf7f<\/title>\n<meta name=\"robots\" content=\"index, follow, max-snippet:-1, max-image-preview:large, max-video-preview:-1\" \/>\n<link rel=\"canonical\" href=\"https:\/\/lacolmena.link\/cinenjambre\/2021\/08\/05\/resena-amos-del-universo-revelacion\/\" \/>\n<meta property=\"og:locale\" content=\"es_ES\" \/>\n<meta property=\"og:type\" content=\"article\" \/>\n<meta property=\"og:title\" content=\"Rese\u00f1a - Amos del Universo: Revelaci\u00f3n - CINENJAMBRE \ud83c\udf7f\" \/>\n<meta property=\"og:description\" content=\"Era la d\u00e9cada de los 80, el Abuelo Kraken y su servidor Marco eramos unos ni\u00f1os. A\u00fan no nos conoc\u00edamos, pero algo que compart\u00edamos era nuestro gusto por ver caricaturas en la televisi\u00f3n de la \u00e9poca. Ah\u00ed pudimos ver a los m\u00e1s grandes h\u00e9roes que se hayan conocido en ese entonces, a los m\u00e1ximos representantes [&hellip;]\" \/>\n<meta property=\"og:url\" content=\"https:\/\/lacolmena.link\/cinenjambre\/2021\/08\/05\/resena-amos-del-universo-revelacion\/\" \/>\n<meta property=\"og:site_name\" content=\"CINENJAMBRE \ud83c\udf7f\" \/>\n<meta property=\"article:published_time\" content=\"2021-08-05T21:20:15+00:00\" \/>\n<meta property=\"article:modified_time\" content=\"2021-08-06T00:56:16+00:00\" \/>\n<meta property=\"og:image\" content=\"https:\/\/lacolmena.link\/cinenjambre\/wp-content\/uploads\/sites\/3\/2021\/08\/heman_poster.jpg\" \/>\n\t<meta property=\"og:image:width\" content=\"920\" \/>\n\t<meta property=\"og:image:height\" content=\"591\" \/>\n\t<meta property=\"og:image:type\" content=\"image\/jpeg\" \/>\n<meta name=\"author\" content=\"El Marco\" \/>\n<meta name=\"twitter:card\" content=\"summary_large_image\" \/>\n<meta name=\"twitter:label1\" content=\"Escrito por\" \/>\n\t<meta name=\"twitter:data1\" content=\"El Marco\" \/>\n\t<meta name=\"twitter:label2\" content=\"Tiempo de lectura\" \/>\n\t<meta name=\"twitter:data2\" content=\"9 minutos\" \/>\n<script type=\"application\/ld+json\" class=\"yoast-schema-graph\">{\"@context\":\"https:\\\/\\\/schema.org\",\"@graph\":[{\"@type\":\"Article\",\"@id\":\"https:\\\/\\\/lacolmena.link\\\/cinenjambre\\\/2021\\\/08\\\/05\\\/resena-amos-del-universo-revelacion\\\/#article\",\"isPartOf\":{\"@id\":\"https:\\\/\\\/lacolmena.link\\\/cinenjambre\\\/2021\\\/08\\\/05\\\/resena-amos-del-universo-revelacion\\\/\"},\"author\":{\"name\":\"El Marco\",\"@id\":\"https:\\\/\\\/lacolmena.link\\\/cinenjambre\\\/#\\\/schema\\\/person\\\/c9cf15753a37512b326eb033bd39843c\"},\"headline\":\"Rese\u00f1a &#8211; Amos del Universo: Revelaci\u00f3n\",\"datePublished\":\"2021-08-05T21:20:15+00:00\",\"dateModified\":\"2021-08-06T00:56:16+00:00\",\"mainEntityOfPage\":{\"@id\":\"https:\\\/\\\/lacolmena.link\\\/cinenjambre\\\/2021\\\/08\\\/05\\\/resena-amos-del-universo-revelacion\\\/\"},\"wordCount\":1891,\"commentCount\":0,\"publisher\":{\"@id\":\"https:\\\/\\\/lacolmena.link\\\/cinenjambre\\\/#organization\"},\"image\":{\"@id\":\"https:\\\/\\\/lacolmena.link\\\/cinenjambre\\\/2021\\\/08\\\/05\\\/resena-amos-del-universo-revelacion\\\/#primaryimage\"},\"thumbnailUrl\":\"https:\\\/\\\/lacolmena.link\\\/cinenjambre\\\/wp-content\\\/uploads\\\/sites\\\/3\\\/2021\\\/08\\\/heman_poster.jpg\",\"keywords\":[\"Amos del Universo: Revelaci\u00f3n\",\"He-Man\",\"He-Man y los Amos del Universo\",\"Man-at-Arms\",\"Mattel\",\"Netflix\",\"Skeletor\",\"Teela\"],\"articleSection\":[\"Abeja Sempai\",\"Rese\u00f1as\",\"Z\u00e1nganos\"],\"inLanguage\":\"es\",\"potentialAction\":[{\"@type\":\"CommentAction\",\"name\":\"Comment\",\"target\":[\"https:\\\/\\\/lacolmena.link\\\/cinenjambre\\\/2021\\\/08\\\/05\\\/resena-amos-del-universo-revelacion\\\/#respond\"]}]},{\"@type\":\"WebPage\",\"@id\":\"https:\\\/\\\/lacolmena.link\\\/cinenjambre\\\/2021\\\/08\\\/05\\\/resena-amos-del-universo-revelacion\\\/\",\"url\":\"https:\\\/\\\/lacolmena.link\\\/cinenjambre\\\/2021\\\/08\\\/05\\\/resena-amos-del-universo-revelacion\\\/\",\"name\":\"Rese\u00f1a - Amos del Universo: Revelaci\u00f3n - CINENJAMBRE \ud83c\udf7f\",\"isPartOf\":{\"@id\":\"https:\\\/\\\/lacolmena.link\\\/cinenjambre\\\/#website\"},\"primaryImageOfPage\":{\"@id\":\"https:\\\/\\\/lacolmena.link\\\/cinenjambre\\\/2021\\\/08\\\/05\\\/resena-amos-del-universo-revelacion\\\/#primaryimage\"},\"image\":{\"@id\":\"https:\\\/\\\/lacolmena.link\\\/cinenjambre\\\/2021\\\/08\\\/05\\\/resena-amos-del-universo-revelacion\\\/#primaryimage\"},\"thumbnailUrl\":\"https:\\\/\\\/lacolmena.link\\\/cinenjambre\\\/wp-content\\\/uploads\\\/sites\\\/3\\\/2021\\\/08\\\/heman_poster.jpg\",\"datePublished\":\"2021-08-05T21:20:15+00:00\",\"dateModified\":\"2021-08-06T00:56:16+00:00\",\"breadcrumb\":{\"@id\":\"https:\\\/\\\/lacolmena.link\\\/cinenjambre\\\/2021\\\/08\\\/05\\\/resena-amos-del-universo-revelacion\\\/#breadcrumb\"},\"inLanguage\":\"es\",\"potentialAction\":[{\"@type\":\"ReadAction\",\"target\":[\"https:\\\/\\\/lacolmena.link\\\/cinenjambre\\\/2021\\\/08\\\/05\\\/resena-amos-del-universo-revelacion\\\/\"]}]},{\"@type\":\"ImageObject\",\"inLanguage\":\"es\",\"@id\":\"https:\\\/\\\/lacolmena.link\\\/cinenjambre\\\/2021\\\/08\\\/05\\\/resena-amos-del-universo-revelacion\\\/#primaryimage\",\"url\":\"https:\\\/\\\/lacolmena.link\\\/cinenjambre\\\/wp-content\\\/uploads\\\/sites\\\/3\\\/2021\\\/08\\\/heman_poster.jpg\",\"contentUrl\":\"https:\\\/\\\/lacolmena.link\\\/cinenjambre\\\/wp-content\\\/uploads\\\/sites\\\/3\\\/2021\\\/08\\\/heman_poster.jpg\",\"width\":920,\"height\":591},{\"@type\":\"BreadcrumbList\",\"@id\":\"https:\\\/\\\/lacolmena.link\\\/cinenjambre\\\/2021\\\/08\\\/05\\\/resena-amos-del-universo-revelacion\\\/#breadcrumb\",\"itemListElement\":[{\"@type\":\"ListItem\",\"position\":1,\"name\":\"Portada\",\"item\":\"https:\\\/\\\/lacolmena.link\\\/cinenjambre\\\/\"},{\"@type\":\"ListItem\",\"position\":2,\"name\":\"Rese\u00f1a &#8211; Amos del Universo: Revelaci\u00f3n\"}]},{\"@type\":\"WebSite\",\"@id\":\"https:\\\/\\\/lacolmena.link\\\/cinenjambre\\\/#website\",\"url\":\"https:\\\/\\\/lacolmena.link\\\/cinenjambre\\\/\",\"name\":\"CINENJAMBRE \ud83c\udf7f\",\"description\":\"Noticias, rese\u00f1as, lanzamientos y m\u00e1s\",\"publisher\":{\"@id\":\"https:\\\/\\\/lacolmena.link\\\/cinenjambre\\\/#organization\"},\"potentialAction\":[{\"@type\":\"SearchAction\",\"target\":{\"@type\":\"EntryPoint\",\"urlTemplate\":\"https:\\\/\\\/lacolmena.link\\\/cinenjambre\\\/?s={search_term_string}\"},\"query-input\":{\"@type\":\"PropertyValueSpecification\",\"valueRequired\":true,\"valueName\":\"search_term_string\"}}],\"inLanguage\":\"es\"},{\"@type\":\"Organization\",\"@id\":\"https:\\\/\\\/lacolmena.link\\\/cinenjambre\\\/#organization\",\"name\":\"CINENJAMBRE \ud83c\udf7f\",\"url\":\"https:\\\/\\\/lacolmena.link\\\/cinenjambre\\\/\",\"logo\":{\"@type\":\"ImageObject\",\"inLanguage\":\"es\",\"@id\":\"https:\\\/\\\/lacolmena.link\\\/cinenjambre\\\/#\\\/schema\\\/logo\\\/image\\\/\",\"url\":\"https:\\\/\\\/lacolmena.link\\\/cinenjambre\\\/wp-content\\\/uploads\\\/sites\\\/3\\\/2021\\\/01\\\/cropped-cinenjambre-1.png\",\"contentUrl\":\"https:\\\/\\\/lacolmena.link\\\/cinenjambre\\\/wp-content\\\/uploads\\\/sites\\\/3\\\/2021\\\/01\\\/cropped-cinenjambre-1.png\",\"width\":512,\"height\":512,\"caption\":\"CINENJAMBRE \ud83c\udf7f\"},\"image\":{\"@id\":\"https:\\\/\\\/lacolmena.link\\\/cinenjambre\\\/#\\\/schema\\\/logo\\\/image\\\/\"}},{\"@type\":\"Person\",\"@id\":\"https:\\\/\\\/lacolmena.link\\\/cinenjambre\\\/#\\\/schema\\\/person\\\/c9cf15753a37512b326eb033bd39843c\",\"name\":\"El Marco\",\"image\":{\"@type\":\"ImageObject\",\"inLanguage\":\"es\",\"@id\":\"https:\\\/\\\/secure.gravatar.com\\\/avatar\\\/d16bed066026570385fca223acc49ae8544fd038a897a85586e0ba3c69b70fa5?s=96&d=mm&r=g\",\"url\":\"https:\\\/\\\/secure.gravatar.com\\\/avatar\\\/d16bed066026570385fca223acc49ae8544fd038a897a85586e0ba3c69b70fa5?s=96&d=mm&r=g\",\"contentUrl\":\"https:\\\/\\\/secure.gravatar.com\\\/avatar\\\/d16bed066026570385fca223acc49ae8544fd038a897a85586e0ba3c69b70fa5?s=96&d=mm&r=g\",\"caption\":\"El Marco\"},\"url\":\"https:\\\/\\\/lacolmena.link\\\/cinenjambre\\\/author\\\/marco\\\/\"}]}<\/script>\n<!-- \/ Yoast SEO plugin. -->","yoast_head_json":{"title":"Rese\u00f1a - Amos del Universo: Revelaci\u00f3n - CINENJAMBRE \ud83c\udf7f","robots":{"index":"index","follow":"follow","max-snippet":"max-snippet:-1","max-image-preview":"max-image-preview:large","max-video-preview":"max-video-preview:-1"},"canonical":"https:\/\/lacolmena.link\/cinenjambre\/2021\/08\/05\/resena-amos-del-universo-revelacion\/","og_locale":"es_ES","og_type":"article","og_title":"Rese\u00f1a - Amos del Universo: Revelaci\u00f3n - CINENJAMBRE \ud83c\udf7f","og_description":"Era la d\u00e9cada de los 80, el Abuelo Kraken y su servidor Marco eramos unos ni\u00f1os. A\u00fan no nos conoc\u00edamos, pero algo que compart\u00edamos era nuestro gusto por ver caricaturas en la televisi\u00f3n de la \u00e9poca. Ah\u00ed pudimos ver a los m\u00e1s grandes h\u00e9roes que se hayan conocido en ese entonces, a los m\u00e1ximos representantes [&hellip;]","og_url":"https:\/\/lacolmena.link\/cinenjambre\/2021\/08\/05\/resena-amos-del-universo-revelacion\/","og_site_name":"CINENJAMBRE \ud83c\udf7f","article_published_time":"2021-08-05T21:20:15+00:00","article_modified_time":"2021-08-06T00:56:16+00:00","og_image":[{"width":920,"height":591,"url":"https:\/\/lacolmena.link\/cinenjambre\/wp-content\/uploads\/sites\/3\/2021\/08\/heman_poster.jpg","type":"image\/jpeg"}],"author":"El Marco","twitter_card":"summary_large_image","twitter_misc":{"Escrito por":"El Marco","Tiempo de lectura":"9 minutos"},"schema":{"@context":"https:\/\/schema.org","@graph":[{"@type":"Article","@id":"https:\/\/lacolmena.link\/cinenjambre\/2021\/08\/05\/resena-amos-del-universo-revelacion\/#article","isPartOf":{"@id":"https:\/\/lacolmena.link\/cinenjambre\/2021\/08\/05\/resena-amos-del-universo-revelacion\/"},"author":{"name":"El Marco","@id":"https:\/\/lacolmena.link\/cinenjambre\/#\/schema\/person\/c9cf15753a37512b326eb033bd39843c"},"headline":"Rese\u00f1a &#8211; Amos del Universo: Revelaci\u00f3n","datePublished":"2021-08-05T21:20:15+00:00","dateModified":"2021-08-06T00:56:16+00:00","mainEntityOfPage":{"@id":"https:\/\/lacolmena.link\/cinenjambre\/2021\/08\/05\/resena-amos-del-universo-revelacion\/"},"wordCount":1891,"commentCount":0,"publisher":{"@id":"https:\/\/lacolmena.link\/cinenjambre\/#organization"},"image":{"@id":"https:\/\/lacolmena.link\/cinenjambre\/2021\/08\/05\/resena-amos-del-universo-revelacion\/#primaryimage"},"thumbnailUrl":"https:\/\/lacolmena.link\/cinenjambre\/wp-content\/uploads\/sites\/3\/2021\/08\/heman_poster.jpg","keywords":["Amos del Universo: Revelaci\u00f3n","He-Man","He-Man y los Amos del Universo","Man-at-Arms","Mattel","Netflix","Skeletor","Teela"],"articleSection":["Abeja Sempai","Rese\u00f1as","Z\u00e1nganos"],"inLanguage":"es","potentialAction":[{"@type":"CommentAction","name":"Comment","target":["https:\/\/lacolmena.link\/cinenjambre\/2021\/08\/05\/resena-amos-del-universo-revelacion\/#respond"]}]},{"@type":"WebPage","@id":"https:\/\/lacolmena.link\/cinenjambre\/2021\/08\/05\/resena-amos-del-universo-revelacion\/","url":"https:\/\/lacolmena.link\/cinenjambre\/2021\/08\/05\/resena-amos-del-universo-revelacion\/","name":"Rese\u00f1a - Amos del Universo: Revelaci\u00f3n - CINENJAMBRE \ud83c\udf7f","isPartOf":{"@id":"https:\/\/lacolmena.link\/cinenjambre\/#website"},"primaryImageOfPage":{"@id":"https:\/\/lacolmena.link\/cinenjambre\/2021\/08\/05\/resena-amos-del-universo-revelacion\/#primaryimage"},"image":{"@id":"https:\/\/lacolmena.link\/cinenjambre\/2021\/08\/05\/resena-amos-del-universo-revelacion\/#primaryimage"},"thumbnailUrl":"https:\/\/lacolmena.link\/cinenjambre\/wp-content\/uploads\/sites\/3\/2021\/08\/heman_poster.jpg","datePublished":"2021-08-05T21:20:15+00:00","dateModified":"2021-08-06T00:56:16+00:00","breadcrumb":{"@id":"https:\/\/lacolmena.link\/cinenjambre\/2021\/08\/05\/resena-amos-del-universo-revelacion\/#breadcrumb"},"inLanguage":"es","potentialAction":[{"@type":"ReadAction","target":["https:\/\/lacolmena.link\/cinenjambre\/2021\/08\/05\/resena-amos-del-universo-revelacion\/"]}]},{"@type":"ImageObject","inLanguage":"es","@id":"https:\/\/lacolmena.link\/cinenjambre\/2021\/08\/05\/resena-amos-del-universo-revelacion\/#primaryimage","url":"https:\/\/lacolmena.link\/cinenjambre\/wp-content\/uploads\/sites\/3\/2021\/08\/heman_poster.jpg","contentUrl":"https:\/\/lacolmena.link\/cinenjambre\/wp-content\/uploads\/sites\/3\/2021\/08\/heman_poster.jpg","width":920,"height":591},{"@type":"BreadcrumbList","@id":"https:\/\/lacolmena.link\/cinenjambre\/2021\/08\/05\/resena-amos-del-universo-revelacion\/#breadcrumb","itemListElement":[{"@type":"ListItem","position":1,"name":"Portada","item":"https:\/\/lacolmena.link\/cinenjambre\/"},{"@type":"ListItem","position":2,"name":"Rese\u00f1a &#8211; Amos del Universo: Revelaci\u00f3n"}]},{"@type":"WebSite","@id":"https:\/\/lacolmena.link\/cinenjambre\/#website","url":"https:\/\/lacolmena.link\/cinenjambre\/","name":"CINENJAMBRE \ud83c\udf7f","description":"Noticias, rese\u00f1as, lanzamientos y m\u00e1s","publisher":{"@id":"https:\/\/lacolmena.link\/cinenjambre\/#organization"},"potentialAction":[{"@type":"SearchAction","target":{"@type":"EntryPoint","urlTemplate":"https:\/\/lacolmena.link\/cinenjambre\/?s={search_term_string}"},"query-input":{"@type":"PropertyValueSpecification","valueRequired":true,"valueName":"search_term_string"}}],"inLanguage":"es"},{"@type":"Organization","@id":"https:\/\/lacolmena.link\/cinenjambre\/#organization","name":"CINENJAMBRE \ud83c\udf7f","url":"https:\/\/lacolmena.link\/cinenjambre\/","logo":{"@type":"ImageObject","inLanguage":"es","@id":"https:\/\/lacolmena.link\/cinenjambre\/#\/schema\/logo\/image\/","url":"https:\/\/lacolmena.link\/cinenjambre\/wp-content\/uploads\/sites\/3\/2021\/01\/cropped-cinenjambre-1.png","contentUrl":"https:\/\/lacolmena.link\/cinenjambre\/wp-content\/uploads\/sites\/3\/2021\/01\/cropped-cinenjambre-1.png","width":512,"height":512,"caption":"CINENJAMBRE \ud83c\udf7f"},"image":{"@id":"https:\/\/lacolmena.link\/cinenjambre\/#\/schema\/logo\/image\/"}},{"@type":"Person","@id":"https:\/\/lacolmena.link\/cinenjambre\/#\/schema\/person\/c9cf15753a37512b326eb033bd39843c","name":"El Marco","image":{"@type":"ImageObject","inLanguage":"es","@id":"https:\/\/secure.gravatar.com\/avatar\/d16bed066026570385fca223acc49ae8544fd038a897a85586e0ba3c69b70fa5?s=96&d=mm&r=g","url":"https:\/\/secure.gravatar.com\/avatar\/d16bed066026570385fca223acc49ae8544fd038a897a85586e0ba3c69b70fa5?s=96&d=mm&r=g","contentUrl":"https:\/\/secure.gravatar.com\/avatar\/d16bed066026570385fca223acc49ae8544fd038a897a85586e0ba3c69b70fa5?s=96&d=mm&r=g","caption":"El Marco"},"url":"https:\/\/lacolmena.link\/cinenjambre\/author\/marco\/"}]}},"_links":{"self":[{"href":"https:\/\/lacolmena.link\/cinenjambre\/wp-json\/wp\/v2\/posts\/1142","targetHints":{"allow":["GET"]}}],"collection":[{"href":"https:\/\/lacolmena.link\/cinenjambre\/wp-json\/wp\/v2\/posts"}],"about":[{"href":"https:\/\/lacolmena.link\/cinenjambre\/wp-json\/wp\/v2\/types\/post"}],"author":[{"embeddable":true,"href":"https:\/\/lacolmena.link\/cinenjambre\/wp-json\/wp\/v2\/users\/2"}],"replies":[{"embeddable":true,"href":"https:\/\/lacolmena.link\/cinenjambre\/wp-json\/wp\/v2\/comments?post=1142"}],"version-history":[{"count":7,"href":"https:\/\/lacolmena.link\/cinenjambre\/wp-json\/wp\/v2\/posts\/1142\/revisions"}],"predecessor-version":[{"id":1168,"href":"https:\/\/lacolmena.link\/cinenjambre\/wp-json\/wp\/v2\/posts\/1142\/revisions\/1168"}],"wp:featuredmedia":[{"embeddable":true,"href":"https:\/\/lacolmena.link\/cinenjambre\/wp-json\/wp\/v2\/media\/1158"}],"wp:attachment":[{"href":"https:\/\/lacolmena.link\/cinenjambre\/wp-json\/wp\/v2\/media?parent=1142"}],"wp:term":[{"taxonomy":"category","embeddable":true,"href":"https:\/\/lacolmena.link\/cinenjambre\/wp-json\/wp\/v2\/categories?post=1142"},{"taxonomy":"post_tag","embeddable":true,"href":"https:\/\/lacolmena.link\/cinenjambre\/wp-json\/wp\/v2\/tags?post=1142"}],"curies":[{"name":"wp","href":"https:\/\/api.w.org\/{rel}","templated":true}]}}