{"id":1549,"date":"2022-01-04T19:44:35","date_gmt":"2022-01-05T00:44:35","guid":{"rendered":"https:\/\/lacolmena.link\/cinenjambre\/?p=1549"},"modified":"2022-01-04T19:44:35","modified_gmt":"2022-01-05T00:44:35","slug":"resena-jurassic-world-campamento-cretacico-temporada-4","status":"publish","type":"post","link":"https:\/\/lacolmena.link\/cinenjambre\/2022\/01\/04\/resena-jurassic-world-campamento-cretacico-temporada-4\/","title":{"rendered":"Rese\u00f1a &#8211; Jurassic World: Campamento Cret\u00e1cico (temporada 4)"},"content":{"rendered":"<p><strong>Titulo original:<\/strong> Jurassic World Camp Cretaceous<br \/>\n<strong>G\u00e9nero:<\/strong> Ciencia ficci\u00f3n, Acci\u00f3n Aventura<br \/>\n<strong>A\u00f1o de estreno:<\/strong> 2021<br \/>\n<strong>Pa\u00eds:<\/strong> Estados Unidos<br \/>\n<strong>Director:<\/strong> Leah Artwick,Michael Mullen y Eric Elrod<br \/>\n<strong>Voces de:<\/strong> Paul-Mik\u00e9l Williams, Sean Giambrone, Kausar Mohammed, Jenna Ortega, Ryan Potter y Raini Rodr\u00edguez<br \/>\n<strong>La encuentras en: <\/strong>Netflix<br \/>\n<strong>Duraci\u00f3n:<\/strong> 25 minutos por episodio, 11 cap\u00edtulos<\/p>\n<p style=\"text-align: justify;\"><span style=\"font-weight: 400;\">Definitivamente no todo lo que llega en diciembre se vuelve la gallina de oro, y <strong>Netflix<\/strong> deber\u00eda saberlo, porque no todas sus series y en especial las animadas, no siempre funcionan, y la respuesta del espectador infantil no los ha dejado muy claro esta vez.<\/span><\/p>\n<p><iframe loading=\"lazy\" title=\"JURASSIC WORLD CAMPAMENTO CRET\u00c1CICO | Temporada 4 Tr\u00e1iler | Netflix\" width=\"640\" height=\"360\" src=\"https:\/\/www.youtube.com\/embed\/Qk0Gbo3KlI0?feature=oembed\" frameborder=\"0\" allow=\"accelerometer; autoplay; clipboard-write; encrypted-media; gyroscope; picture-in-picture; web-share\" referrerpolicy=\"strict-origin-when-cross-origin\" allowfullscreen><\/iframe><\/p>\n<p style=\"text-align: justify;\"><span style=\"font-weight: 400;\">Muchos somos amantes aun a nuestra edad de la era de los dinosaurios y cada que escuchamos que saldr\u00e1 una nueva pel\u00edcula, serie o lo que sea, nuestro coraz\u00f3n de ni\u00f1o se emociona a tal dimensi\u00f3n, que esperas que realmente valga la pena esos minutos u horas que te sentaras a disfrutar de este tema. Pero cuando te dan pan con lo mismo, hasta al peque\u00f1o mas comel\u00f3n, se harta, y esto nos est\u00e1 pasando ya con la serie animada <strong>Jurassic World: Campamento Cret\u00e1cico<\/strong>.<\/span><\/p>\n<p style=\"text-align: justify;\"><span style=\"font-weight: 400;\">Cuando anunciaron que ven\u00eda esta serie animada realmente nos encanto, y la primera temporada dej\u00f3 un sabor de boca, muy bueno y por supuesto esper\u00e1bamos una segunda temporada donde cre\u00edamos que todo se resolver\u00eda y nos dar\u00edan algo nuevo e innovador, ya saben ver otro tipo de dinosaurios y pues a su manera lo hicieron, pero entonces llegamos al fin de temporada de esa segunda y nos la dejan nuevamente abierta, y llega la tercera, y ya sin \u00e1nimos y sin espera de nada, la vimos.<\/span><\/p>\n<p style=\"text-align: justify;\"><span style=\"font-weight: 400;\">Y oh decepci\u00f3n, porque la tercera temporada, ni nos dieron dinosaurios nuevos, y la trama segu\u00eda en lo mismo, y la audiencia ped\u00eda a gritos,\u00a0 que se termine esto aqu\u00ed, pero sab\u00edamos que eso no iba\u00a0 a pasar, claro y m\u00e1s ahora que est\u00e1 m\u00e1s cerca el estreno de la nueva pel\u00edcula de <strong>Jurassic World<\/strong> (que espero no decepcione como su serie), as\u00ed que el pasado diciembre lleg\u00f3 esta nueva cuarta temporada y ya sin tanta gana decid\u00ed echarle un ojo.<\/span><\/p>\n<p><img loading=\"lazy\" decoding=\"async\" class=\"aligncenter wp-image-1553 size-large\" src=\"https:\/\/lacolmena.link\/cinenjambre\/wp-content\/uploads\/sites\/3\/2022\/01\/dino-1024x576.jpg\" alt=\"\" width=\"640\" height=\"360\" srcset=\"https:\/\/lacolmena.link\/cinenjambre\/wp-content\/uploads\/sites\/3\/2022\/01\/dino-1024x576.jpg 1024w, https:\/\/lacolmena.link\/cinenjambre\/wp-content\/uploads\/sites\/3\/2022\/01\/dino-300x169.jpg 300w, https:\/\/lacolmena.link\/cinenjambre\/wp-content\/uploads\/sites\/3\/2022\/01\/dino-768x432.jpg 768w, https:\/\/lacolmena.link\/cinenjambre\/wp-content\/uploads\/sites\/3\/2022\/01\/dino.jpg 1280w\" sizes=\"auto, (max-width: 640px) 100vw, 640px\" \/><\/p>\n<p style=\"text-align: justify;\"><strong>Sinopsis:<\/strong><\/p>\n<p style=\"text-align: justify;\"><span style=\"font-weight: 400;\">Los campistas por fin dejan atr\u00e1s Isla Nublar, pero en el transcurso a Costa Rica una tormenta y una nueva amenaza los obliga a llegar a una orilla de una nueva isla. Un nuevo y extra\u00f1o terreno que est\u00e1 plagado de amenazas y secretos celosamente guardados los har\u00e1 nuevamente correr para intentar nuevamente salir de esa isla y por fin llegar a casa, sanos y salvos.<\/span><\/p>\n<p style=\"text-align: justify;\"><span style=\"font-weight: 400;\">Solo podemos decir que es m\u00e1s de lo mismo. La historia nos trae de vuelta a estos chicos campistas, donde ellos creyendo que ya por fin ve\u00edan la luz al final del t\u00fanel, la sorpresa que se llevan al ver que la isla a donde llegaron no era Costa Rica, los hace replantearse si de verdad alg\u00fan d\u00eda lo lograr\u00e1n. Han pasado m\u00e1s de seis meses, y los chicos han aprendido a sobrevivir y a formar realmente un equipo o eso creen ellos. Pero esta nueva isla, que al parecer se ve tranquila y acogedora, no es m\u00e1s que otra trampa mortal. Porque ahora ya no solo tendr\u00e1n que correr de dinosaurios, sino tambi\u00e9n de animales de la era del hielo como un tigre de sable y de adultos (que m\u00e1s bien parecen ni\u00f1os atormentados) que solo piensan en s\u00ed mismo y en el poder.<\/span><\/p>\n<p style=\"text-align: justify;\"><span style=\"font-weight: 400;\">Es realmente una decepci\u00f3n ver que <strong>Universal<\/strong> intenta hacer un negocio con algo que al parecer ya no est\u00e1 funcionando, y ahora dudamos que si de verdad valdr\u00e1 la pena su nueva pel\u00edcula, porque si est\u00e1 ligada con lo que estamos viendo en la serie, una disculpa, pero sera una porquer\u00eda.<\/span><\/p>\n<p style=\"text-align: justify;\"><span style=\"font-weight: 400;\">Han perdido el rumbo, aunque sus personajes los han intentado mantener y darles un poco m\u00e1s de madurez, ver nuevamente lo mismo pero ahora en otra isla, perd\u00f3n, pero no gracias. Donde la narrativa es tan repetitiva, las problem\u00e1ticas son tan similares, y los nuevos villanos, que la verdad no s\u00e9 de d\u00f3nde los sacan, porque son mal\u00edsimos, sin justificaci\u00f3n, mal adaptados, violentos, sin gracia, es como ver a un bullying de la secundaria pero en adulto, realmente algo fatal.<\/span><\/p>\n<p style=\"text-align: justify;\"><span style=\"font-weight: 400;\">Y los nuevos dinosaurios gen\u00e9ticamente totalmente diferente a lo que ya vimos, pues realmente ya no sorprenden, ya no logran que te encari\u00f1es con otros personajes, con otros dinosaurios. El verlos correr de un lado a otro sin sentido a los personajes pues hace que la serie cap\u00edtulo tras cap\u00edtulo se vuelva un tormento.<\/span><\/p>\n<p><img loading=\"lazy\" decoding=\"async\" class=\"aligncenter wp-image-1554 size-large\" src=\"https:\/\/lacolmena.link\/cinenjambre\/wp-content\/uploads\/sites\/3\/2022\/01\/dino2-1024x576.jpg\" alt=\"\" width=\"640\" height=\"360\" srcset=\"https:\/\/lacolmena.link\/cinenjambre\/wp-content\/uploads\/sites\/3\/2022\/01\/dino2-1024x576.jpg 1024w, https:\/\/lacolmena.link\/cinenjambre\/wp-content\/uploads\/sites\/3\/2022\/01\/dino2-300x169.jpg 300w, https:\/\/lacolmena.link\/cinenjambre\/wp-content\/uploads\/sites\/3\/2022\/01\/dino2-768x432.jpg 768w, https:\/\/lacolmena.link\/cinenjambre\/wp-content\/uploads\/sites\/3\/2022\/01\/dino2.jpg 1280w\" sizes=\"auto, (max-width: 640px) 100vw, 640px\" \/><\/p>\n<p style=\"text-align: justify;\"><span style=\"font-weight: 400;\">Y como he dicho intentaron darles un poco m\u00e1s de madurez a los personajes, porque empezamos a ver esas secuelas del trauma que han vivido y que siguen viviendo, y aunque tal vez sea eso su punto m\u00e1s fuerte, no logra sobresalir y mucho menos logra ser emp\u00e1ticos con ellos, realmente hasta terminas odi\u00e1ndolos por las decisiones que terminan tomando. Y meter un romance juvenil, es que esto parece ya una novela.<\/span><\/p>\n<p style=\"text-align: justify;\"><span style=\"font-weight: 400;\">Mucha de la audiencia infantil, ni siquiera termin\u00f3 de ver la serie, y cr\u00e9anme es muy dif\u00edcil que ellos lleguen a esa conclusi\u00f3n, pero si a ellos les fastidio imag\u00ednense a un adulto. Realmente estamos viendo que pap\u00e1 <strong>Netflix<\/strong> est\u00e1 agarrando todo con tal de no perder su reinado, sin fijarse que muchas de sus pel\u00edculas o series ya pasaron de moda. Y solo me hicieron perder tiempo valioso de mi vida.<\/span><\/p>\n<p style=\"text-align: justify;\"><span style=\"font-weight: 400;\">Punto malo, bueno m\u00e1s malo de todo lo que ya dijimos, es que s\u00ed, habr\u00e1 una quinta temporada &#8211;<em>que Spilberg nos ayude y nos ampare<\/em>-, y si me preguntan a mi si pienso verla, mi respuesta es un NO, aunque intento no perder la fe, en que la nueva producci\u00f3n ser\u00e1 buena y espectacular (crucemos los dedos)<\/span><\/p>\n<p style=\"text-align: justify;\"><span style=\"font-weight: 400;\">As\u00ed que no pierdan su tiempo, hay mejores series animadas, m\u00e1s productivas, divertidas y grandiosas. As\u00ed que mi conclusi\u00f3n es: Peligro, peligro, v\u00e9ala bajo su propio riesgo&#8230;<\/span><\/p>\n<p style=\"text-align: justify;\"><span style=\"font-weight: 400;\">\u00a0<strong>Nota:<\/strong> Ahora entendemos porqu\u00e9 se extinguieron&#8230;<\/span><\/p>\n<p><strong>Calificaci\u00f3n:<\/strong><br \/>\n<img loading=\"lazy\" decoding=\"async\" class=\"alignnone size-full wp-image-494\" src=\"https:\/\/lacolmena.link\/cinenjambre\/wp-content\/uploads\/sites\/3\/2021\/03\/full.png\" alt=\"\" width=\"64\" height=\"64\" \/><img loading=\"lazy\" decoding=\"async\" class=\"alignnone size-full wp-image-697\" src=\"https:\/\/lacolmena.link\/cinenjambre\/wp-content\/uploads\/sites\/3\/2021\/04\/empty.png\" alt=\"\" width=\"64\" height=\"64\" \/><img loading=\"lazy\" decoding=\"async\" class=\"alignnone size-full wp-image-697\" src=\"https:\/\/lacolmena.link\/cinenjambre\/wp-content\/uploads\/sites\/3\/2021\/04\/empty.png\" alt=\"\" width=\"64\" height=\"64\" \/><img loading=\"lazy\" decoding=\"async\" class=\"alignnone size-full wp-image-697\" src=\"https:\/\/lacolmena.link\/cinenjambre\/wp-content\/uploads\/sites\/3\/2021\/04\/empty.png\" alt=\"\" width=\"64\" height=\"64\" \/><img loading=\"lazy\" decoding=\"async\" class=\"alignnone size-full wp-image-697\" src=\"https:\/\/lacolmena.link\/cinenjambre\/wp-content\/uploads\/sites\/3\/2021\/04\/empty.png\" alt=\"\" width=\"64\" height=\"64\" \/><\/p>\n","protected":false},"excerpt":{"rendered":"<p>Titulo original: Jurassic World Camp Cretaceous G\u00e9nero: Ciencia ficci\u00f3n, Acci\u00f3n Aventura A\u00f1o de estreno: 2021 Pa\u00eds: Estados Unidos Director: Leah Artwick,Michael Mullen y Eric Elrod Voces de: Paul-Mik\u00e9l Williams, Sean Giambrone, Kausar Mohammed, Jenna Ortega, Ryan Potter y Raini Rodr\u00edguez La encuentras en: Netflix Duraci\u00f3n: 25 minutos por episodio, 11 cap\u00edtulos Definitivamente no todo lo [&hellip;]<\/p>\n","protected":false},"author":11,"featured_media":1552,"comment_status":"open","ping_status":"open","sticky":false,"template":"","format":"standard","meta":{"footnotes":""},"categories":[9],"tags":[556,917,918,555,550,551,34,553,557,554,919],"class_list":["post-1549","post","type-post","status-publish","format-standard","has-post-thumbnail","hentry","category-resenas","tag-jenna-ortega","tag-jurassic-world-camp-cretaceous","tag-jurassic-world-campamento-cretacico","tag-kausar-mohammed","tag-leah-artwick","tag-michael-mullen-y-eric-elrod","tag-netflix","tag-paul-mikel-williams","tag-ryan-potter-y-raini-rodriguez","tag-sean-giambrone","tag-universal"],"yoast_head":"<!-- This site is optimized with the Yoast SEO plugin v27.5 - https:\/\/yoast.com\/product\/yoast-seo-wordpress\/ -->\n<title>Rese\u00f1a - Jurassic World: Campamento Cret\u00e1cico (temporada 4) - CINENJAMBRE \ud83c\udf7f<\/title>\n<meta name=\"robots\" content=\"index, follow, max-snippet:-1, max-image-preview:large, max-video-preview:-1\" \/>\n<link rel=\"canonical\" href=\"https:\/\/lacolmena.link\/cinenjambre\/2022\/01\/04\/resena-jurassic-world-campamento-cretacico-temporada-4\/\" \/>\n<meta property=\"og:locale\" content=\"es_ES\" \/>\n<meta property=\"og:type\" content=\"article\" \/>\n<meta property=\"og:title\" content=\"Rese\u00f1a - Jurassic World: Campamento Cret\u00e1cico (temporada 4) - CINENJAMBRE \ud83c\udf7f\" \/>\n<meta property=\"og:description\" content=\"Titulo original: Jurassic World Camp Cretaceous G\u00e9nero: Ciencia ficci\u00f3n, Acci\u00f3n Aventura A\u00f1o de estreno: 2021 Pa\u00eds: Estados Unidos Director: Leah Artwick,Michael Mullen y Eric Elrod Voces de: Paul-Mik\u00e9l Williams, Sean Giambrone, Kausar Mohammed, Jenna Ortega, Ryan Potter y Raini Rodr\u00edguez La encuentras en: Netflix Duraci\u00f3n: 25 minutos por episodio, 11 cap\u00edtulos Definitivamente no todo lo [&hellip;]\" \/>\n<meta property=\"og:url\" content=\"https:\/\/lacolmena.link\/cinenjambre\/2022\/01\/04\/resena-jurassic-world-campamento-cretacico-temporada-4\/\" \/>\n<meta property=\"og:site_name\" content=\"CINENJAMBRE \ud83c\udf7f\" \/>\n<meta property=\"article:published_time\" content=\"2022-01-05T00:44:35+00:00\" \/>\n<meta property=\"og:image\" content=\"https:\/\/lacolmena.link\/cinenjambre\/wp-content\/uploads\/sites\/3\/2022\/01\/portadadino.jpg\" \/>\n\t<meta property=\"og:image:width\" content=\"1280\" \/>\n\t<meta property=\"og:image:height\" content=\"720\" \/>\n\t<meta property=\"og:image:type\" content=\"image\/jpeg\" \/>\n<meta name=\"author\" content=\"Victoria Galindo\" \/>\n<meta name=\"twitter:card\" content=\"summary_large_image\" \/>\n<meta name=\"twitter:label1\" content=\"Escrito por\" \/>\n\t<meta name=\"twitter:data1\" content=\"Victoria Galindo\" \/>\n\t<meta name=\"twitter:label2\" content=\"Tiempo de lectura\" \/>\n\t<meta name=\"twitter:data2\" content=\"5 minutos\" \/>\n<script type=\"application\/ld+json\" class=\"yoast-schema-graph\">{\"@context\":\"https:\\\/\\\/schema.org\",\"@graph\":[{\"@type\":\"Article\",\"@id\":\"https:\\\/\\\/lacolmena.link\\\/cinenjambre\\\/2022\\\/01\\\/04\\\/resena-jurassic-world-campamento-cretacico-temporada-4\\\/#article\",\"isPartOf\":{\"@id\":\"https:\\\/\\\/lacolmena.link\\\/cinenjambre\\\/2022\\\/01\\\/04\\\/resena-jurassic-world-campamento-cretacico-temporada-4\\\/\"},\"author\":{\"name\":\"Victoria Galindo\",\"@id\":\"https:\\\/\\\/lacolmena.link\\\/cinenjambre\\\/#\\\/schema\\\/person\\\/4ed400a5133f48fc75c6429a6e3fb4c8\"},\"headline\":\"Rese\u00f1a &#8211; Jurassic World: Campamento Cret\u00e1cico (temporada 4)\",\"datePublished\":\"2022-01-05T00:44:35+00:00\",\"mainEntityOfPage\":{\"@id\":\"https:\\\/\\\/lacolmena.link\\\/cinenjambre\\\/2022\\\/01\\\/04\\\/resena-jurassic-world-campamento-cretacico-temporada-4\\\/\"},\"wordCount\":1066,\"commentCount\":0,\"publisher\":{\"@id\":\"https:\\\/\\\/lacolmena.link\\\/cinenjambre\\\/#organization\"},\"image\":{\"@id\":\"https:\\\/\\\/lacolmena.link\\\/cinenjambre\\\/2022\\\/01\\\/04\\\/resena-jurassic-world-campamento-cretacico-temporada-4\\\/#primaryimage\"},\"thumbnailUrl\":\"https:\\\/\\\/lacolmena.link\\\/cinenjambre\\\/wp-content\\\/uploads\\\/sites\\\/3\\\/2022\\\/01\\\/portadadino.jpg\",\"keywords\":[\"Jenna Ortega\",\"Jurassic World Camp Cretaceous\",\"Jurassic World: Campamento Cret\u00e1cico\",\"Kausar Mohammed\",\"Leah Artwick\",\"Michael Mullen y Eric Elrod\",\"Netflix\",\"Paul-Mik\u00e9l Williams\",\"Ryan Potter y Raini Rodr\u00edguez\",\"Sean Giambrone\",\"Universal\"],\"articleSection\":[\"Rese\u00f1as\"],\"inLanguage\":\"es\",\"potentialAction\":[{\"@type\":\"CommentAction\",\"name\":\"Comment\",\"target\":[\"https:\\\/\\\/lacolmena.link\\\/cinenjambre\\\/2022\\\/01\\\/04\\\/resena-jurassic-world-campamento-cretacico-temporada-4\\\/#respond\"]}]},{\"@type\":\"WebPage\",\"@id\":\"https:\\\/\\\/lacolmena.link\\\/cinenjambre\\\/2022\\\/01\\\/04\\\/resena-jurassic-world-campamento-cretacico-temporada-4\\\/\",\"url\":\"https:\\\/\\\/lacolmena.link\\\/cinenjambre\\\/2022\\\/01\\\/04\\\/resena-jurassic-world-campamento-cretacico-temporada-4\\\/\",\"name\":\"Rese\u00f1a - Jurassic World: Campamento Cret\u00e1cico (temporada 4) - CINENJAMBRE \ud83c\udf7f\",\"isPartOf\":{\"@id\":\"https:\\\/\\\/lacolmena.link\\\/cinenjambre\\\/#website\"},\"primaryImageOfPage\":{\"@id\":\"https:\\\/\\\/lacolmena.link\\\/cinenjambre\\\/2022\\\/01\\\/04\\\/resena-jurassic-world-campamento-cretacico-temporada-4\\\/#primaryimage\"},\"image\":{\"@id\":\"https:\\\/\\\/lacolmena.link\\\/cinenjambre\\\/2022\\\/01\\\/04\\\/resena-jurassic-world-campamento-cretacico-temporada-4\\\/#primaryimage\"},\"thumbnailUrl\":\"https:\\\/\\\/lacolmena.link\\\/cinenjambre\\\/wp-content\\\/uploads\\\/sites\\\/3\\\/2022\\\/01\\\/portadadino.jpg\",\"datePublished\":\"2022-01-05T00:44:35+00:00\",\"breadcrumb\":{\"@id\":\"https:\\\/\\\/lacolmena.link\\\/cinenjambre\\\/2022\\\/01\\\/04\\\/resena-jurassic-world-campamento-cretacico-temporada-4\\\/#breadcrumb\"},\"inLanguage\":\"es\",\"potentialAction\":[{\"@type\":\"ReadAction\",\"target\":[\"https:\\\/\\\/lacolmena.link\\\/cinenjambre\\\/2022\\\/01\\\/04\\\/resena-jurassic-world-campamento-cretacico-temporada-4\\\/\"]}]},{\"@type\":\"ImageObject\",\"inLanguage\":\"es\",\"@id\":\"https:\\\/\\\/lacolmena.link\\\/cinenjambre\\\/2022\\\/01\\\/04\\\/resena-jurassic-world-campamento-cretacico-temporada-4\\\/#primaryimage\",\"url\":\"https:\\\/\\\/lacolmena.link\\\/cinenjambre\\\/wp-content\\\/uploads\\\/sites\\\/3\\\/2022\\\/01\\\/portadadino.jpg\",\"contentUrl\":\"https:\\\/\\\/lacolmena.link\\\/cinenjambre\\\/wp-content\\\/uploads\\\/sites\\\/3\\\/2022\\\/01\\\/portadadino.jpg\",\"width\":1280,\"height\":720},{\"@type\":\"BreadcrumbList\",\"@id\":\"https:\\\/\\\/lacolmena.link\\\/cinenjambre\\\/2022\\\/01\\\/04\\\/resena-jurassic-world-campamento-cretacico-temporada-4\\\/#breadcrumb\",\"itemListElement\":[{\"@type\":\"ListItem\",\"position\":1,\"name\":\"Portada\",\"item\":\"https:\\\/\\\/lacolmena.link\\\/cinenjambre\\\/\"},{\"@type\":\"ListItem\",\"position\":2,\"name\":\"Rese\u00f1a &#8211; Jurassic World: Campamento Cret\u00e1cico (temporada 4)\"}]},{\"@type\":\"WebSite\",\"@id\":\"https:\\\/\\\/lacolmena.link\\\/cinenjambre\\\/#website\",\"url\":\"https:\\\/\\\/lacolmena.link\\\/cinenjambre\\\/\",\"name\":\"CINENJAMBRE \ud83c\udf7f\",\"description\":\"Noticias, rese\u00f1as, lanzamientos y m\u00e1s\",\"publisher\":{\"@id\":\"https:\\\/\\\/lacolmena.link\\\/cinenjambre\\\/#organization\"},\"potentialAction\":[{\"@type\":\"SearchAction\",\"target\":{\"@type\":\"EntryPoint\",\"urlTemplate\":\"https:\\\/\\\/lacolmena.link\\\/cinenjambre\\\/?s={search_term_string}\"},\"query-input\":{\"@type\":\"PropertyValueSpecification\",\"valueRequired\":true,\"valueName\":\"search_term_string\"}}],\"inLanguage\":\"es\"},{\"@type\":\"Organization\",\"@id\":\"https:\\\/\\\/lacolmena.link\\\/cinenjambre\\\/#organization\",\"name\":\"CINENJAMBRE \ud83c\udf7f\",\"url\":\"https:\\\/\\\/lacolmena.link\\\/cinenjambre\\\/\",\"logo\":{\"@type\":\"ImageObject\",\"inLanguage\":\"es\",\"@id\":\"https:\\\/\\\/lacolmena.link\\\/cinenjambre\\\/#\\\/schema\\\/logo\\\/image\\\/\",\"url\":\"https:\\\/\\\/lacolmena.link\\\/cinenjambre\\\/wp-content\\\/uploads\\\/sites\\\/3\\\/2021\\\/01\\\/cropped-cinenjambre-1.png\",\"contentUrl\":\"https:\\\/\\\/lacolmena.link\\\/cinenjambre\\\/wp-content\\\/uploads\\\/sites\\\/3\\\/2021\\\/01\\\/cropped-cinenjambre-1.png\",\"width\":512,\"height\":512,\"caption\":\"CINENJAMBRE \ud83c\udf7f\"},\"image\":{\"@id\":\"https:\\\/\\\/lacolmena.link\\\/cinenjambre\\\/#\\\/schema\\\/logo\\\/image\\\/\"}},{\"@type\":\"Person\",\"@id\":\"https:\\\/\\\/lacolmena.link\\\/cinenjambre\\\/#\\\/schema\\\/person\\\/4ed400a5133f48fc75c6429a6e3fb4c8\",\"name\":\"Victoria Galindo\",\"image\":{\"@type\":\"ImageObject\",\"inLanguage\":\"es\",\"@id\":\"https:\\\/\\\/secure.gravatar.com\\\/avatar\\\/0e0d579cbf7483c21b21f93bb5e9924e406a7fefb9703667510e4eb8b2c96a5b?s=96&d=mm&r=g\",\"url\":\"https:\\\/\\\/secure.gravatar.com\\\/avatar\\\/0e0d579cbf7483c21b21f93bb5e9924e406a7fefb9703667510e4eb8b2c96a5b?s=96&d=mm&r=g\",\"contentUrl\":\"https:\\\/\\\/secure.gravatar.com\\\/avatar\\\/0e0d579cbf7483c21b21f93bb5e9924e406a7fefb9703667510e4eb8b2c96a5b?s=96&d=mm&r=g\",\"caption\":\"Victoria Galindo\"},\"url\":\"https:\\\/\\\/lacolmena.link\\\/cinenjambre\\\/author\\\/vicky\\\/\"}]}<\/script>\n<!-- \/ Yoast SEO plugin. -->","yoast_head_json":{"title":"Rese\u00f1a - Jurassic World: Campamento Cret\u00e1cico (temporada 4) - CINENJAMBRE \ud83c\udf7f","robots":{"index":"index","follow":"follow","max-snippet":"max-snippet:-1","max-image-preview":"max-image-preview:large","max-video-preview":"max-video-preview:-1"},"canonical":"https:\/\/lacolmena.link\/cinenjambre\/2022\/01\/04\/resena-jurassic-world-campamento-cretacico-temporada-4\/","og_locale":"es_ES","og_type":"article","og_title":"Rese\u00f1a - Jurassic World: Campamento Cret\u00e1cico (temporada 4) - CINENJAMBRE \ud83c\udf7f","og_description":"Titulo original: Jurassic World Camp Cretaceous G\u00e9nero: Ciencia ficci\u00f3n, Acci\u00f3n Aventura A\u00f1o de estreno: 2021 Pa\u00eds: Estados Unidos Director: Leah Artwick,Michael Mullen y Eric Elrod Voces de: Paul-Mik\u00e9l Williams, Sean Giambrone, Kausar Mohammed, Jenna Ortega, Ryan Potter y Raini Rodr\u00edguez La encuentras en: Netflix Duraci\u00f3n: 25 minutos por episodio, 11 cap\u00edtulos Definitivamente no todo lo [&hellip;]","og_url":"https:\/\/lacolmena.link\/cinenjambre\/2022\/01\/04\/resena-jurassic-world-campamento-cretacico-temporada-4\/","og_site_name":"CINENJAMBRE \ud83c\udf7f","article_published_time":"2022-01-05T00:44:35+00:00","og_image":[{"width":1280,"height":720,"url":"https:\/\/lacolmena.link\/cinenjambre\/wp-content\/uploads\/sites\/3\/2022\/01\/portadadino.jpg","type":"image\/jpeg"}],"author":"Victoria Galindo","twitter_card":"summary_large_image","twitter_misc":{"Escrito por":"Victoria Galindo","Tiempo de lectura":"5 minutos"},"schema":{"@context":"https:\/\/schema.org","@graph":[{"@type":"Article","@id":"https:\/\/lacolmena.link\/cinenjambre\/2022\/01\/04\/resena-jurassic-world-campamento-cretacico-temporada-4\/#article","isPartOf":{"@id":"https:\/\/lacolmena.link\/cinenjambre\/2022\/01\/04\/resena-jurassic-world-campamento-cretacico-temporada-4\/"},"author":{"name":"Victoria Galindo","@id":"https:\/\/lacolmena.link\/cinenjambre\/#\/schema\/person\/4ed400a5133f48fc75c6429a6e3fb4c8"},"headline":"Rese\u00f1a &#8211; Jurassic World: Campamento Cret\u00e1cico (temporada 4)","datePublished":"2022-01-05T00:44:35+00:00","mainEntityOfPage":{"@id":"https:\/\/lacolmena.link\/cinenjambre\/2022\/01\/04\/resena-jurassic-world-campamento-cretacico-temporada-4\/"},"wordCount":1066,"commentCount":0,"publisher":{"@id":"https:\/\/lacolmena.link\/cinenjambre\/#organization"},"image":{"@id":"https:\/\/lacolmena.link\/cinenjambre\/2022\/01\/04\/resena-jurassic-world-campamento-cretacico-temporada-4\/#primaryimage"},"thumbnailUrl":"https:\/\/lacolmena.link\/cinenjambre\/wp-content\/uploads\/sites\/3\/2022\/01\/portadadino.jpg","keywords":["Jenna Ortega","Jurassic World Camp Cretaceous","Jurassic World: Campamento Cret\u00e1cico","Kausar Mohammed","Leah Artwick","Michael Mullen y Eric Elrod","Netflix","Paul-Mik\u00e9l Williams","Ryan Potter y Raini Rodr\u00edguez","Sean Giambrone","Universal"],"articleSection":["Rese\u00f1as"],"inLanguage":"es","potentialAction":[{"@type":"CommentAction","name":"Comment","target":["https:\/\/lacolmena.link\/cinenjambre\/2022\/01\/04\/resena-jurassic-world-campamento-cretacico-temporada-4\/#respond"]}]},{"@type":"WebPage","@id":"https:\/\/lacolmena.link\/cinenjambre\/2022\/01\/04\/resena-jurassic-world-campamento-cretacico-temporada-4\/","url":"https:\/\/lacolmena.link\/cinenjambre\/2022\/01\/04\/resena-jurassic-world-campamento-cretacico-temporada-4\/","name":"Rese\u00f1a - Jurassic World: Campamento Cret\u00e1cico (temporada 4) - CINENJAMBRE \ud83c\udf7f","isPartOf":{"@id":"https:\/\/lacolmena.link\/cinenjambre\/#website"},"primaryImageOfPage":{"@id":"https:\/\/lacolmena.link\/cinenjambre\/2022\/01\/04\/resena-jurassic-world-campamento-cretacico-temporada-4\/#primaryimage"},"image":{"@id":"https:\/\/lacolmena.link\/cinenjambre\/2022\/01\/04\/resena-jurassic-world-campamento-cretacico-temporada-4\/#primaryimage"},"thumbnailUrl":"https:\/\/lacolmena.link\/cinenjambre\/wp-content\/uploads\/sites\/3\/2022\/01\/portadadino.jpg","datePublished":"2022-01-05T00:44:35+00:00","breadcrumb":{"@id":"https:\/\/lacolmena.link\/cinenjambre\/2022\/01\/04\/resena-jurassic-world-campamento-cretacico-temporada-4\/#breadcrumb"},"inLanguage":"es","potentialAction":[{"@type":"ReadAction","target":["https:\/\/lacolmena.link\/cinenjambre\/2022\/01\/04\/resena-jurassic-world-campamento-cretacico-temporada-4\/"]}]},{"@type":"ImageObject","inLanguage":"es","@id":"https:\/\/lacolmena.link\/cinenjambre\/2022\/01\/04\/resena-jurassic-world-campamento-cretacico-temporada-4\/#primaryimage","url":"https:\/\/lacolmena.link\/cinenjambre\/wp-content\/uploads\/sites\/3\/2022\/01\/portadadino.jpg","contentUrl":"https:\/\/lacolmena.link\/cinenjambre\/wp-content\/uploads\/sites\/3\/2022\/01\/portadadino.jpg","width":1280,"height":720},{"@type":"BreadcrumbList","@id":"https:\/\/lacolmena.link\/cinenjambre\/2022\/01\/04\/resena-jurassic-world-campamento-cretacico-temporada-4\/#breadcrumb","itemListElement":[{"@type":"ListItem","position":1,"name":"Portada","item":"https:\/\/lacolmena.link\/cinenjambre\/"},{"@type":"ListItem","position":2,"name":"Rese\u00f1a &#8211; Jurassic World: Campamento Cret\u00e1cico (temporada 4)"}]},{"@type":"WebSite","@id":"https:\/\/lacolmena.link\/cinenjambre\/#website","url":"https:\/\/lacolmena.link\/cinenjambre\/","name":"CINENJAMBRE \ud83c\udf7f","description":"Noticias, rese\u00f1as, lanzamientos y m\u00e1s","publisher":{"@id":"https:\/\/lacolmena.link\/cinenjambre\/#organization"},"potentialAction":[{"@type":"SearchAction","target":{"@type":"EntryPoint","urlTemplate":"https:\/\/lacolmena.link\/cinenjambre\/?s={search_term_string}"},"query-input":{"@type":"PropertyValueSpecification","valueRequired":true,"valueName":"search_term_string"}}],"inLanguage":"es"},{"@type":"Organization","@id":"https:\/\/lacolmena.link\/cinenjambre\/#organization","name":"CINENJAMBRE \ud83c\udf7f","url":"https:\/\/lacolmena.link\/cinenjambre\/","logo":{"@type":"ImageObject","inLanguage":"es","@id":"https:\/\/lacolmena.link\/cinenjambre\/#\/schema\/logo\/image\/","url":"https:\/\/lacolmena.link\/cinenjambre\/wp-content\/uploads\/sites\/3\/2021\/01\/cropped-cinenjambre-1.png","contentUrl":"https:\/\/lacolmena.link\/cinenjambre\/wp-content\/uploads\/sites\/3\/2021\/01\/cropped-cinenjambre-1.png","width":512,"height":512,"caption":"CINENJAMBRE \ud83c\udf7f"},"image":{"@id":"https:\/\/lacolmena.link\/cinenjambre\/#\/schema\/logo\/image\/"}},{"@type":"Person","@id":"https:\/\/lacolmena.link\/cinenjambre\/#\/schema\/person\/4ed400a5133f48fc75c6429a6e3fb4c8","name":"Victoria Galindo","image":{"@type":"ImageObject","inLanguage":"es","@id":"https:\/\/secure.gravatar.com\/avatar\/0e0d579cbf7483c21b21f93bb5e9924e406a7fefb9703667510e4eb8b2c96a5b?s=96&d=mm&r=g","url":"https:\/\/secure.gravatar.com\/avatar\/0e0d579cbf7483c21b21f93bb5e9924e406a7fefb9703667510e4eb8b2c96a5b?s=96&d=mm&r=g","contentUrl":"https:\/\/secure.gravatar.com\/avatar\/0e0d579cbf7483c21b21f93bb5e9924e406a7fefb9703667510e4eb8b2c96a5b?s=96&d=mm&r=g","caption":"Victoria Galindo"},"url":"https:\/\/lacolmena.link\/cinenjambre\/author\/vicky\/"}]}},"_links":{"self":[{"href":"https:\/\/lacolmena.link\/cinenjambre\/wp-json\/wp\/v2\/posts\/1549","targetHints":{"allow":["GET"]}}],"collection":[{"href":"https:\/\/lacolmena.link\/cinenjambre\/wp-json\/wp\/v2\/posts"}],"about":[{"href":"https:\/\/lacolmena.link\/cinenjambre\/wp-json\/wp\/v2\/types\/post"}],"author":[{"embeddable":true,"href":"https:\/\/lacolmena.link\/cinenjambre\/wp-json\/wp\/v2\/users\/11"}],"replies":[{"embeddable":true,"href":"https:\/\/lacolmena.link\/cinenjambre\/wp-json\/wp\/v2\/comments?post=1549"}],"version-history":[{"count":6,"href":"https:\/\/lacolmena.link\/cinenjambre\/wp-json\/wp\/v2\/posts\/1549\/revisions"}],"predecessor-version":[{"id":1558,"href":"https:\/\/lacolmena.link\/cinenjambre\/wp-json\/wp\/v2\/posts\/1549\/revisions\/1558"}],"wp:featuredmedia":[{"embeddable":true,"href":"https:\/\/lacolmena.link\/cinenjambre\/wp-json\/wp\/v2\/media\/1552"}],"wp:attachment":[{"href":"https:\/\/lacolmena.link\/cinenjambre\/wp-json\/wp\/v2\/media?parent=1549"}],"wp:term":[{"taxonomy":"category","embeddable":true,"href":"https:\/\/lacolmena.link\/cinenjambre\/wp-json\/wp\/v2\/categories?post=1549"},{"taxonomy":"post_tag","embeddable":true,"href":"https:\/\/lacolmena.link\/cinenjambre\/wp-json\/wp\/v2\/tags?post=1549"}],"curies":[{"name":"wp","href":"https:\/\/api.w.org\/{rel}","templated":true}]}}