{"id":1640,"date":"2022-02-15T18:53:57","date_gmt":"2022-02-15T23:53:57","guid":{"rendered":"https:\/\/lacolmena.link\/cinenjambre\/?p=1640"},"modified":"2022-02-15T18:53:57","modified_gmt":"2022-02-15T23:53:57","slug":"paramount-confirma-cuarta-pelicula-de-star-trek","status":"publish","type":"post","link":"https:\/\/lacolmena.link\/cinenjambre\/2022\/02\/15\/paramount-confirma-cuarta-pelicula-de-star-trek\/","title":{"rendered":"Paramount confirma cuarta pel\u00edcula de Star Trek"},"content":{"rendered":"<p style=\"text-align: justify\">Hace un par de a\u00f1os se estaba especulando acerca de una cuarta pel\u00edcula basada en <em>Star Trek<\/em> de la conocida ahora l\u00ednea de tiempo <strong>Kelvin<\/strong>, en realidad muchos nos encontr\u00e1bamos esperando que se diera la nota pero solo simples especulaciones seguido de la posibilidad de ver a <strong>Quentin Tarantino<\/strong> tomar el asiento del director, pero en este d\u00eda a trav\u00e9s de la <strong>Presentaci\u00f3n del D\u00eda de Inversores de Paramount<\/strong> se ha confirmado por fin una nueva pel\u00edcula de ese <strong>Universo Cinem\u00e1tico<\/strong>.<\/p>\n<p style=\"text-align: justify\">Est\u00e1 pel\u00edcula tendr\u00e1 de vuelta a <strong>J.J. Abrahams<\/strong> pero no como director, \u00e9l tendr\u00e1 el trabajo de productor y la direcci\u00f3n quedar\u00e1 en manos de <strong>Matt Shakman<\/strong> (<em>WandaVision<\/em>), en tanto el guion ser\u00e1 desarrollado por <strong>Josh Friedman<\/strong> (<em>Avatar 2<\/em>) y <strong>Cameron Squires<\/strong> (<em>WandaVision<\/em>) retomando un borrador previamente escrito por <strong>Lindsey Beer<\/strong> (<em>Sierra Burgues is a Loser<\/em>) en colaboraci\u00f3n con <strong>Geneva Roberston<\/strong> (<em>Capit\u00e1n Marvel<\/em>).<\/p>\n<p style=\"text-align: justify\"><strong>Abrahams<\/strong> confirma que estar\u00e1 de vuelta el elenco ya conocido en las anteriores pel\u00edculas como <strong>Chris Pine<\/strong>, <strong>Zachary Quinto<\/strong>, <strong>Zoe Saldana<\/strong>, <strong>Karl Urban<\/strong>, <strong>John Cho<\/strong> y <strong>Simon Pegg<\/strong>, adem\u00e1s de mostrar a nuevos personajes en pantalla.<\/p>\n<p style=\"text-align: justify\">Muchos recordar\u00e1n la m\u00e1s reciente saga de pel\u00edculas basada en el <strong>Universo<\/strong> <em>Star Trek<\/em> corresponde oficialmente a la l\u00ednea de tiempo <strong>Kelvin<\/strong>, derivado de los hechos acontecidos en la pel\u00edcula del <strong>2009<\/strong>, esta y su posterior secuela fueron dirigidas por <strong>J.J. Abrahams<\/strong> para posteriormente llegar a una tercera que quedo a cargo de <strong>Justin Lin<\/strong>. Pero por el momento quedamos en espera de nueva informaci\u00f3n para compartirles en relaci\u00f3n a este proyecto que adem\u00e1s habemos muchos seguidores de esta sega que en mi opini\u00f3n qued\u00f3 inconclusa.<\/p>\n","protected":false},"excerpt":{"rendered":"<p>Hace un par de a\u00f1os se estaba especulando acerca de una cuarta pel\u00edcula basada en Star Trek de la conocida ahora l\u00ednea de tiempo Kelvin, en realidad muchos nos encontr\u00e1bamos esperando que se diera la nota pero solo simples especulaciones seguido de la posibilidad de ver a Quentin Tarantino tomar el asiento del director, pero [&hellip;]<\/p>\n","protected":false},"author":2,"featured_media":1643,"comment_status":"open","ping_status":"open","sticky":false,"template":"","format":"standard","meta":{"footnotes":""},"categories":[958],"tags":[972,973,38],"class_list":["post-1640","post","type-post","status-publish","format-standard","has-post-thumbnail","hentry","category-noticias","tag-j-j-abrahams","tag-matt-shakman","tag-star-trek"],"yoast_head":"<!-- This site is optimized with the Yoast SEO plugin v27.5 - https:\/\/yoast.com\/product\/yoast-seo-wordpress\/ -->\n<title>Paramount confirma cuarta pel\u00edcula de Star Trek - CINENJAMBRE \ud83c\udf7f<\/title>\n<meta name=\"robots\" content=\"index, follow, max-snippet:-1, max-image-preview:large, max-video-preview:-1\" \/>\n<link rel=\"canonical\" href=\"https:\/\/lacolmena.link\/cinenjambre\/2022\/02\/15\/paramount-confirma-cuarta-pelicula-de-star-trek\/\" \/>\n<meta property=\"og:locale\" content=\"es_ES\" \/>\n<meta property=\"og:type\" content=\"article\" \/>\n<meta property=\"og:title\" content=\"Paramount confirma cuarta pel\u00edcula de Star Trek - CINENJAMBRE \ud83c\udf7f\" \/>\n<meta property=\"og:description\" content=\"Hace un par de a\u00f1os se estaba especulando acerca de una cuarta pel\u00edcula basada en Star Trek de la conocida ahora l\u00ednea de tiempo Kelvin, en realidad muchos nos encontr\u00e1bamos esperando que se diera la nota pero solo simples especulaciones seguido de la posibilidad de ver a Quentin Tarantino tomar el asiento del director, pero [&hellip;]\" \/>\n<meta property=\"og:url\" content=\"https:\/\/lacolmena.link\/cinenjambre\/2022\/02\/15\/paramount-confirma-cuarta-pelicula-de-star-trek\/\" \/>\n<meta property=\"og:site_name\" content=\"CINENJAMBRE \ud83c\udf7f\" \/>\n<meta property=\"article:published_time\" content=\"2022-02-15T23:53:57+00:00\" \/>\n<meta property=\"og:image\" content=\"https:\/\/lacolmena.link\/cinenjambre\/wp-content\/uploads\/sites\/3\/2022\/02\/star_trek_k2.jpg\" \/>\n\t<meta property=\"og:image:width\" content=\"1000\" \/>\n\t<meta property=\"og:image:height\" content=\"600\" \/>\n\t<meta property=\"og:image:type\" content=\"image\/jpeg\" \/>\n<meta name=\"author\" content=\"El Marco\" \/>\n<meta name=\"twitter:card\" content=\"summary_large_image\" \/>\n<meta name=\"twitter:label1\" content=\"Escrito por\" \/>\n\t<meta name=\"twitter:data1\" content=\"El Marco\" \/>\n\t<meta name=\"twitter:label2\" content=\"Tiempo de lectura\" \/>\n\t<meta name=\"twitter:data2\" content=\"1 minuto\" \/>\n<script type=\"application\/ld+json\" class=\"yoast-schema-graph\">{\"@context\":\"https:\\\/\\\/schema.org\",\"@graph\":[{\"@type\":\"Article\",\"@id\":\"https:\\\/\\\/lacolmena.link\\\/cinenjambre\\\/2022\\\/02\\\/15\\\/paramount-confirma-cuarta-pelicula-de-star-trek\\\/#article\",\"isPartOf\":{\"@id\":\"https:\\\/\\\/lacolmena.link\\\/cinenjambre\\\/2022\\\/02\\\/15\\\/paramount-confirma-cuarta-pelicula-de-star-trek\\\/\"},\"author\":{\"name\":\"El Marco\",\"@id\":\"https:\\\/\\\/lacolmena.link\\\/cinenjambre\\\/#\\\/schema\\\/person\\\/c9cf15753a37512b326eb033bd39843c\"},\"headline\":\"Paramount confirma cuarta pel\u00edcula de Star Trek\",\"datePublished\":\"2022-02-15T23:53:57+00:00\",\"mainEntityOfPage\":{\"@id\":\"https:\\\/\\\/lacolmena.link\\\/cinenjambre\\\/2022\\\/02\\\/15\\\/paramount-confirma-cuarta-pelicula-de-star-trek\\\/\"},\"wordCount\":299,\"commentCount\":0,\"publisher\":{\"@id\":\"https:\\\/\\\/lacolmena.link\\\/cinenjambre\\\/#organization\"},\"image\":{\"@id\":\"https:\\\/\\\/lacolmena.link\\\/cinenjambre\\\/2022\\\/02\\\/15\\\/paramount-confirma-cuarta-pelicula-de-star-trek\\\/#primaryimage\"},\"thumbnailUrl\":\"https:\\\/\\\/lacolmena.link\\\/cinenjambre\\\/wp-content\\\/uploads\\\/sites\\\/3\\\/2022\\\/02\\\/star_trek_k2.jpg\",\"keywords\":[\"J.J. Abrahams\",\"Matt Shakman\",\"Star Trek\"],\"articleSection\":[\"Noticias\"],\"inLanguage\":\"es\",\"potentialAction\":[{\"@type\":\"CommentAction\",\"name\":\"Comment\",\"target\":[\"https:\\\/\\\/lacolmena.link\\\/cinenjambre\\\/2022\\\/02\\\/15\\\/paramount-confirma-cuarta-pelicula-de-star-trek\\\/#respond\"]}]},{\"@type\":\"WebPage\",\"@id\":\"https:\\\/\\\/lacolmena.link\\\/cinenjambre\\\/2022\\\/02\\\/15\\\/paramount-confirma-cuarta-pelicula-de-star-trek\\\/\",\"url\":\"https:\\\/\\\/lacolmena.link\\\/cinenjambre\\\/2022\\\/02\\\/15\\\/paramount-confirma-cuarta-pelicula-de-star-trek\\\/\",\"name\":\"Paramount confirma cuarta pel\u00edcula de Star Trek - CINENJAMBRE \ud83c\udf7f\",\"isPartOf\":{\"@id\":\"https:\\\/\\\/lacolmena.link\\\/cinenjambre\\\/#website\"},\"primaryImageOfPage\":{\"@id\":\"https:\\\/\\\/lacolmena.link\\\/cinenjambre\\\/2022\\\/02\\\/15\\\/paramount-confirma-cuarta-pelicula-de-star-trek\\\/#primaryimage\"},\"image\":{\"@id\":\"https:\\\/\\\/lacolmena.link\\\/cinenjambre\\\/2022\\\/02\\\/15\\\/paramount-confirma-cuarta-pelicula-de-star-trek\\\/#primaryimage\"},\"thumbnailUrl\":\"https:\\\/\\\/lacolmena.link\\\/cinenjambre\\\/wp-content\\\/uploads\\\/sites\\\/3\\\/2022\\\/02\\\/star_trek_k2.jpg\",\"datePublished\":\"2022-02-15T23:53:57+00:00\",\"breadcrumb\":{\"@id\":\"https:\\\/\\\/lacolmena.link\\\/cinenjambre\\\/2022\\\/02\\\/15\\\/paramount-confirma-cuarta-pelicula-de-star-trek\\\/#breadcrumb\"},\"inLanguage\":\"es\",\"potentialAction\":[{\"@type\":\"ReadAction\",\"target\":[\"https:\\\/\\\/lacolmena.link\\\/cinenjambre\\\/2022\\\/02\\\/15\\\/paramount-confirma-cuarta-pelicula-de-star-trek\\\/\"]}]},{\"@type\":\"ImageObject\",\"inLanguage\":\"es\",\"@id\":\"https:\\\/\\\/lacolmena.link\\\/cinenjambre\\\/2022\\\/02\\\/15\\\/paramount-confirma-cuarta-pelicula-de-star-trek\\\/#primaryimage\",\"url\":\"https:\\\/\\\/lacolmena.link\\\/cinenjambre\\\/wp-content\\\/uploads\\\/sites\\\/3\\\/2022\\\/02\\\/star_trek_k2.jpg\",\"contentUrl\":\"https:\\\/\\\/lacolmena.link\\\/cinenjambre\\\/wp-content\\\/uploads\\\/sites\\\/3\\\/2022\\\/02\\\/star_trek_k2.jpg\",\"width\":1000,\"height\":600},{\"@type\":\"BreadcrumbList\",\"@id\":\"https:\\\/\\\/lacolmena.link\\\/cinenjambre\\\/2022\\\/02\\\/15\\\/paramount-confirma-cuarta-pelicula-de-star-trek\\\/#breadcrumb\",\"itemListElement\":[{\"@type\":\"ListItem\",\"position\":1,\"name\":\"Portada\",\"item\":\"https:\\\/\\\/lacolmena.link\\\/cinenjambre\\\/\"},{\"@type\":\"ListItem\",\"position\":2,\"name\":\"Paramount confirma cuarta pel\u00edcula de Star Trek\"}]},{\"@type\":\"WebSite\",\"@id\":\"https:\\\/\\\/lacolmena.link\\\/cinenjambre\\\/#website\",\"url\":\"https:\\\/\\\/lacolmena.link\\\/cinenjambre\\\/\",\"name\":\"CINENJAMBRE \ud83c\udf7f\",\"description\":\"Noticias, rese\u00f1as, lanzamientos y m\u00e1s\",\"publisher\":{\"@id\":\"https:\\\/\\\/lacolmena.link\\\/cinenjambre\\\/#organization\"},\"potentialAction\":[{\"@type\":\"SearchAction\",\"target\":{\"@type\":\"EntryPoint\",\"urlTemplate\":\"https:\\\/\\\/lacolmena.link\\\/cinenjambre\\\/?s={search_term_string}\"},\"query-input\":{\"@type\":\"PropertyValueSpecification\",\"valueRequired\":true,\"valueName\":\"search_term_string\"}}],\"inLanguage\":\"es\"},{\"@type\":\"Organization\",\"@id\":\"https:\\\/\\\/lacolmena.link\\\/cinenjambre\\\/#organization\",\"name\":\"CINENJAMBRE \ud83c\udf7f\",\"url\":\"https:\\\/\\\/lacolmena.link\\\/cinenjambre\\\/\",\"logo\":{\"@type\":\"ImageObject\",\"inLanguage\":\"es\",\"@id\":\"https:\\\/\\\/lacolmena.link\\\/cinenjambre\\\/#\\\/schema\\\/logo\\\/image\\\/\",\"url\":\"https:\\\/\\\/lacolmena.link\\\/cinenjambre\\\/wp-content\\\/uploads\\\/sites\\\/3\\\/2021\\\/01\\\/cropped-cinenjambre-1.png\",\"contentUrl\":\"https:\\\/\\\/lacolmena.link\\\/cinenjambre\\\/wp-content\\\/uploads\\\/sites\\\/3\\\/2021\\\/01\\\/cropped-cinenjambre-1.png\",\"width\":512,\"height\":512,\"caption\":\"CINENJAMBRE \ud83c\udf7f\"},\"image\":{\"@id\":\"https:\\\/\\\/lacolmena.link\\\/cinenjambre\\\/#\\\/schema\\\/logo\\\/image\\\/\"}},{\"@type\":\"Person\",\"@id\":\"https:\\\/\\\/lacolmena.link\\\/cinenjambre\\\/#\\\/schema\\\/person\\\/c9cf15753a37512b326eb033bd39843c\",\"name\":\"El Marco\",\"image\":{\"@type\":\"ImageObject\",\"inLanguage\":\"es\",\"@id\":\"https:\\\/\\\/secure.gravatar.com\\\/avatar\\\/d16bed066026570385fca223acc49ae8544fd038a897a85586e0ba3c69b70fa5?s=96&d=mm&r=g\",\"url\":\"https:\\\/\\\/secure.gravatar.com\\\/avatar\\\/d16bed066026570385fca223acc49ae8544fd038a897a85586e0ba3c69b70fa5?s=96&d=mm&r=g\",\"contentUrl\":\"https:\\\/\\\/secure.gravatar.com\\\/avatar\\\/d16bed066026570385fca223acc49ae8544fd038a897a85586e0ba3c69b70fa5?s=96&d=mm&r=g\",\"caption\":\"El Marco\"},\"url\":\"https:\\\/\\\/lacolmena.link\\\/cinenjambre\\\/author\\\/marco\\\/\"}]}<\/script>\n<!-- \/ Yoast SEO plugin. -->","yoast_head_json":{"title":"Paramount confirma cuarta pel\u00edcula de Star Trek - CINENJAMBRE \ud83c\udf7f","robots":{"index":"index","follow":"follow","max-snippet":"max-snippet:-1","max-image-preview":"max-image-preview:large","max-video-preview":"max-video-preview:-1"},"canonical":"https:\/\/lacolmena.link\/cinenjambre\/2022\/02\/15\/paramount-confirma-cuarta-pelicula-de-star-trek\/","og_locale":"es_ES","og_type":"article","og_title":"Paramount confirma cuarta pel\u00edcula de Star Trek - CINENJAMBRE \ud83c\udf7f","og_description":"Hace un par de a\u00f1os se estaba especulando acerca de una cuarta pel\u00edcula basada en Star Trek de la conocida ahora l\u00ednea de tiempo Kelvin, en realidad muchos nos encontr\u00e1bamos esperando que se diera la nota pero solo simples especulaciones seguido de la posibilidad de ver a Quentin Tarantino tomar el asiento del director, pero [&hellip;]","og_url":"https:\/\/lacolmena.link\/cinenjambre\/2022\/02\/15\/paramount-confirma-cuarta-pelicula-de-star-trek\/","og_site_name":"CINENJAMBRE \ud83c\udf7f","article_published_time":"2022-02-15T23:53:57+00:00","og_image":[{"width":1000,"height":600,"url":"https:\/\/lacolmena.link\/cinenjambre\/wp-content\/uploads\/sites\/3\/2022\/02\/star_trek_k2.jpg","type":"image\/jpeg"}],"author":"El Marco","twitter_card":"summary_large_image","twitter_misc":{"Escrito por":"El Marco","Tiempo de lectura":"1 minuto"},"schema":{"@context":"https:\/\/schema.org","@graph":[{"@type":"Article","@id":"https:\/\/lacolmena.link\/cinenjambre\/2022\/02\/15\/paramount-confirma-cuarta-pelicula-de-star-trek\/#article","isPartOf":{"@id":"https:\/\/lacolmena.link\/cinenjambre\/2022\/02\/15\/paramount-confirma-cuarta-pelicula-de-star-trek\/"},"author":{"name":"El Marco","@id":"https:\/\/lacolmena.link\/cinenjambre\/#\/schema\/person\/c9cf15753a37512b326eb033bd39843c"},"headline":"Paramount confirma cuarta pel\u00edcula de Star Trek","datePublished":"2022-02-15T23:53:57+00:00","mainEntityOfPage":{"@id":"https:\/\/lacolmena.link\/cinenjambre\/2022\/02\/15\/paramount-confirma-cuarta-pelicula-de-star-trek\/"},"wordCount":299,"commentCount":0,"publisher":{"@id":"https:\/\/lacolmena.link\/cinenjambre\/#organization"},"image":{"@id":"https:\/\/lacolmena.link\/cinenjambre\/2022\/02\/15\/paramount-confirma-cuarta-pelicula-de-star-trek\/#primaryimage"},"thumbnailUrl":"https:\/\/lacolmena.link\/cinenjambre\/wp-content\/uploads\/sites\/3\/2022\/02\/star_trek_k2.jpg","keywords":["J.J. Abrahams","Matt Shakman","Star Trek"],"articleSection":["Noticias"],"inLanguage":"es","potentialAction":[{"@type":"CommentAction","name":"Comment","target":["https:\/\/lacolmena.link\/cinenjambre\/2022\/02\/15\/paramount-confirma-cuarta-pelicula-de-star-trek\/#respond"]}]},{"@type":"WebPage","@id":"https:\/\/lacolmena.link\/cinenjambre\/2022\/02\/15\/paramount-confirma-cuarta-pelicula-de-star-trek\/","url":"https:\/\/lacolmena.link\/cinenjambre\/2022\/02\/15\/paramount-confirma-cuarta-pelicula-de-star-trek\/","name":"Paramount confirma cuarta pel\u00edcula de Star Trek - CINENJAMBRE \ud83c\udf7f","isPartOf":{"@id":"https:\/\/lacolmena.link\/cinenjambre\/#website"},"primaryImageOfPage":{"@id":"https:\/\/lacolmena.link\/cinenjambre\/2022\/02\/15\/paramount-confirma-cuarta-pelicula-de-star-trek\/#primaryimage"},"image":{"@id":"https:\/\/lacolmena.link\/cinenjambre\/2022\/02\/15\/paramount-confirma-cuarta-pelicula-de-star-trek\/#primaryimage"},"thumbnailUrl":"https:\/\/lacolmena.link\/cinenjambre\/wp-content\/uploads\/sites\/3\/2022\/02\/star_trek_k2.jpg","datePublished":"2022-02-15T23:53:57+00:00","breadcrumb":{"@id":"https:\/\/lacolmena.link\/cinenjambre\/2022\/02\/15\/paramount-confirma-cuarta-pelicula-de-star-trek\/#breadcrumb"},"inLanguage":"es","potentialAction":[{"@type":"ReadAction","target":["https:\/\/lacolmena.link\/cinenjambre\/2022\/02\/15\/paramount-confirma-cuarta-pelicula-de-star-trek\/"]}]},{"@type":"ImageObject","inLanguage":"es","@id":"https:\/\/lacolmena.link\/cinenjambre\/2022\/02\/15\/paramount-confirma-cuarta-pelicula-de-star-trek\/#primaryimage","url":"https:\/\/lacolmena.link\/cinenjambre\/wp-content\/uploads\/sites\/3\/2022\/02\/star_trek_k2.jpg","contentUrl":"https:\/\/lacolmena.link\/cinenjambre\/wp-content\/uploads\/sites\/3\/2022\/02\/star_trek_k2.jpg","width":1000,"height":600},{"@type":"BreadcrumbList","@id":"https:\/\/lacolmena.link\/cinenjambre\/2022\/02\/15\/paramount-confirma-cuarta-pelicula-de-star-trek\/#breadcrumb","itemListElement":[{"@type":"ListItem","position":1,"name":"Portada","item":"https:\/\/lacolmena.link\/cinenjambre\/"},{"@type":"ListItem","position":2,"name":"Paramount confirma cuarta pel\u00edcula de Star Trek"}]},{"@type":"WebSite","@id":"https:\/\/lacolmena.link\/cinenjambre\/#website","url":"https:\/\/lacolmena.link\/cinenjambre\/","name":"CINENJAMBRE \ud83c\udf7f","description":"Noticias, rese\u00f1as, lanzamientos y m\u00e1s","publisher":{"@id":"https:\/\/lacolmena.link\/cinenjambre\/#organization"},"potentialAction":[{"@type":"SearchAction","target":{"@type":"EntryPoint","urlTemplate":"https:\/\/lacolmena.link\/cinenjambre\/?s={search_term_string}"},"query-input":{"@type":"PropertyValueSpecification","valueRequired":true,"valueName":"search_term_string"}}],"inLanguage":"es"},{"@type":"Organization","@id":"https:\/\/lacolmena.link\/cinenjambre\/#organization","name":"CINENJAMBRE \ud83c\udf7f","url":"https:\/\/lacolmena.link\/cinenjambre\/","logo":{"@type":"ImageObject","inLanguage":"es","@id":"https:\/\/lacolmena.link\/cinenjambre\/#\/schema\/logo\/image\/","url":"https:\/\/lacolmena.link\/cinenjambre\/wp-content\/uploads\/sites\/3\/2021\/01\/cropped-cinenjambre-1.png","contentUrl":"https:\/\/lacolmena.link\/cinenjambre\/wp-content\/uploads\/sites\/3\/2021\/01\/cropped-cinenjambre-1.png","width":512,"height":512,"caption":"CINENJAMBRE \ud83c\udf7f"},"image":{"@id":"https:\/\/lacolmena.link\/cinenjambre\/#\/schema\/logo\/image\/"}},{"@type":"Person","@id":"https:\/\/lacolmena.link\/cinenjambre\/#\/schema\/person\/c9cf15753a37512b326eb033bd39843c","name":"El Marco","image":{"@type":"ImageObject","inLanguage":"es","@id":"https:\/\/secure.gravatar.com\/avatar\/d16bed066026570385fca223acc49ae8544fd038a897a85586e0ba3c69b70fa5?s=96&d=mm&r=g","url":"https:\/\/secure.gravatar.com\/avatar\/d16bed066026570385fca223acc49ae8544fd038a897a85586e0ba3c69b70fa5?s=96&d=mm&r=g","contentUrl":"https:\/\/secure.gravatar.com\/avatar\/d16bed066026570385fca223acc49ae8544fd038a897a85586e0ba3c69b70fa5?s=96&d=mm&r=g","caption":"El Marco"},"url":"https:\/\/lacolmena.link\/cinenjambre\/author\/marco\/"}]}},"_links":{"self":[{"href":"https:\/\/lacolmena.link\/cinenjambre\/wp-json\/wp\/v2\/posts\/1640","targetHints":{"allow":["GET"]}}],"collection":[{"href":"https:\/\/lacolmena.link\/cinenjambre\/wp-json\/wp\/v2\/posts"}],"about":[{"href":"https:\/\/lacolmena.link\/cinenjambre\/wp-json\/wp\/v2\/types\/post"}],"author":[{"embeddable":true,"href":"https:\/\/lacolmena.link\/cinenjambre\/wp-json\/wp\/v2\/users\/2"}],"replies":[{"embeddable":true,"href":"https:\/\/lacolmena.link\/cinenjambre\/wp-json\/wp\/v2\/comments?post=1640"}],"version-history":[{"count":1,"href":"https:\/\/lacolmena.link\/cinenjambre\/wp-json\/wp\/v2\/posts\/1640\/revisions"}],"predecessor-version":[{"id":1642,"href":"https:\/\/lacolmena.link\/cinenjambre\/wp-json\/wp\/v2\/posts\/1640\/revisions\/1642"}],"wp:featuredmedia":[{"embeddable":true,"href":"https:\/\/lacolmena.link\/cinenjambre\/wp-json\/wp\/v2\/media\/1643"}],"wp:attachment":[{"href":"https:\/\/lacolmena.link\/cinenjambre\/wp-json\/wp\/v2\/media?parent=1640"}],"wp:term":[{"taxonomy":"category","embeddable":true,"href":"https:\/\/lacolmena.link\/cinenjambre\/wp-json\/wp\/v2\/categories?post=1640"},{"taxonomy":"post_tag","embeddable":true,"href":"https:\/\/lacolmena.link\/cinenjambre\/wp-json\/wp\/v2\/tags?post=1640"}],"curies":[{"name":"wp","href":"https:\/\/api.w.org\/{rel}","templated":true}]}}