{"id":1863,"date":"2022-09-23T16:25:26","date_gmt":"2022-09-23T21:25:26","guid":{"rendered":"https:\/\/lacolmena.link\/cinenjambre\/?p=1863"},"modified":"2022-09-23T16:25:26","modified_gmt":"2022-09-23T21:25:26","slug":"marvel-ya-encontro-escritores-para-la-pelicula-de-los-cuatro-fantasticos","status":"publish","type":"post","link":"https:\/\/lacolmena.link\/cinenjambre\/2022\/09\/23\/marvel-ya-encontro-escritores-para-la-pelicula-de-los-cuatro-fantasticos\/","title":{"rendered":"Marvel ya encontr\u00f3 escritores para la pel\u00edcula de Los Cuatro Fant\u00e1sticos"},"content":{"rendered":"<p style=\"text-align: justify\">Hay ya un adelanto importante en el desarrollo de la nueva pel\u00edcula basada en la historieta de <em>Los Cuatro Fant\u00e1sticos<\/em> y este corresponde a ya tener cubiertos los espacios para escritores del guion.<\/p>\n<p style=\"text-align: justify\"><strong>Marvel<\/strong> ha reclutado a los escritores <strong>Ian Springer<\/strong> y <strong>Jeff Kaplan<\/strong> para integrarse con el director <strong>Matt Shakman<\/strong> y empezar a dar forma la pel\u00edcula de <em>Los Cuatro Fant\u00e1sticos<\/em> en lo que corresponde al desarrollo de la historia en como se van a integrar estos personajes al <strong>Universo Cinem\u00e1tico de Marvel<\/strong>.<\/p>\n<p style=\"text-align: justify\">El elenco oficial no ha sido anunciado a\u00fan pero considerando que <strong>John Krasinski<\/strong> quien tuvo una destacada participaci\u00f3n en la secuela de <em>Doctor Strange<\/em> tiene a\u00fan posibilidades de sumarse al elenco, aunque por otro lado no es a\u00fan claro y no est\u00e1 definido quienes quedaran en el elenco.<\/p>\n<p style=\"text-align: justify\">Fuente: <a href=\"https:\/\/www.comingsoon.net\/movies\/news\/1240449-fantastic-four-movie-writers\">ComingSoon<\/a><\/p>\n","protected":false},"excerpt":{"rendered":"<p>Hay ya un adelanto importante en el desarrollo de la nueva pel\u00edcula basada en la historieta de Los Cuatro Fant\u00e1sticos y este corresponde a ya tener cubiertos los espacios para escritores del guion. Marvel ha reclutado a los escritores Ian Springer y Jeff Kaplan para integrarse con el director Matt Shakman y empezar a dar [&hellip;]<\/p>\n","protected":false},"author":2,"featured_media":1864,"comment_status":"open","ping_status":"open","sticky":false,"template":"","format":"standard","meta":{"footnotes":""},"categories":[958],"tags":[1059,1060,1058,223,973],"class_list":["post-1863","post","type-post","status-publish","format-standard","has-post-thumbnail","hentry","category-noticias","tag-ian-springer","tag-jeff-kaplan","tag-los-cuatro-fantasticos","tag-marvel","tag-matt-shakman"],"yoast_head":"<!-- This site is optimized with the Yoast SEO plugin v27.5 - https:\/\/yoast.com\/product\/yoast-seo-wordpress\/ -->\n<title>Marvel ya encontr\u00f3 escritores para la pel\u00edcula de Los Cuatro Fant\u00e1sticos - CINENJAMBRE \ud83c\udf7f<\/title>\n<meta name=\"robots\" content=\"index, follow, max-snippet:-1, max-image-preview:large, max-video-preview:-1\" \/>\n<link rel=\"canonical\" href=\"https:\/\/lacolmena.link\/cinenjambre\/2022\/09\/23\/marvel-ya-encontro-escritores-para-la-pelicula-de-los-cuatro-fantasticos\/\" \/>\n<meta property=\"og:locale\" content=\"es_ES\" \/>\n<meta property=\"og:type\" content=\"article\" \/>\n<meta property=\"og:title\" content=\"Marvel ya encontr\u00f3 escritores para la pel\u00edcula de Los Cuatro Fant\u00e1sticos - CINENJAMBRE \ud83c\udf7f\" \/>\n<meta property=\"og:description\" content=\"Hay ya un adelanto importante en el desarrollo de la nueva pel\u00edcula basada en la historieta de Los Cuatro Fant\u00e1sticos y este corresponde a ya tener cubiertos los espacios para escritores del guion. Marvel ha reclutado a los escritores Ian Springer y Jeff Kaplan para integrarse con el director Matt Shakman y empezar a dar [&hellip;]\" \/>\n<meta property=\"og:url\" content=\"https:\/\/lacolmena.link\/cinenjambre\/2022\/09\/23\/marvel-ya-encontro-escritores-para-la-pelicula-de-los-cuatro-fantasticos\/\" \/>\n<meta property=\"og:site_name\" content=\"CINENJAMBRE \ud83c\udf7f\" \/>\n<meta property=\"article:published_time\" content=\"2022-09-23T21:25:26+00:00\" \/>\n<meta property=\"og:image\" content=\"https:\/\/lacolmena.link\/cinenjambre\/wp-content\/uploads\/sites\/3\/2022\/09\/fantastic_four.jpg\" \/>\n\t<meta property=\"og:image:width\" content=\"1200\" \/>\n\t<meta property=\"og:image:height\" content=\"720\" \/>\n\t<meta property=\"og:image:type\" content=\"image\/jpeg\" \/>\n<meta name=\"author\" content=\"El Marco\" \/>\n<meta name=\"twitter:card\" content=\"summary_large_image\" \/>\n<meta name=\"twitter:label1\" content=\"Escrito por\" \/>\n\t<meta name=\"twitter:data1\" content=\"El Marco\" \/>\n\t<meta name=\"twitter:label2\" content=\"Tiempo de lectura\" \/>\n\t<meta name=\"twitter:data2\" content=\"1 minuto\" \/>\n<script type=\"application\/ld+json\" class=\"yoast-schema-graph\">{\"@context\":\"https:\\\/\\\/schema.org\",\"@graph\":[{\"@type\":\"Article\",\"@id\":\"https:\\\/\\\/lacolmena.link\\\/cinenjambre\\\/2022\\\/09\\\/23\\\/marvel-ya-encontro-escritores-para-la-pelicula-de-los-cuatro-fantasticos\\\/#article\",\"isPartOf\":{\"@id\":\"https:\\\/\\\/lacolmena.link\\\/cinenjambre\\\/2022\\\/09\\\/23\\\/marvel-ya-encontro-escritores-para-la-pelicula-de-los-cuatro-fantasticos\\\/\"},\"author\":{\"name\":\"El Marco\",\"@id\":\"https:\\\/\\\/lacolmena.link\\\/cinenjambre\\\/#\\\/schema\\\/person\\\/c9cf15753a37512b326eb033bd39843c\"},\"headline\":\"Marvel ya encontr\u00f3 escritores para la pel\u00edcula de Los Cuatro Fant\u00e1sticos\",\"datePublished\":\"2022-09-23T21:25:26+00:00\",\"mainEntityOfPage\":{\"@id\":\"https:\\\/\\\/lacolmena.link\\\/cinenjambre\\\/2022\\\/09\\\/23\\\/marvel-ya-encontro-escritores-para-la-pelicula-de-los-cuatro-fantasticos\\\/\"},\"wordCount\":156,\"commentCount\":0,\"publisher\":{\"@id\":\"https:\\\/\\\/lacolmena.link\\\/cinenjambre\\\/#organization\"},\"image\":{\"@id\":\"https:\\\/\\\/lacolmena.link\\\/cinenjambre\\\/2022\\\/09\\\/23\\\/marvel-ya-encontro-escritores-para-la-pelicula-de-los-cuatro-fantasticos\\\/#primaryimage\"},\"thumbnailUrl\":\"https:\\\/\\\/lacolmena.link\\\/cinenjambre\\\/wp-content\\\/uploads\\\/sites\\\/3\\\/2022\\\/09\\\/fantastic_four.jpg\",\"keywords\":[\"Ian Springer\",\"Jeff Kaplan\",\"Los Cuatro Fant\u00e1sticos\",\"marvel\",\"Matt Shakman\"],\"articleSection\":[\"Noticias\"],\"inLanguage\":\"es\",\"potentialAction\":[{\"@type\":\"CommentAction\",\"name\":\"Comment\",\"target\":[\"https:\\\/\\\/lacolmena.link\\\/cinenjambre\\\/2022\\\/09\\\/23\\\/marvel-ya-encontro-escritores-para-la-pelicula-de-los-cuatro-fantasticos\\\/#respond\"]}]},{\"@type\":\"WebPage\",\"@id\":\"https:\\\/\\\/lacolmena.link\\\/cinenjambre\\\/2022\\\/09\\\/23\\\/marvel-ya-encontro-escritores-para-la-pelicula-de-los-cuatro-fantasticos\\\/\",\"url\":\"https:\\\/\\\/lacolmena.link\\\/cinenjambre\\\/2022\\\/09\\\/23\\\/marvel-ya-encontro-escritores-para-la-pelicula-de-los-cuatro-fantasticos\\\/\",\"name\":\"Marvel ya encontr\u00f3 escritores para la pel\u00edcula de Los Cuatro Fant\u00e1sticos - CINENJAMBRE \ud83c\udf7f\",\"isPartOf\":{\"@id\":\"https:\\\/\\\/lacolmena.link\\\/cinenjambre\\\/#website\"},\"primaryImageOfPage\":{\"@id\":\"https:\\\/\\\/lacolmena.link\\\/cinenjambre\\\/2022\\\/09\\\/23\\\/marvel-ya-encontro-escritores-para-la-pelicula-de-los-cuatro-fantasticos\\\/#primaryimage\"},\"image\":{\"@id\":\"https:\\\/\\\/lacolmena.link\\\/cinenjambre\\\/2022\\\/09\\\/23\\\/marvel-ya-encontro-escritores-para-la-pelicula-de-los-cuatro-fantasticos\\\/#primaryimage\"},\"thumbnailUrl\":\"https:\\\/\\\/lacolmena.link\\\/cinenjambre\\\/wp-content\\\/uploads\\\/sites\\\/3\\\/2022\\\/09\\\/fantastic_four.jpg\",\"datePublished\":\"2022-09-23T21:25:26+00:00\",\"breadcrumb\":{\"@id\":\"https:\\\/\\\/lacolmena.link\\\/cinenjambre\\\/2022\\\/09\\\/23\\\/marvel-ya-encontro-escritores-para-la-pelicula-de-los-cuatro-fantasticos\\\/#breadcrumb\"},\"inLanguage\":\"es\",\"potentialAction\":[{\"@type\":\"ReadAction\",\"target\":[\"https:\\\/\\\/lacolmena.link\\\/cinenjambre\\\/2022\\\/09\\\/23\\\/marvel-ya-encontro-escritores-para-la-pelicula-de-los-cuatro-fantasticos\\\/\"]}]},{\"@type\":\"ImageObject\",\"inLanguage\":\"es\",\"@id\":\"https:\\\/\\\/lacolmena.link\\\/cinenjambre\\\/2022\\\/09\\\/23\\\/marvel-ya-encontro-escritores-para-la-pelicula-de-los-cuatro-fantasticos\\\/#primaryimage\",\"url\":\"https:\\\/\\\/lacolmena.link\\\/cinenjambre\\\/wp-content\\\/uploads\\\/sites\\\/3\\\/2022\\\/09\\\/fantastic_four.jpg\",\"contentUrl\":\"https:\\\/\\\/lacolmena.link\\\/cinenjambre\\\/wp-content\\\/uploads\\\/sites\\\/3\\\/2022\\\/09\\\/fantastic_four.jpg\",\"width\":1200,\"height\":720},{\"@type\":\"BreadcrumbList\",\"@id\":\"https:\\\/\\\/lacolmena.link\\\/cinenjambre\\\/2022\\\/09\\\/23\\\/marvel-ya-encontro-escritores-para-la-pelicula-de-los-cuatro-fantasticos\\\/#breadcrumb\",\"itemListElement\":[{\"@type\":\"ListItem\",\"position\":1,\"name\":\"Portada\",\"item\":\"https:\\\/\\\/lacolmena.link\\\/cinenjambre\\\/\"},{\"@type\":\"ListItem\",\"position\":2,\"name\":\"Marvel ya encontr\u00f3 escritores para la pel\u00edcula de Los Cuatro Fant\u00e1sticos\"}]},{\"@type\":\"WebSite\",\"@id\":\"https:\\\/\\\/lacolmena.link\\\/cinenjambre\\\/#website\",\"url\":\"https:\\\/\\\/lacolmena.link\\\/cinenjambre\\\/\",\"name\":\"CINENJAMBRE \ud83c\udf7f\",\"description\":\"Noticias, rese\u00f1as, lanzamientos y m\u00e1s\",\"publisher\":{\"@id\":\"https:\\\/\\\/lacolmena.link\\\/cinenjambre\\\/#organization\"},\"potentialAction\":[{\"@type\":\"SearchAction\",\"target\":{\"@type\":\"EntryPoint\",\"urlTemplate\":\"https:\\\/\\\/lacolmena.link\\\/cinenjambre\\\/?s={search_term_string}\"},\"query-input\":{\"@type\":\"PropertyValueSpecification\",\"valueRequired\":true,\"valueName\":\"search_term_string\"}}],\"inLanguage\":\"es\"},{\"@type\":\"Organization\",\"@id\":\"https:\\\/\\\/lacolmena.link\\\/cinenjambre\\\/#organization\",\"name\":\"CINENJAMBRE \ud83c\udf7f\",\"url\":\"https:\\\/\\\/lacolmena.link\\\/cinenjambre\\\/\",\"logo\":{\"@type\":\"ImageObject\",\"inLanguage\":\"es\",\"@id\":\"https:\\\/\\\/lacolmena.link\\\/cinenjambre\\\/#\\\/schema\\\/logo\\\/image\\\/\",\"url\":\"https:\\\/\\\/lacolmena.link\\\/cinenjambre\\\/wp-content\\\/uploads\\\/sites\\\/3\\\/2021\\\/01\\\/cropped-cinenjambre-1.png\",\"contentUrl\":\"https:\\\/\\\/lacolmena.link\\\/cinenjambre\\\/wp-content\\\/uploads\\\/sites\\\/3\\\/2021\\\/01\\\/cropped-cinenjambre-1.png\",\"width\":512,\"height\":512,\"caption\":\"CINENJAMBRE \ud83c\udf7f\"},\"image\":{\"@id\":\"https:\\\/\\\/lacolmena.link\\\/cinenjambre\\\/#\\\/schema\\\/logo\\\/image\\\/\"}},{\"@type\":\"Person\",\"@id\":\"https:\\\/\\\/lacolmena.link\\\/cinenjambre\\\/#\\\/schema\\\/person\\\/c9cf15753a37512b326eb033bd39843c\",\"name\":\"El Marco\",\"image\":{\"@type\":\"ImageObject\",\"inLanguage\":\"es\",\"@id\":\"https:\\\/\\\/secure.gravatar.com\\\/avatar\\\/d16bed066026570385fca223acc49ae8544fd038a897a85586e0ba3c69b70fa5?s=96&d=mm&r=g\",\"url\":\"https:\\\/\\\/secure.gravatar.com\\\/avatar\\\/d16bed066026570385fca223acc49ae8544fd038a897a85586e0ba3c69b70fa5?s=96&d=mm&r=g\",\"contentUrl\":\"https:\\\/\\\/secure.gravatar.com\\\/avatar\\\/d16bed066026570385fca223acc49ae8544fd038a897a85586e0ba3c69b70fa5?s=96&d=mm&r=g\",\"caption\":\"El Marco\"},\"url\":\"https:\\\/\\\/lacolmena.link\\\/cinenjambre\\\/author\\\/marco\\\/\"}]}<\/script>\n<!-- \/ Yoast SEO plugin. -->","yoast_head_json":{"title":"Marvel ya encontr\u00f3 escritores para la pel\u00edcula de Los Cuatro Fant\u00e1sticos - CINENJAMBRE \ud83c\udf7f","robots":{"index":"index","follow":"follow","max-snippet":"max-snippet:-1","max-image-preview":"max-image-preview:large","max-video-preview":"max-video-preview:-1"},"canonical":"https:\/\/lacolmena.link\/cinenjambre\/2022\/09\/23\/marvel-ya-encontro-escritores-para-la-pelicula-de-los-cuatro-fantasticos\/","og_locale":"es_ES","og_type":"article","og_title":"Marvel ya encontr\u00f3 escritores para la pel\u00edcula de Los Cuatro Fant\u00e1sticos - CINENJAMBRE \ud83c\udf7f","og_description":"Hay ya un adelanto importante en el desarrollo de la nueva pel\u00edcula basada en la historieta de Los Cuatro Fant\u00e1sticos y este corresponde a ya tener cubiertos los espacios para escritores del guion. Marvel ha reclutado a los escritores Ian Springer y Jeff Kaplan para integrarse con el director Matt Shakman y empezar a dar [&hellip;]","og_url":"https:\/\/lacolmena.link\/cinenjambre\/2022\/09\/23\/marvel-ya-encontro-escritores-para-la-pelicula-de-los-cuatro-fantasticos\/","og_site_name":"CINENJAMBRE \ud83c\udf7f","article_published_time":"2022-09-23T21:25:26+00:00","og_image":[{"width":1200,"height":720,"url":"https:\/\/lacolmena.link\/cinenjambre\/wp-content\/uploads\/sites\/3\/2022\/09\/fantastic_four.jpg","type":"image\/jpeg"}],"author":"El Marco","twitter_card":"summary_large_image","twitter_misc":{"Escrito por":"El Marco","Tiempo de lectura":"1 minuto"},"schema":{"@context":"https:\/\/schema.org","@graph":[{"@type":"Article","@id":"https:\/\/lacolmena.link\/cinenjambre\/2022\/09\/23\/marvel-ya-encontro-escritores-para-la-pelicula-de-los-cuatro-fantasticos\/#article","isPartOf":{"@id":"https:\/\/lacolmena.link\/cinenjambre\/2022\/09\/23\/marvel-ya-encontro-escritores-para-la-pelicula-de-los-cuatro-fantasticos\/"},"author":{"name":"El Marco","@id":"https:\/\/lacolmena.link\/cinenjambre\/#\/schema\/person\/c9cf15753a37512b326eb033bd39843c"},"headline":"Marvel ya encontr\u00f3 escritores para la pel\u00edcula de Los Cuatro Fant\u00e1sticos","datePublished":"2022-09-23T21:25:26+00:00","mainEntityOfPage":{"@id":"https:\/\/lacolmena.link\/cinenjambre\/2022\/09\/23\/marvel-ya-encontro-escritores-para-la-pelicula-de-los-cuatro-fantasticos\/"},"wordCount":156,"commentCount":0,"publisher":{"@id":"https:\/\/lacolmena.link\/cinenjambre\/#organization"},"image":{"@id":"https:\/\/lacolmena.link\/cinenjambre\/2022\/09\/23\/marvel-ya-encontro-escritores-para-la-pelicula-de-los-cuatro-fantasticos\/#primaryimage"},"thumbnailUrl":"https:\/\/lacolmena.link\/cinenjambre\/wp-content\/uploads\/sites\/3\/2022\/09\/fantastic_four.jpg","keywords":["Ian Springer","Jeff Kaplan","Los Cuatro Fant\u00e1sticos","marvel","Matt Shakman"],"articleSection":["Noticias"],"inLanguage":"es","potentialAction":[{"@type":"CommentAction","name":"Comment","target":["https:\/\/lacolmena.link\/cinenjambre\/2022\/09\/23\/marvel-ya-encontro-escritores-para-la-pelicula-de-los-cuatro-fantasticos\/#respond"]}]},{"@type":"WebPage","@id":"https:\/\/lacolmena.link\/cinenjambre\/2022\/09\/23\/marvel-ya-encontro-escritores-para-la-pelicula-de-los-cuatro-fantasticos\/","url":"https:\/\/lacolmena.link\/cinenjambre\/2022\/09\/23\/marvel-ya-encontro-escritores-para-la-pelicula-de-los-cuatro-fantasticos\/","name":"Marvel ya encontr\u00f3 escritores para la pel\u00edcula de Los Cuatro Fant\u00e1sticos - CINENJAMBRE \ud83c\udf7f","isPartOf":{"@id":"https:\/\/lacolmena.link\/cinenjambre\/#website"},"primaryImageOfPage":{"@id":"https:\/\/lacolmena.link\/cinenjambre\/2022\/09\/23\/marvel-ya-encontro-escritores-para-la-pelicula-de-los-cuatro-fantasticos\/#primaryimage"},"image":{"@id":"https:\/\/lacolmena.link\/cinenjambre\/2022\/09\/23\/marvel-ya-encontro-escritores-para-la-pelicula-de-los-cuatro-fantasticos\/#primaryimage"},"thumbnailUrl":"https:\/\/lacolmena.link\/cinenjambre\/wp-content\/uploads\/sites\/3\/2022\/09\/fantastic_four.jpg","datePublished":"2022-09-23T21:25:26+00:00","breadcrumb":{"@id":"https:\/\/lacolmena.link\/cinenjambre\/2022\/09\/23\/marvel-ya-encontro-escritores-para-la-pelicula-de-los-cuatro-fantasticos\/#breadcrumb"},"inLanguage":"es","potentialAction":[{"@type":"ReadAction","target":["https:\/\/lacolmena.link\/cinenjambre\/2022\/09\/23\/marvel-ya-encontro-escritores-para-la-pelicula-de-los-cuatro-fantasticos\/"]}]},{"@type":"ImageObject","inLanguage":"es","@id":"https:\/\/lacolmena.link\/cinenjambre\/2022\/09\/23\/marvel-ya-encontro-escritores-para-la-pelicula-de-los-cuatro-fantasticos\/#primaryimage","url":"https:\/\/lacolmena.link\/cinenjambre\/wp-content\/uploads\/sites\/3\/2022\/09\/fantastic_four.jpg","contentUrl":"https:\/\/lacolmena.link\/cinenjambre\/wp-content\/uploads\/sites\/3\/2022\/09\/fantastic_four.jpg","width":1200,"height":720},{"@type":"BreadcrumbList","@id":"https:\/\/lacolmena.link\/cinenjambre\/2022\/09\/23\/marvel-ya-encontro-escritores-para-la-pelicula-de-los-cuatro-fantasticos\/#breadcrumb","itemListElement":[{"@type":"ListItem","position":1,"name":"Portada","item":"https:\/\/lacolmena.link\/cinenjambre\/"},{"@type":"ListItem","position":2,"name":"Marvel ya encontr\u00f3 escritores para la pel\u00edcula de Los Cuatro Fant\u00e1sticos"}]},{"@type":"WebSite","@id":"https:\/\/lacolmena.link\/cinenjambre\/#website","url":"https:\/\/lacolmena.link\/cinenjambre\/","name":"CINENJAMBRE \ud83c\udf7f","description":"Noticias, rese\u00f1as, lanzamientos y m\u00e1s","publisher":{"@id":"https:\/\/lacolmena.link\/cinenjambre\/#organization"},"potentialAction":[{"@type":"SearchAction","target":{"@type":"EntryPoint","urlTemplate":"https:\/\/lacolmena.link\/cinenjambre\/?s={search_term_string}"},"query-input":{"@type":"PropertyValueSpecification","valueRequired":true,"valueName":"search_term_string"}}],"inLanguage":"es"},{"@type":"Organization","@id":"https:\/\/lacolmena.link\/cinenjambre\/#organization","name":"CINENJAMBRE \ud83c\udf7f","url":"https:\/\/lacolmena.link\/cinenjambre\/","logo":{"@type":"ImageObject","inLanguage":"es","@id":"https:\/\/lacolmena.link\/cinenjambre\/#\/schema\/logo\/image\/","url":"https:\/\/lacolmena.link\/cinenjambre\/wp-content\/uploads\/sites\/3\/2021\/01\/cropped-cinenjambre-1.png","contentUrl":"https:\/\/lacolmena.link\/cinenjambre\/wp-content\/uploads\/sites\/3\/2021\/01\/cropped-cinenjambre-1.png","width":512,"height":512,"caption":"CINENJAMBRE \ud83c\udf7f"},"image":{"@id":"https:\/\/lacolmena.link\/cinenjambre\/#\/schema\/logo\/image\/"}},{"@type":"Person","@id":"https:\/\/lacolmena.link\/cinenjambre\/#\/schema\/person\/c9cf15753a37512b326eb033bd39843c","name":"El Marco","image":{"@type":"ImageObject","inLanguage":"es","@id":"https:\/\/secure.gravatar.com\/avatar\/d16bed066026570385fca223acc49ae8544fd038a897a85586e0ba3c69b70fa5?s=96&d=mm&r=g","url":"https:\/\/secure.gravatar.com\/avatar\/d16bed066026570385fca223acc49ae8544fd038a897a85586e0ba3c69b70fa5?s=96&d=mm&r=g","contentUrl":"https:\/\/secure.gravatar.com\/avatar\/d16bed066026570385fca223acc49ae8544fd038a897a85586e0ba3c69b70fa5?s=96&d=mm&r=g","caption":"El Marco"},"url":"https:\/\/lacolmena.link\/cinenjambre\/author\/marco\/"}]}},"_links":{"self":[{"href":"https:\/\/lacolmena.link\/cinenjambre\/wp-json\/wp\/v2\/posts\/1863","targetHints":{"allow":["GET"]}}],"collection":[{"href":"https:\/\/lacolmena.link\/cinenjambre\/wp-json\/wp\/v2\/posts"}],"about":[{"href":"https:\/\/lacolmena.link\/cinenjambre\/wp-json\/wp\/v2\/types\/post"}],"author":[{"embeddable":true,"href":"https:\/\/lacolmena.link\/cinenjambre\/wp-json\/wp\/v2\/users\/2"}],"replies":[{"embeddable":true,"href":"https:\/\/lacolmena.link\/cinenjambre\/wp-json\/wp\/v2\/comments?post=1863"}],"version-history":[{"count":1,"href":"https:\/\/lacolmena.link\/cinenjambre\/wp-json\/wp\/v2\/posts\/1863\/revisions"}],"predecessor-version":[{"id":1865,"href":"https:\/\/lacolmena.link\/cinenjambre\/wp-json\/wp\/v2\/posts\/1863\/revisions\/1865"}],"wp:featuredmedia":[{"embeddable":true,"href":"https:\/\/lacolmena.link\/cinenjambre\/wp-json\/wp\/v2\/media\/1864"}],"wp:attachment":[{"href":"https:\/\/lacolmena.link\/cinenjambre\/wp-json\/wp\/v2\/media?parent=1863"}],"wp:term":[{"taxonomy":"category","embeddable":true,"href":"https:\/\/lacolmena.link\/cinenjambre\/wp-json\/wp\/v2\/categories?post=1863"},{"taxonomy":"post_tag","embeddable":true,"href":"https:\/\/lacolmena.link\/cinenjambre\/wp-json\/wp\/v2\/tags?post=1863"}],"curies":[{"name":"wp","href":"https:\/\/api.w.org\/{rel}","templated":true}]}}