{"id":1893,"date":"2022-09-26T18:38:47","date_gmt":"2022-09-26T23:38:47","guid":{"rendered":"https:\/\/lacolmena.link\/cinenjambre\/?p=1893"},"modified":"2022-09-26T18:38:47","modified_gmt":"2022-09-26T23:38:47","slug":"la-cuarta-pelicula-de-capitan-america-contara-con-la-participacion-de-sabra-la-controvertida-super-heroina-israeli","status":"publish","type":"post","link":"https:\/\/lacolmena.link\/cinenjambre\/2022\/09\/26\/la-cuarta-pelicula-de-capitan-america-contara-con-la-participacion-de-sabra-la-controvertida-super-heroina-israeli\/","title":{"rendered":"La cuarta pel\u00edcula de Capit\u00e1n Am\u00e9rica contar\u00e1 con la participaci\u00f3n de Sabra, la controvertida s\u00faper hero\u00edna israel\u00ed"},"content":{"rendered":"<p style=\"text-align: justify\">Previamente dentro del evento <strong>D23<\/strong> en donde <strong>Disney<\/strong> involucr\u00f3 a <strong>Marvel<\/strong> se dio a conocer que la actriz <strong>Shira Haas<\/strong> quien es conocida por haber participado en la serie de <strong>Netflix<\/strong>, <em>Poco Ortodoxa<\/em>, ser\u00e1 la nueva agregada para ser parte del <strong>Universo Cinem\u00e1tico Marvel<\/strong> para la pel\u00edcula <em>Capit\u00e1n Am\u00e9rica: Nuevo Orden Mundial<\/em> (<em>New World Order<\/em>), interpretando a la s\u00faper hero\u00edna <strong>Sabra<\/strong>.<\/p>\n<p style=\"text-align: justify\">Este personaje en las historietas responde al nombre de <strong>Rut Bat-Seraph<\/strong>, siendo <strong>Sabra<\/strong> su alter-ego, ella es una mutante quien es portadora de s\u00faper habilidades humanas y que gracias a eso la lleva a convertirse en una agente del servicio secreto israel\u00ed (tambi\u00e9n conocido como <strong>Mossad<\/strong>). Este es un personaje altamente controversial pero <strong>Marvel<\/strong> buscar\u00e1 darle un giro y una nueva aproximaci\u00f3n para su llegada al cine.<\/p>\n<p style=\"text-align: justify\">En comentarios del estudio se menciona: \u201c<em>Nuestros personajes e historias son inspirados por las historietas en donde siempre son imaginados con frescura para la pantalla grande y nuestra actual audiencia. Los cineastas est\u00e1n tomando una nueva aproximaci\u00f3n con el personaje de <strong>Sabra<\/strong>, quien fue introducida a las historietas hace 40 a\u00f1os<\/em>\u201d.<\/p>\n<p style=\"text-align: justify\">En <em>Capit\u00e1n Am\u00e9rica: Nuevo Orden Mundial<\/em> veremos el regreso del personaje que vimos por primera vez en <em>El Incre\u00edble Hulk<\/em>, <strong>Samuel Sterns<\/strong> ahora como \u201c<strong>El L\u00edder<\/strong>\u201d.<\/p>\n<p style=\"text-align: justify\">Fuente: <a href=\"https:\/\/www.gamespot.com\/articles\/marvel-studios-taking-new-approach-to-sabra-for-captain-america-4\/1100-6507681\/\">ComingSoon<\/a><\/p>\n","protected":false},"excerpt":{"rendered":"<p>Previamente dentro del evento D23 en donde Disney involucr\u00f3 a Marvel se dio a conocer que la actriz Shira Haas quien es conocida por haber participado en la serie de Netflix, Poco Ortodoxa, ser\u00e1 la nueva agregada para ser parte del Universo Cinem\u00e1tico Marvel para la pel\u00edcula Capit\u00e1n Am\u00e9rica: Nuevo Orden Mundial (New World Order), [&hellip;]<\/p>\n","protected":false},"author":2,"featured_media":1894,"comment_status":"open","ping_status":"open","sticky":false,"template":"","format":"standard","meta":{"footnotes":""},"categories":[958],"tags":[1074,1077,223,1076,1075],"class_list":["post-1893","post","type-post","status-publish","format-standard","has-post-thumbnail","hentry","category-noticias","tag-capitan-america-nuevo-orden-mundial","tag-d23","tag-marvel","tag-sabra","tag-shira-haas"],"yoast_head":"<!-- This site is optimized with the Yoast SEO plugin v27.5 - https:\/\/yoast.com\/product\/yoast-seo-wordpress\/ -->\n<title>La cuarta pel\u00edcula de Capit\u00e1n Am\u00e9rica contar\u00e1 con la participaci\u00f3n de Sabra, la controvertida s\u00faper hero\u00edna israel\u00ed - CINENJAMBRE \ud83c\udf7f<\/title>\n<meta name=\"robots\" content=\"index, follow, max-snippet:-1, max-image-preview:large, max-video-preview:-1\" \/>\n<link rel=\"canonical\" href=\"https:\/\/lacolmena.link\/cinenjambre\/2022\/09\/26\/la-cuarta-pelicula-de-capitan-america-contara-con-la-participacion-de-sabra-la-controvertida-super-heroina-israeli\/\" \/>\n<meta property=\"og:locale\" content=\"es_ES\" \/>\n<meta property=\"og:type\" content=\"article\" \/>\n<meta property=\"og:title\" content=\"La cuarta pel\u00edcula de Capit\u00e1n Am\u00e9rica contar\u00e1 con la participaci\u00f3n de Sabra, la controvertida s\u00faper hero\u00edna israel\u00ed - CINENJAMBRE \ud83c\udf7f\" \/>\n<meta property=\"og:description\" content=\"Previamente dentro del evento D23 en donde Disney involucr\u00f3 a Marvel se dio a conocer que la actriz Shira Haas quien es conocida por haber participado en la serie de Netflix, Poco Ortodoxa, ser\u00e1 la nueva agregada para ser parte del Universo Cinem\u00e1tico Marvel para la pel\u00edcula Capit\u00e1n Am\u00e9rica: Nuevo Orden Mundial (New World Order), [&hellip;]\" \/>\n<meta property=\"og:url\" content=\"https:\/\/lacolmena.link\/cinenjambre\/2022\/09\/26\/la-cuarta-pelicula-de-capitan-america-contara-con-la-participacion-de-sabra-la-controvertida-super-heroina-israeli\/\" \/>\n<meta property=\"og:site_name\" content=\"CINENJAMBRE \ud83c\udf7f\" \/>\n<meta property=\"article:published_time\" content=\"2022-09-26T23:38:47+00:00\" \/>\n<meta property=\"og:image\" content=\"https:\/\/lacolmena.link\/cinenjambre\/wp-content\/uploads\/sites\/3\/2022\/09\/sabra.jpeg\" \/>\n\t<meta property=\"og:image:width\" content=\"1200\" \/>\n\t<meta property=\"og:image:height\" content=\"675\" \/>\n\t<meta property=\"og:image:type\" content=\"image\/jpeg\" \/>\n<meta name=\"author\" content=\"El Marco\" \/>\n<meta name=\"twitter:card\" content=\"summary_large_image\" \/>\n<meta name=\"twitter:label1\" content=\"Escrito por\" \/>\n\t<meta name=\"twitter:data1\" content=\"El Marco\" \/>\n\t<meta name=\"twitter:label2\" content=\"Tiempo de lectura\" \/>\n\t<meta name=\"twitter:data2\" content=\"1 minuto\" \/>\n<script type=\"application\/ld+json\" class=\"yoast-schema-graph\">{\"@context\":\"https:\\\/\\\/schema.org\",\"@graph\":[{\"@type\":\"Article\",\"@id\":\"https:\\\/\\\/lacolmena.link\\\/cinenjambre\\\/2022\\\/09\\\/26\\\/la-cuarta-pelicula-de-capitan-america-contara-con-la-participacion-de-sabra-la-controvertida-super-heroina-israeli\\\/#article\",\"isPartOf\":{\"@id\":\"https:\\\/\\\/lacolmena.link\\\/cinenjambre\\\/2022\\\/09\\\/26\\\/la-cuarta-pelicula-de-capitan-america-contara-con-la-participacion-de-sabra-la-controvertida-super-heroina-israeli\\\/\"},\"author\":{\"name\":\"El Marco\",\"@id\":\"https:\\\/\\\/lacolmena.link\\\/cinenjambre\\\/#\\\/schema\\\/person\\\/c9cf15753a37512b326eb033bd39843c\"},\"headline\":\"La cuarta pel\u00edcula de Capit\u00e1n Am\u00e9rica contar\u00e1 con la participaci\u00f3n de Sabra, la controvertida s\u00faper hero\u00edna israel\u00ed\",\"datePublished\":\"2022-09-26T23:38:47+00:00\",\"mainEntityOfPage\":{\"@id\":\"https:\\\/\\\/lacolmena.link\\\/cinenjambre\\\/2022\\\/09\\\/26\\\/la-cuarta-pelicula-de-capitan-america-contara-con-la-participacion-de-sabra-la-controvertida-super-heroina-israeli\\\/\"},\"wordCount\":245,\"commentCount\":0,\"publisher\":{\"@id\":\"https:\\\/\\\/lacolmena.link\\\/cinenjambre\\\/#organization\"},\"image\":{\"@id\":\"https:\\\/\\\/lacolmena.link\\\/cinenjambre\\\/2022\\\/09\\\/26\\\/la-cuarta-pelicula-de-capitan-america-contara-con-la-participacion-de-sabra-la-controvertida-super-heroina-israeli\\\/#primaryimage\"},\"thumbnailUrl\":\"https:\\\/\\\/lacolmena.link\\\/cinenjambre\\\/wp-content\\\/uploads\\\/sites\\\/3\\\/2022\\\/09\\\/sabra.jpeg\",\"keywords\":[\"Capit\u00e1n Am\u00e9rica: Nuevo Orden Mundial\",\"D23\",\"marvel\",\"Sabra\",\"Shira Haas\"],\"articleSection\":[\"Noticias\"],\"inLanguage\":\"es\",\"potentialAction\":[{\"@type\":\"CommentAction\",\"name\":\"Comment\",\"target\":[\"https:\\\/\\\/lacolmena.link\\\/cinenjambre\\\/2022\\\/09\\\/26\\\/la-cuarta-pelicula-de-capitan-america-contara-con-la-participacion-de-sabra-la-controvertida-super-heroina-israeli\\\/#respond\"]}]},{\"@type\":\"WebPage\",\"@id\":\"https:\\\/\\\/lacolmena.link\\\/cinenjambre\\\/2022\\\/09\\\/26\\\/la-cuarta-pelicula-de-capitan-america-contara-con-la-participacion-de-sabra-la-controvertida-super-heroina-israeli\\\/\",\"url\":\"https:\\\/\\\/lacolmena.link\\\/cinenjambre\\\/2022\\\/09\\\/26\\\/la-cuarta-pelicula-de-capitan-america-contara-con-la-participacion-de-sabra-la-controvertida-super-heroina-israeli\\\/\",\"name\":\"La cuarta pel\u00edcula de Capit\u00e1n Am\u00e9rica contar\u00e1 con la participaci\u00f3n de Sabra, la controvertida s\u00faper hero\u00edna israel\u00ed - CINENJAMBRE \ud83c\udf7f\",\"isPartOf\":{\"@id\":\"https:\\\/\\\/lacolmena.link\\\/cinenjambre\\\/#website\"},\"primaryImageOfPage\":{\"@id\":\"https:\\\/\\\/lacolmena.link\\\/cinenjambre\\\/2022\\\/09\\\/26\\\/la-cuarta-pelicula-de-capitan-america-contara-con-la-participacion-de-sabra-la-controvertida-super-heroina-israeli\\\/#primaryimage\"},\"image\":{\"@id\":\"https:\\\/\\\/lacolmena.link\\\/cinenjambre\\\/2022\\\/09\\\/26\\\/la-cuarta-pelicula-de-capitan-america-contara-con-la-participacion-de-sabra-la-controvertida-super-heroina-israeli\\\/#primaryimage\"},\"thumbnailUrl\":\"https:\\\/\\\/lacolmena.link\\\/cinenjambre\\\/wp-content\\\/uploads\\\/sites\\\/3\\\/2022\\\/09\\\/sabra.jpeg\",\"datePublished\":\"2022-09-26T23:38:47+00:00\",\"breadcrumb\":{\"@id\":\"https:\\\/\\\/lacolmena.link\\\/cinenjambre\\\/2022\\\/09\\\/26\\\/la-cuarta-pelicula-de-capitan-america-contara-con-la-participacion-de-sabra-la-controvertida-super-heroina-israeli\\\/#breadcrumb\"},\"inLanguage\":\"es\",\"potentialAction\":[{\"@type\":\"ReadAction\",\"target\":[\"https:\\\/\\\/lacolmena.link\\\/cinenjambre\\\/2022\\\/09\\\/26\\\/la-cuarta-pelicula-de-capitan-america-contara-con-la-participacion-de-sabra-la-controvertida-super-heroina-israeli\\\/\"]}]},{\"@type\":\"ImageObject\",\"inLanguage\":\"es\",\"@id\":\"https:\\\/\\\/lacolmena.link\\\/cinenjambre\\\/2022\\\/09\\\/26\\\/la-cuarta-pelicula-de-capitan-america-contara-con-la-participacion-de-sabra-la-controvertida-super-heroina-israeli\\\/#primaryimage\",\"url\":\"https:\\\/\\\/lacolmena.link\\\/cinenjambre\\\/wp-content\\\/uploads\\\/sites\\\/3\\\/2022\\\/09\\\/sabra.jpeg\",\"contentUrl\":\"https:\\\/\\\/lacolmena.link\\\/cinenjambre\\\/wp-content\\\/uploads\\\/sites\\\/3\\\/2022\\\/09\\\/sabra.jpeg\",\"width\":1200,\"height\":675},{\"@type\":\"BreadcrumbList\",\"@id\":\"https:\\\/\\\/lacolmena.link\\\/cinenjambre\\\/2022\\\/09\\\/26\\\/la-cuarta-pelicula-de-capitan-america-contara-con-la-participacion-de-sabra-la-controvertida-super-heroina-israeli\\\/#breadcrumb\",\"itemListElement\":[{\"@type\":\"ListItem\",\"position\":1,\"name\":\"Portada\",\"item\":\"https:\\\/\\\/lacolmena.link\\\/cinenjambre\\\/\"},{\"@type\":\"ListItem\",\"position\":2,\"name\":\"La cuarta pel\u00edcula de Capit\u00e1n Am\u00e9rica contar\u00e1 con la participaci\u00f3n de Sabra, la controvertida s\u00faper hero\u00edna israel\u00ed\"}]},{\"@type\":\"WebSite\",\"@id\":\"https:\\\/\\\/lacolmena.link\\\/cinenjambre\\\/#website\",\"url\":\"https:\\\/\\\/lacolmena.link\\\/cinenjambre\\\/\",\"name\":\"CINENJAMBRE \ud83c\udf7f\",\"description\":\"Noticias, rese\u00f1as, lanzamientos y m\u00e1s\",\"publisher\":{\"@id\":\"https:\\\/\\\/lacolmena.link\\\/cinenjambre\\\/#organization\"},\"potentialAction\":[{\"@type\":\"SearchAction\",\"target\":{\"@type\":\"EntryPoint\",\"urlTemplate\":\"https:\\\/\\\/lacolmena.link\\\/cinenjambre\\\/?s={search_term_string}\"},\"query-input\":{\"@type\":\"PropertyValueSpecification\",\"valueRequired\":true,\"valueName\":\"search_term_string\"}}],\"inLanguage\":\"es\"},{\"@type\":\"Organization\",\"@id\":\"https:\\\/\\\/lacolmena.link\\\/cinenjambre\\\/#organization\",\"name\":\"CINENJAMBRE \ud83c\udf7f\",\"url\":\"https:\\\/\\\/lacolmena.link\\\/cinenjambre\\\/\",\"logo\":{\"@type\":\"ImageObject\",\"inLanguage\":\"es\",\"@id\":\"https:\\\/\\\/lacolmena.link\\\/cinenjambre\\\/#\\\/schema\\\/logo\\\/image\\\/\",\"url\":\"https:\\\/\\\/lacolmena.link\\\/cinenjambre\\\/wp-content\\\/uploads\\\/sites\\\/3\\\/2021\\\/01\\\/cropped-cinenjambre-1.png\",\"contentUrl\":\"https:\\\/\\\/lacolmena.link\\\/cinenjambre\\\/wp-content\\\/uploads\\\/sites\\\/3\\\/2021\\\/01\\\/cropped-cinenjambre-1.png\",\"width\":512,\"height\":512,\"caption\":\"CINENJAMBRE \ud83c\udf7f\"},\"image\":{\"@id\":\"https:\\\/\\\/lacolmena.link\\\/cinenjambre\\\/#\\\/schema\\\/logo\\\/image\\\/\"}},{\"@type\":\"Person\",\"@id\":\"https:\\\/\\\/lacolmena.link\\\/cinenjambre\\\/#\\\/schema\\\/person\\\/c9cf15753a37512b326eb033bd39843c\",\"name\":\"El Marco\",\"image\":{\"@type\":\"ImageObject\",\"inLanguage\":\"es\",\"@id\":\"https:\\\/\\\/secure.gravatar.com\\\/avatar\\\/d16bed066026570385fca223acc49ae8544fd038a897a85586e0ba3c69b70fa5?s=96&d=mm&r=g\",\"url\":\"https:\\\/\\\/secure.gravatar.com\\\/avatar\\\/d16bed066026570385fca223acc49ae8544fd038a897a85586e0ba3c69b70fa5?s=96&d=mm&r=g\",\"contentUrl\":\"https:\\\/\\\/secure.gravatar.com\\\/avatar\\\/d16bed066026570385fca223acc49ae8544fd038a897a85586e0ba3c69b70fa5?s=96&d=mm&r=g\",\"caption\":\"El Marco\"},\"url\":\"https:\\\/\\\/lacolmena.link\\\/cinenjambre\\\/author\\\/marco\\\/\"}]}<\/script>\n<!-- \/ Yoast SEO plugin. -->","yoast_head_json":{"title":"La cuarta pel\u00edcula de Capit\u00e1n Am\u00e9rica contar\u00e1 con la participaci\u00f3n de Sabra, la controvertida s\u00faper hero\u00edna israel\u00ed - CINENJAMBRE \ud83c\udf7f","robots":{"index":"index","follow":"follow","max-snippet":"max-snippet:-1","max-image-preview":"max-image-preview:large","max-video-preview":"max-video-preview:-1"},"canonical":"https:\/\/lacolmena.link\/cinenjambre\/2022\/09\/26\/la-cuarta-pelicula-de-capitan-america-contara-con-la-participacion-de-sabra-la-controvertida-super-heroina-israeli\/","og_locale":"es_ES","og_type":"article","og_title":"La cuarta pel\u00edcula de Capit\u00e1n Am\u00e9rica contar\u00e1 con la participaci\u00f3n de Sabra, la controvertida s\u00faper hero\u00edna israel\u00ed - CINENJAMBRE \ud83c\udf7f","og_description":"Previamente dentro del evento D23 en donde Disney involucr\u00f3 a Marvel se dio a conocer que la actriz Shira Haas quien es conocida por haber participado en la serie de Netflix, Poco Ortodoxa, ser\u00e1 la nueva agregada para ser parte del Universo Cinem\u00e1tico Marvel para la pel\u00edcula Capit\u00e1n Am\u00e9rica: Nuevo Orden Mundial (New World Order), [&hellip;]","og_url":"https:\/\/lacolmena.link\/cinenjambre\/2022\/09\/26\/la-cuarta-pelicula-de-capitan-america-contara-con-la-participacion-de-sabra-la-controvertida-super-heroina-israeli\/","og_site_name":"CINENJAMBRE \ud83c\udf7f","article_published_time":"2022-09-26T23:38:47+00:00","og_image":[{"width":1200,"height":675,"url":"https:\/\/lacolmena.link\/cinenjambre\/wp-content\/uploads\/sites\/3\/2022\/09\/sabra.jpeg","type":"image\/jpeg"}],"author":"El Marco","twitter_card":"summary_large_image","twitter_misc":{"Escrito por":"El Marco","Tiempo de lectura":"1 minuto"},"schema":{"@context":"https:\/\/schema.org","@graph":[{"@type":"Article","@id":"https:\/\/lacolmena.link\/cinenjambre\/2022\/09\/26\/la-cuarta-pelicula-de-capitan-america-contara-con-la-participacion-de-sabra-la-controvertida-super-heroina-israeli\/#article","isPartOf":{"@id":"https:\/\/lacolmena.link\/cinenjambre\/2022\/09\/26\/la-cuarta-pelicula-de-capitan-america-contara-con-la-participacion-de-sabra-la-controvertida-super-heroina-israeli\/"},"author":{"name":"El Marco","@id":"https:\/\/lacolmena.link\/cinenjambre\/#\/schema\/person\/c9cf15753a37512b326eb033bd39843c"},"headline":"La cuarta pel\u00edcula de Capit\u00e1n Am\u00e9rica contar\u00e1 con la participaci\u00f3n de Sabra, la controvertida s\u00faper hero\u00edna israel\u00ed","datePublished":"2022-09-26T23:38:47+00:00","mainEntityOfPage":{"@id":"https:\/\/lacolmena.link\/cinenjambre\/2022\/09\/26\/la-cuarta-pelicula-de-capitan-america-contara-con-la-participacion-de-sabra-la-controvertida-super-heroina-israeli\/"},"wordCount":245,"commentCount":0,"publisher":{"@id":"https:\/\/lacolmena.link\/cinenjambre\/#organization"},"image":{"@id":"https:\/\/lacolmena.link\/cinenjambre\/2022\/09\/26\/la-cuarta-pelicula-de-capitan-america-contara-con-la-participacion-de-sabra-la-controvertida-super-heroina-israeli\/#primaryimage"},"thumbnailUrl":"https:\/\/lacolmena.link\/cinenjambre\/wp-content\/uploads\/sites\/3\/2022\/09\/sabra.jpeg","keywords":["Capit\u00e1n Am\u00e9rica: Nuevo Orden Mundial","D23","marvel","Sabra","Shira Haas"],"articleSection":["Noticias"],"inLanguage":"es","potentialAction":[{"@type":"CommentAction","name":"Comment","target":["https:\/\/lacolmena.link\/cinenjambre\/2022\/09\/26\/la-cuarta-pelicula-de-capitan-america-contara-con-la-participacion-de-sabra-la-controvertida-super-heroina-israeli\/#respond"]}]},{"@type":"WebPage","@id":"https:\/\/lacolmena.link\/cinenjambre\/2022\/09\/26\/la-cuarta-pelicula-de-capitan-america-contara-con-la-participacion-de-sabra-la-controvertida-super-heroina-israeli\/","url":"https:\/\/lacolmena.link\/cinenjambre\/2022\/09\/26\/la-cuarta-pelicula-de-capitan-america-contara-con-la-participacion-de-sabra-la-controvertida-super-heroina-israeli\/","name":"La cuarta pel\u00edcula de Capit\u00e1n Am\u00e9rica contar\u00e1 con la participaci\u00f3n de Sabra, la controvertida s\u00faper hero\u00edna israel\u00ed - CINENJAMBRE \ud83c\udf7f","isPartOf":{"@id":"https:\/\/lacolmena.link\/cinenjambre\/#website"},"primaryImageOfPage":{"@id":"https:\/\/lacolmena.link\/cinenjambre\/2022\/09\/26\/la-cuarta-pelicula-de-capitan-america-contara-con-la-participacion-de-sabra-la-controvertida-super-heroina-israeli\/#primaryimage"},"image":{"@id":"https:\/\/lacolmena.link\/cinenjambre\/2022\/09\/26\/la-cuarta-pelicula-de-capitan-america-contara-con-la-participacion-de-sabra-la-controvertida-super-heroina-israeli\/#primaryimage"},"thumbnailUrl":"https:\/\/lacolmena.link\/cinenjambre\/wp-content\/uploads\/sites\/3\/2022\/09\/sabra.jpeg","datePublished":"2022-09-26T23:38:47+00:00","breadcrumb":{"@id":"https:\/\/lacolmena.link\/cinenjambre\/2022\/09\/26\/la-cuarta-pelicula-de-capitan-america-contara-con-la-participacion-de-sabra-la-controvertida-super-heroina-israeli\/#breadcrumb"},"inLanguage":"es","potentialAction":[{"@type":"ReadAction","target":["https:\/\/lacolmena.link\/cinenjambre\/2022\/09\/26\/la-cuarta-pelicula-de-capitan-america-contara-con-la-participacion-de-sabra-la-controvertida-super-heroina-israeli\/"]}]},{"@type":"ImageObject","inLanguage":"es","@id":"https:\/\/lacolmena.link\/cinenjambre\/2022\/09\/26\/la-cuarta-pelicula-de-capitan-america-contara-con-la-participacion-de-sabra-la-controvertida-super-heroina-israeli\/#primaryimage","url":"https:\/\/lacolmena.link\/cinenjambre\/wp-content\/uploads\/sites\/3\/2022\/09\/sabra.jpeg","contentUrl":"https:\/\/lacolmena.link\/cinenjambre\/wp-content\/uploads\/sites\/3\/2022\/09\/sabra.jpeg","width":1200,"height":675},{"@type":"BreadcrumbList","@id":"https:\/\/lacolmena.link\/cinenjambre\/2022\/09\/26\/la-cuarta-pelicula-de-capitan-america-contara-con-la-participacion-de-sabra-la-controvertida-super-heroina-israeli\/#breadcrumb","itemListElement":[{"@type":"ListItem","position":1,"name":"Portada","item":"https:\/\/lacolmena.link\/cinenjambre\/"},{"@type":"ListItem","position":2,"name":"La cuarta pel\u00edcula de Capit\u00e1n Am\u00e9rica contar\u00e1 con la participaci\u00f3n de Sabra, la controvertida s\u00faper hero\u00edna israel\u00ed"}]},{"@type":"WebSite","@id":"https:\/\/lacolmena.link\/cinenjambre\/#website","url":"https:\/\/lacolmena.link\/cinenjambre\/","name":"CINENJAMBRE \ud83c\udf7f","description":"Noticias, rese\u00f1as, lanzamientos y m\u00e1s","publisher":{"@id":"https:\/\/lacolmena.link\/cinenjambre\/#organization"},"potentialAction":[{"@type":"SearchAction","target":{"@type":"EntryPoint","urlTemplate":"https:\/\/lacolmena.link\/cinenjambre\/?s={search_term_string}"},"query-input":{"@type":"PropertyValueSpecification","valueRequired":true,"valueName":"search_term_string"}}],"inLanguage":"es"},{"@type":"Organization","@id":"https:\/\/lacolmena.link\/cinenjambre\/#organization","name":"CINENJAMBRE \ud83c\udf7f","url":"https:\/\/lacolmena.link\/cinenjambre\/","logo":{"@type":"ImageObject","inLanguage":"es","@id":"https:\/\/lacolmena.link\/cinenjambre\/#\/schema\/logo\/image\/","url":"https:\/\/lacolmena.link\/cinenjambre\/wp-content\/uploads\/sites\/3\/2021\/01\/cropped-cinenjambre-1.png","contentUrl":"https:\/\/lacolmena.link\/cinenjambre\/wp-content\/uploads\/sites\/3\/2021\/01\/cropped-cinenjambre-1.png","width":512,"height":512,"caption":"CINENJAMBRE \ud83c\udf7f"},"image":{"@id":"https:\/\/lacolmena.link\/cinenjambre\/#\/schema\/logo\/image\/"}},{"@type":"Person","@id":"https:\/\/lacolmena.link\/cinenjambre\/#\/schema\/person\/c9cf15753a37512b326eb033bd39843c","name":"El Marco","image":{"@type":"ImageObject","inLanguage":"es","@id":"https:\/\/secure.gravatar.com\/avatar\/d16bed066026570385fca223acc49ae8544fd038a897a85586e0ba3c69b70fa5?s=96&d=mm&r=g","url":"https:\/\/secure.gravatar.com\/avatar\/d16bed066026570385fca223acc49ae8544fd038a897a85586e0ba3c69b70fa5?s=96&d=mm&r=g","contentUrl":"https:\/\/secure.gravatar.com\/avatar\/d16bed066026570385fca223acc49ae8544fd038a897a85586e0ba3c69b70fa5?s=96&d=mm&r=g","caption":"El Marco"},"url":"https:\/\/lacolmena.link\/cinenjambre\/author\/marco\/"}]}},"_links":{"self":[{"href":"https:\/\/lacolmena.link\/cinenjambre\/wp-json\/wp\/v2\/posts\/1893","targetHints":{"allow":["GET"]}}],"collection":[{"href":"https:\/\/lacolmena.link\/cinenjambre\/wp-json\/wp\/v2\/posts"}],"about":[{"href":"https:\/\/lacolmena.link\/cinenjambre\/wp-json\/wp\/v2\/types\/post"}],"author":[{"embeddable":true,"href":"https:\/\/lacolmena.link\/cinenjambre\/wp-json\/wp\/v2\/users\/2"}],"replies":[{"embeddable":true,"href":"https:\/\/lacolmena.link\/cinenjambre\/wp-json\/wp\/v2\/comments?post=1893"}],"version-history":[{"count":1,"href":"https:\/\/lacolmena.link\/cinenjambre\/wp-json\/wp\/v2\/posts\/1893\/revisions"}],"predecessor-version":[{"id":1895,"href":"https:\/\/lacolmena.link\/cinenjambre\/wp-json\/wp\/v2\/posts\/1893\/revisions\/1895"}],"wp:featuredmedia":[{"embeddable":true,"href":"https:\/\/lacolmena.link\/cinenjambre\/wp-json\/wp\/v2\/media\/1894"}],"wp:attachment":[{"href":"https:\/\/lacolmena.link\/cinenjambre\/wp-json\/wp\/v2\/media?parent=1893"}],"wp:term":[{"taxonomy":"category","embeddable":true,"href":"https:\/\/lacolmena.link\/cinenjambre\/wp-json\/wp\/v2\/categories?post=1893"},{"taxonomy":"post_tag","embeddable":true,"href":"https:\/\/lacolmena.link\/cinenjambre\/wp-json\/wp\/v2\/tags?post=1893"}],"curies":[{"name":"wp","href":"https:\/\/api.w.org\/{rel}","templated":true}]}}