{"id":1919,"date":"2023-06-21T15:48:55","date_gmt":"2023-06-21T20:48:55","guid":{"rendered":"https:\/\/lacolmena.link\/cinenjambre\/?p=1919"},"modified":"2023-06-21T15:48:55","modified_gmt":"2023-06-21T20:48:55","slug":"se-anuncia-la-fecha-de-inicio-de-produccion-para-la-tercer-pelicula-de-sonic","status":"publish","type":"post","link":"https:\/\/lacolmena.link\/cinenjambre\/2023\/06\/21\/se-anuncia-la-fecha-de-inicio-de-produccion-para-la-tercer-pelicula-de-sonic\/","title":{"rendered":"Se anuncia la fecha de inicio de producci\u00f3n para la tercer pel\u00edcula de Sonic"},"content":{"rendered":"<p style=\"text-align: justify\">De acuerdo a la lista de producciones perteneciente a <strong>Paramount Pictures<\/strong>, la tercer pel\u00edcula basada en el personaje salido de los videojuegos de <strong>SEGA<\/strong>, <em>Sonic the Hedgehog<\/em>, tendr\u00e1 el inicio de su producci\u00f3n para el pr\u00f3ximo <strong>31 de Agosto<\/strong>. El comienzo de de los trabajos cinematogr\u00e1ficos se llevar\u00e1n a cabo en <strong>Londres<\/strong>.<\/p>\n<p style=\"text-align: justify\">La tercer aventura de <strong>Sonic<\/strong> y compa\u00f1\u00eda se espera que llegue a salas de cine para el <strong>20 de Diciembre de 2024<\/strong>.<\/p>\n<p style=\"text-align: justify\">La direcci\u00f3n queda a cargo de <strong>Jeff Fowler<\/strong>, con un guion escrito por <strong>Pat Casey<\/strong> y <strong>Josh Miller<\/strong>. Con la producci\u00f3n en manos de <strong>Neal H. Moritz<\/strong>, <strong>Hajime Satomi<\/strong>, <strong>Toby Ascher<\/strong>, <strong>Tim Miller<\/strong>, <strong>Nan Morales<\/strong> y <strong>Toru Nakahara<\/strong>. Se espera que\u00a0<strong>Ben Schwartz<\/strong> repita su participaci\u00f3n como la voz de <strong>Sonic<\/strong>.<\/p>\n<p style=\"text-align: justify\">Fuente: <a href=\"https:\/\/www.comingsoon.net\/movies\/news\/1298098-sonic-the-hedgehog-3-production-start-date-revealed-for-ben-schwartz-led-movie\">ComingSoon<\/a><\/p>\n","protected":false},"excerpt":{"rendered":"<p>De acuerdo a la lista de producciones perteneciente a Paramount Pictures, la tercer pel\u00edcula basada en el personaje salido de los videojuegos de SEGA, Sonic the Hedgehog, tendr\u00e1 el inicio de su producci\u00f3n para el pr\u00f3ximo 31 de Agosto. El comienzo de de los trabajos cinematogr\u00e1ficos se llevar\u00e1n a cabo en Londres. La tercer aventura [&hellip;]<\/p>\n","protected":false},"author":2,"featured_media":1920,"comment_status":"open","ping_status":"open","sticky":false,"template":"","format":"standard","meta":{"footnotes":""},"categories":[958],"tags":[1086,1083,1085,1082,1084,507],"class_list":["post-1919","post","type-post","status-publish","format-standard","has-post-thumbnail","hentry","category-noticias","tag-ben-schwartz","tag-jeff-fowler","tag-josh-miller","tag-paramount-pictures","tag-pat-casey","tag-sonic-the-hedgehog"],"yoast_head":"<!-- This site is optimized with the Yoast SEO plugin v27.5 - https:\/\/yoast.com\/product\/yoast-seo-wordpress\/ -->\n<title>Se anuncia la fecha de inicio de producci\u00f3n para la tercer pel\u00edcula de Sonic - CINENJAMBRE \ud83c\udf7f<\/title>\n<meta name=\"robots\" content=\"index, follow, max-snippet:-1, max-image-preview:large, max-video-preview:-1\" \/>\n<link rel=\"canonical\" href=\"https:\/\/lacolmena.link\/cinenjambre\/2023\/06\/21\/se-anuncia-la-fecha-de-inicio-de-produccion-para-la-tercer-pelicula-de-sonic\/\" \/>\n<meta property=\"og:locale\" content=\"es_ES\" \/>\n<meta property=\"og:type\" content=\"article\" \/>\n<meta property=\"og:title\" content=\"Se anuncia la fecha de inicio de producci\u00f3n para la tercer pel\u00edcula de Sonic - CINENJAMBRE \ud83c\udf7f\" \/>\n<meta property=\"og:description\" content=\"De acuerdo a la lista de producciones perteneciente a Paramount Pictures, la tercer pel\u00edcula basada en el personaje salido de los videojuegos de SEGA, Sonic the Hedgehog, tendr\u00e1 el inicio de su producci\u00f3n para el pr\u00f3ximo 31 de Agosto. El comienzo de de los trabajos cinematogr\u00e1ficos se llevar\u00e1n a cabo en Londres. La tercer aventura [&hellip;]\" \/>\n<meta property=\"og:url\" content=\"https:\/\/lacolmena.link\/cinenjambre\/2023\/06\/21\/se-anuncia-la-fecha-de-inicio-de-produccion-para-la-tercer-pelicula-de-sonic\/\" \/>\n<meta property=\"og:site_name\" content=\"CINENJAMBRE \ud83c\udf7f\" \/>\n<meta property=\"article:published_time\" content=\"2023-06-21T20:48:55+00:00\" \/>\n<meta property=\"og:image\" content=\"https:\/\/lacolmena.link\/cinenjambre\/wp-content\/uploads\/sites\/3\/2023\/06\/sonic_pelicula.jpg\" \/>\n\t<meta property=\"og:image:width\" content=\"1500\" \/>\n\t<meta property=\"og:image:height\" content=\"1000\" \/>\n\t<meta property=\"og:image:type\" content=\"image\/jpeg\" \/>\n<meta name=\"author\" content=\"El Marco\" \/>\n<meta name=\"twitter:card\" content=\"summary_large_image\" \/>\n<meta name=\"twitter:label1\" content=\"Escrito por\" \/>\n\t<meta name=\"twitter:data1\" content=\"El Marco\" \/>\n\t<meta name=\"twitter:label2\" content=\"Tiempo de lectura\" \/>\n\t<meta name=\"twitter:data2\" content=\"1 minuto\" \/>\n<script type=\"application\/ld+json\" class=\"yoast-schema-graph\">{\"@context\":\"https:\\\/\\\/schema.org\",\"@graph\":[{\"@type\":\"Article\",\"@id\":\"https:\\\/\\\/lacolmena.link\\\/cinenjambre\\\/2023\\\/06\\\/21\\\/se-anuncia-la-fecha-de-inicio-de-produccion-para-la-tercer-pelicula-de-sonic\\\/#article\",\"isPartOf\":{\"@id\":\"https:\\\/\\\/lacolmena.link\\\/cinenjambre\\\/2023\\\/06\\\/21\\\/se-anuncia-la-fecha-de-inicio-de-produccion-para-la-tercer-pelicula-de-sonic\\\/\"},\"author\":{\"name\":\"El Marco\",\"@id\":\"https:\\\/\\\/lacolmena.link\\\/cinenjambre\\\/#\\\/schema\\\/person\\\/c9cf15753a37512b326eb033bd39843c\"},\"headline\":\"Se anuncia la fecha de inicio de producci\u00f3n para la tercer pel\u00edcula de Sonic\",\"datePublished\":\"2023-06-21T20:48:55+00:00\",\"mainEntityOfPage\":{\"@id\":\"https:\\\/\\\/lacolmena.link\\\/cinenjambre\\\/2023\\\/06\\\/21\\\/se-anuncia-la-fecha-de-inicio-de-produccion-para-la-tercer-pelicula-de-sonic\\\/\"},\"wordCount\":149,\"commentCount\":0,\"publisher\":{\"@id\":\"https:\\\/\\\/lacolmena.link\\\/cinenjambre\\\/#organization\"},\"image\":{\"@id\":\"https:\\\/\\\/lacolmena.link\\\/cinenjambre\\\/2023\\\/06\\\/21\\\/se-anuncia-la-fecha-de-inicio-de-produccion-para-la-tercer-pelicula-de-sonic\\\/#primaryimage\"},\"thumbnailUrl\":\"https:\\\/\\\/lacolmena.link\\\/cinenjambre\\\/wp-content\\\/uploads\\\/sites\\\/3\\\/2023\\\/06\\\/sonic_pelicula.jpg\",\"keywords\":[\"Ben Schwartz\",\"Jeff Fowler\",\"Josh Miller\",\"Paramount Pictures\",\"Pat Casey\",\"sonic the hedgehog\"],\"articleSection\":[\"Noticias\"],\"inLanguage\":\"es\",\"potentialAction\":[{\"@type\":\"CommentAction\",\"name\":\"Comment\",\"target\":[\"https:\\\/\\\/lacolmena.link\\\/cinenjambre\\\/2023\\\/06\\\/21\\\/se-anuncia-la-fecha-de-inicio-de-produccion-para-la-tercer-pelicula-de-sonic\\\/#respond\"]}]},{\"@type\":\"WebPage\",\"@id\":\"https:\\\/\\\/lacolmena.link\\\/cinenjambre\\\/2023\\\/06\\\/21\\\/se-anuncia-la-fecha-de-inicio-de-produccion-para-la-tercer-pelicula-de-sonic\\\/\",\"url\":\"https:\\\/\\\/lacolmena.link\\\/cinenjambre\\\/2023\\\/06\\\/21\\\/se-anuncia-la-fecha-de-inicio-de-produccion-para-la-tercer-pelicula-de-sonic\\\/\",\"name\":\"Se anuncia la fecha de inicio de producci\u00f3n para la tercer pel\u00edcula de Sonic - CINENJAMBRE \ud83c\udf7f\",\"isPartOf\":{\"@id\":\"https:\\\/\\\/lacolmena.link\\\/cinenjambre\\\/#website\"},\"primaryImageOfPage\":{\"@id\":\"https:\\\/\\\/lacolmena.link\\\/cinenjambre\\\/2023\\\/06\\\/21\\\/se-anuncia-la-fecha-de-inicio-de-produccion-para-la-tercer-pelicula-de-sonic\\\/#primaryimage\"},\"image\":{\"@id\":\"https:\\\/\\\/lacolmena.link\\\/cinenjambre\\\/2023\\\/06\\\/21\\\/se-anuncia-la-fecha-de-inicio-de-produccion-para-la-tercer-pelicula-de-sonic\\\/#primaryimage\"},\"thumbnailUrl\":\"https:\\\/\\\/lacolmena.link\\\/cinenjambre\\\/wp-content\\\/uploads\\\/sites\\\/3\\\/2023\\\/06\\\/sonic_pelicula.jpg\",\"datePublished\":\"2023-06-21T20:48:55+00:00\",\"breadcrumb\":{\"@id\":\"https:\\\/\\\/lacolmena.link\\\/cinenjambre\\\/2023\\\/06\\\/21\\\/se-anuncia-la-fecha-de-inicio-de-produccion-para-la-tercer-pelicula-de-sonic\\\/#breadcrumb\"},\"inLanguage\":\"es\",\"potentialAction\":[{\"@type\":\"ReadAction\",\"target\":[\"https:\\\/\\\/lacolmena.link\\\/cinenjambre\\\/2023\\\/06\\\/21\\\/se-anuncia-la-fecha-de-inicio-de-produccion-para-la-tercer-pelicula-de-sonic\\\/\"]}]},{\"@type\":\"ImageObject\",\"inLanguage\":\"es\",\"@id\":\"https:\\\/\\\/lacolmena.link\\\/cinenjambre\\\/2023\\\/06\\\/21\\\/se-anuncia-la-fecha-de-inicio-de-produccion-para-la-tercer-pelicula-de-sonic\\\/#primaryimage\",\"url\":\"https:\\\/\\\/lacolmena.link\\\/cinenjambre\\\/wp-content\\\/uploads\\\/sites\\\/3\\\/2023\\\/06\\\/sonic_pelicula.jpg\",\"contentUrl\":\"https:\\\/\\\/lacolmena.link\\\/cinenjambre\\\/wp-content\\\/uploads\\\/sites\\\/3\\\/2023\\\/06\\\/sonic_pelicula.jpg\",\"width\":1500,\"height\":1000},{\"@type\":\"BreadcrumbList\",\"@id\":\"https:\\\/\\\/lacolmena.link\\\/cinenjambre\\\/2023\\\/06\\\/21\\\/se-anuncia-la-fecha-de-inicio-de-produccion-para-la-tercer-pelicula-de-sonic\\\/#breadcrumb\",\"itemListElement\":[{\"@type\":\"ListItem\",\"position\":1,\"name\":\"Portada\",\"item\":\"https:\\\/\\\/lacolmena.link\\\/cinenjambre\\\/\"},{\"@type\":\"ListItem\",\"position\":2,\"name\":\"Se anuncia la fecha de inicio de producci\u00f3n para la tercer pel\u00edcula de Sonic\"}]},{\"@type\":\"WebSite\",\"@id\":\"https:\\\/\\\/lacolmena.link\\\/cinenjambre\\\/#website\",\"url\":\"https:\\\/\\\/lacolmena.link\\\/cinenjambre\\\/\",\"name\":\"CINENJAMBRE \ud83c\udf7f\",\"description\":\"Noticias, rese\u00f1as, lanzamientos y m\u00e1s\",\"publisher\":{\"@id\":\"https:\\\/\\\/lacolmena.link\\\/cinenjambre\\\/#organization\"},\"potentialAction\":[{\"@type\":\"SearchAction\",\"target\":{\"@type\":\"EntryPoint\",\"urlTemplate\":\"https:\\\/\\\/lacolmena.link\\\/cinenjambre\\\/?s={search_term_string}\"},\"query-input\":{\"@type\":\"PropertyValueSpecification\",\"valueRequired\":true,\"valueName\":\"search_term_string\"}}],\"inLanguage\":\"es\"},{\"@type\":\"Organization\",\"@id\":\"https:\\\/\\\/lacolmena.link\\\/cinenjambre\\\/#organization\",\"name\":\"CINENJAMBRE \ud83c\udf7f\",\"url\":\"https:\\\/\\\/lacolmena.link\\\/cinenjambre\\\/\",\"logo\":{\"@type\":\"ImageObject\",\"inLanguage\":\"es\",\"@id\":\"https:\\\/\\\/lacolmena.link\\\/cinenjambre\\\/#\\\/schema\\\/logo\\\/image\\\/\",\"url\":\"https:\\\/\\\/lacolmena.link\\\/cinenjambre\\\/wp-content\\\/uploads\\\/sites\\\/3\\\/2021\\\/01\\\/cropped-cinenjambre-1.png\",\"contentUrl\":\"https:\\\/\\\/lacolmena.link\\\/cinenjambre\\\/wp-content\\\/uploads\\\/sites\\\/3\\\/2021\\\/01\\\/cropped-cinenjambre-1.png\",\"width\":512,\"height\":512,\"caption\":\"CINENJAMBRE \ud83c\udf7f\"},\"image\":{\"@id\":\"https:\\\/\\\/lacolmena.link\\\/cinenjambre\\\/#\\\/schema\\\/logo\\\/image\\\/\"}},{\"@type\":\"Person\",\"@id\":\"https:\\\/\\\/lacolmena.link\\\/cinenjambre\\\/#\\\/schema\\\/person\\\/c9cf15753a37512b326eb033bd39843c\",\"name\":\"El Marco\",\"image\":{\"@type\":\"ImageObject\",\"inLanguage\":\"es\",\"@id\":\"https:\\\/\\\/secure.gravatar.com\\\/avatar\\\/d16bed066026570385fca223acc49ae8544fd038a897a85586e0ba3c69b70fa5?s=96&d=mm&r=g\",\"url\":\"https:\\\/\\\/secure.gravatar.com\\\/avatar\\\/d16bed066026570385fca223acc49ae8544fd038a897a85586e0ba3c69b70fa5?s=96&d=mm&r=g\",\"contentUrl\":\"https:\\\/\\\/secure.gravatar.com\\\/avatar\\\/d16bed066026570385fca223acc49ae8544fd038a897a85586e0ba3c69b70fa5?s=96&d=mm&r=g\",\"caption\":\"El Marco\"},\"url\":\"https:\\\/\\\/lacolmena.link\\\/cinenjambre\\\/author\\\/marco\\\/\"}]}<\/script>\n<!-- \/ Yoast SEO plugin. -->","yoast_head_json":{"title":"Se anuncia la fecha de inicio de producci\u00f3n para la tercer pel\u00edcula de Sonic - CINENJAMBRE \ud83c\udf7f","robots":{"index":"index","follow":"follow","max-snippet":"max-snippet:-1","max-image-preview":"max-image-preview:large","max-video-preview":"max-video-preview:-1"},"canonical":"https:\/\/lacolmena.link\/cinenjambre\/2023\/06\/21\/se-anuncia-la-fecha-de-inicio-de-produccion-para-la-tercer-pelicula-de-sonic\/","og_locale":"es_ES","og_type":"article","og_title":"Se anuncia la fecha de inicio de producci\u00f3n para la tercer pel\u00edcula de Sonic - CINENJAMBRE \ud83c\udf7f","og_description":"De acuerdo a la lista de producciones perteneciente a Paramount Pictures, la tercer pel\u00edcula basada en el personaje salido de los videojuegos de SEGA, Sonic the Hedgehog, tendr\u00e1 el inicio de su producci\u00f3n para el pr\u00f3ximo 31 de Agosto. El comienzo de de los trabajos cinematogr\u00e1ficos se llevar\u00e1n a cabo en Londres. La tercer aventura [&hellip;]","og_url":"https:\/\/lacolmena.link\/cinenjambre\/2023\/06\/21\/se-anuncia-la-fecha-de-inicio-de-produccion-para-la-tercer-pelicula-de-sonic\/","og_site_name":"CINENJAMBRE \ud83c\udf7f","article_published_time":"2023-06-21T20:48:55+00:00","og_image":[{"width":1500,"height":1000,"url":"https:\/\/lacolmena.link\/cinenjambre\/wp-content\/uploads\/sites\/3\/2023\/06\/sonic_pelicula.jpg","type":"image\/jpeg"}],"author":"El Marco","twitter_card":"summary_large_image","twitter_misc":{"Escrito por":"El Marco","Tiempo de lectura":"1 minuto"},"schema":{"@context":"https:\/\/schema.org","@graph":[{"@type":"Article","@id":"https:\/\/lacolmena.link\/cinenjambre\/2023\/06\/21\/se-anuncia-la-fecha-de-inicio-de-produccion-para-la-tercer-pelicula-de-sonic\/#article","isPartOf":{"@id":"https:\/\/lacolmena.link\/cinenjambre\/2023\/06\/21\/se-anuncia-la-fecha-de-inicio-de-produccion-para-la-tercer-pelicula-de-sonic\/"},"author":{"name":"El Marco","@id":"https:\/\/lacolmena.link\/cinenjambre\/#\/schema\/person\/c9cf15753a37512b326eb033bd39843c"},"headline":"Se anuncia la fecha de inicio de producci\u00f3n para la tercer pel\u00edcula de Sonic","datePublished":"2023-06-21T20:48:55+00:00","mainEntityOfPage":{"@id":"https:\/\/lacolmena.link\/cinenjambre\/2023\/06\/21\/se-anuncia-la-fecha-de-inicio-de-produccion-para-la-tercer-pelicula-de-sonic\/"},"wordCount":149,"commentCount":0,"publisher":{"@id":"https:\/\/lacolmena.link\/cinenjambre\/#organization"},"image":{"@id":"https:\/\/lacolmena.link\/cinenjambre\/2023\/06\/21\/se-anuncia-la-fecha-de-inicio-de-produccion-para-la-tercer-pelicula-de-sonic\/#primaryimage"},"thumbnailUrl":"https:\/\/lacolmena.link\/cinenjambre\/wp-content\/uploads\/sites\/3\/2023\/06\/sonic_pelicula.jpg","keywords":["Ben Schwartz","Jeff Fowler","Josh Miller","Paramount Pictures","Pat Casey","sonic the hedgehog"],"articleSection":["Noticias"],"inLanguage":"es","potentialAction":[{"@type":"CommentAction","name":"Comment","target":["https:\/\/lacolmena.link\/cinenjambre\/2023\/06\/21\/se-anuncia-la-fecha-de-inicio-de-produccion-para-la-tercer-pelicula-de-sonic\/#respond"]}]},{"@type":"WebPage","@id":"https:\/\/lacolmena.link\/cinenjambre\/2023\/06\/21\/se-anuncia-la-fecha-de-inicio-de-produccion-para-la-tercer-pelicula-de-sonic\/","url":"https:\/\/lacolmena.link\/cinenjambre\/2023\/06\/21\/se-anuncia-la-fecha-de-inicio-de-produccion-para-la-tercer-pelicula-de-sonic\/","name":"Se anuncia la fecha de inicio de producci\u00f3n para la tercer pel\u00edcula de Sonic - CINENJAMBRE \ud83c\udf7f","isPartOf":{"@id":"https:\/\/lacolmena.link\/cinenjambre\/#website"},"primaryImageOfPage":{"@id":"https:\/\/lacolmena.link\/cinenjambre\/2023\/06\/21\/se-anuncia-la-fecha-de-inicio-de-produccion-para-la-tercer-pelicula-de-sonic\/#primaryimage"},"image":{"@id":"https:\/\/lacolmena.link\/cinenjambre\/2023\/06\/21\/se-anuncia-la-fecha-de-inicio-de-produccion-para-la-tercer-pelicula-de-sonic\/#primaryimage"},"thumbnailUrl":"https:\/\/lacolmena.link\/cinenjambre\/wp-content\/uploads\/sites\/3\/2023\/06\/sonic_pelicula.jpg","datePublished":"2023-06-21T20:48:55+00:00","breadcrumb":{"@id":"https:\/\/lacolmena.link\/cinenjambre\/2023\/06\/21\/se-anuncia-la-fecha-de-inicio-de-produccion-para-la-tercer-pelicula-de-sonic\/#breadcrumb"},"inLanguage":"es","potentialAction":[{"@type":"ReadAction","target":["https:\/\/lacolmena.link\/cinenjambre\/2023\/06\/21\/se-anuncia-la-fecha-de-inicio-de-produccion-para-la-tercer-pelicula-de-sonic\/"]}]},{"@type":"ImageObject","inLanguage":"es","@id":"https:\/\/lacolmena.link\/cinenjambre\/2023\/06\/21\/se-anuncia-la-fecha-de-inicio-de-produccion-para-la-tercer-pelicula-de-sonic\/#primaryimage","url":"https:\/\/lacolmena.link\/cinenjambre\/wp-content\/uploads\/sites\/3\/2023\/06\/sonic_pelicula.jpg","contentUrl":"https:\/\/lacolmena.link\/cinenjambre\/wp-content\/uploads\/sites\/3\/2023\/06\/sonic_pelicula.jpg","width":1500,"height":1000},{"@type":"BreadcrumbList","@id":"https:\/\/lacolmena.link\/cinenjambre\/2023\/06\/21\/se-anuncia-la-fecha-de-inicio-de-produccion-para-la-tercer-pelicula-de-sonic\/#breadcrumb","itemListElement":[{"@type":"ListItem","position":1,"name":"Portada","item":"https:\/\/lacolmena.link\/cinenjambre\/"},{"@type":"ListItem","position":2,"name":"Se anuncia la fecha de inicio de producci\u00f3n para la tercer pel\u00edcula de Sonic"}]},{"@type":"WebSite","@id":"https:\/\/lacolmena.link\/cinenjambre\/#website","url":"https:\/\/lacolmena.link\/cinenjambre\/","name":"CINENJAMBRE \ud83c\udf7f","description":"Noticias, rese\u00f1as, lanzamientos y m\u00e1s","publisher":{"@id":"https:\/\/lacolmena.link\/cinenjambre\/#organization"},"potentialAction":[{"@type":"SearchAction","target":{"@type":"EntryPoint","urlTemplate":"https:\/\/lacolmena.link\/cinenjambre\/?s={search_term_string}"},"query-input":{"@type":"PropertyValueSpecification","valueRequired":true,"valueName":"search_term_string"}}],"inLanguage":"es"},{"@type":"Organization","@id":"https:\/\/lacolmena.link\/cinenjambre\/#organization","name":"CINENJAMBRE \ud83c\udf7f","url":"https:\/\/lacolmena.link\/cinenjambre\/","logo":{"@type":"ImageObject","inLanguage":"es","@id":"https:\/\/lacolmena.link\/cinenjambre\/#\/schema\/logo\/image\/","url":"https:\/\/lacolmena.link\/cinenjambre\/wp-content\/uploads\/sites\/3\/2021\/01\/cropped-cinenjambre-1.png","contentUrl":"https:\/\/lacolmena.link\/cinenjambre\/wp-content\/uploads\/sites\/3\/2021\/01\/cropped-cinenjambre-1.png","width":512,"height":512,"caption":"CINENJAMBRE \ud83c\udf7f"},"image":{"@id":"https:\/\/lacolmena.link\/cinenjambre\/#\/schema\/logo\/image\/"}},{"@type":"Person","@id":"https:\/\/lacolmena.link\/cinenjambre\/#\/schema\/person\/c9cf15753a37512b326eb033bd39843c","name":"El Marco","image":{"@type":"ImageObject","inLanguage":"es","@id":"https:\/\/secure.gravatar.com\/avatar\/d16bed066026570385fca223acc49ae8544fd038a897a85586e0ba3c69b70fa5?s=96&d=mm&r=g","url":"https:\/\/secure.gravatar.com\/avatar\/d16bed066026570385fca223acc49ae8544fd038a897a85586e0ba3c69b70fa5?s=96&d=mm&r=g","contentUrl":"https:\/\/secure.gravatar.com\/avatar\/d16bed066026570385fca223acc49ae8544fd038a897a85586e0ba3c69b70fa5?s=96&d=mm&r=g","caption":"El Marco"},"url":"https:\/\/lacolmena.link\/cinenjambre\/author\/marco\/"}]}},"_links":{"self":[{"href":"https:\/\/lacolmena.link\/cinenjambre\/wp-json\/wp\/v2\/posts\/1919","targetHints":{"allow":["GET"]}}],"collection":[{"href":"https:\/\/lacolmena.link\/cinenjambre\/wp-json\/wp\/v2\/posts"}],"about":[{"href":"https:\/\/lacolmena.link\/cinenjambre\/wp-json\/wp\/v2\/types\/post"}],"author":[{"embeddable":true,"href":"https:\/\/lacolmena.link\/cinenjambre\/wp-json\/wp\/v2\/users\/2"}],"replies":[{"embeddable":true,"href":"https:\/\/lacolmena.link\/cinenjambre\/wp-json\/wp\/v2\/comments?post=1919"}],"version-history":[{"count":1,"href":"https:\/\/lacolmena.link\/cinenjambre\/wp-json\/wp\/v2\/posts\/1919\/revisions"}],"predecessor-version":[{"id":1921,"href":"https:\/\/lacolmena.link\/cinenjambre\/wp-json\/wp\/v2\/posts\/1919\/revisions\/1921"}],"wp:featuredmedia":[{"embeddable":true,"href":"https:\/\/lacolmena.link\/cinenjambre\/wp-json\/wp\/v2\/media\/1920"}],"wp:attachment":[{"href":"https:\/\/lacolmena.link\/cinenjambre\/wp-json\/wp\/v2\/media?parent=1919"}],"wp:term":[{"taxonomy":"category","embeddable":true,"href":"https:\/\/lacolmena.link\/cinenjambre\/wp-json\/wp\/v2\/categories?post=1919"},{"taxonomy":"post_tag","embeddable":true,"href":"https:\/\/lacolmena.link\/cinenjambre\/wp-json\/wp\/v2\/tags?post=1919"}],"curies":[{"name":"wp","href":"https:\/\/api.w.org\/{rel}","templated":true}]}}