{"id":1957,"date":"2023-06-28T19:53:05","date_gmt":"2023-06-29T00:53:05","guid":{"rendered":"https:\/\/lacolmena.link\/cinenjambre\/?p=1957"},"modified":"2023-06-28T19:53:05","modified_gmt":"2023-06-29T00:53:05","slug":"fallece-la-dama-del-buen-decir-talina-fernandez","status":"publish","type":"post","link":"https:\/\/lacolmena.link\/cinenjambre\/2023\/06\/28\/fallece-la-dama-del-buen-decir-talina-fernandez\/","title":{"rendered":"Fallece \u00abLa Dama del Buen Decir\u00bb, Talina Fern\u00e1ndez"},"content":{"rendered":"<p style=\"text-align: justify\">Sorpresivamente y a a trav\u00e9s de las redes sociales, as\u00ed como de diversos medios de comunicaci\u00f3n confiables nos enteramos de la triste noticia del fallecimiento de la conductora, actriz y productora, <strong>Catalina Mar\u00eda del Sagrado Coraz\u00f3n Fern\u00e1ndez-Ver\u00f3 Vela<\/strong>, mejor conocida en el medio art\u00edstico como <strong>Talina Fern\u00e1ndez<\/strong>.<\/p>\n<p style=\"text-align: justify\">Su familia ha confirmado que falleci\u00f3, luego de haber sido hospitalizada de emergencia la ma\u00f1ana de este mi\u00e9rcoles.<\/p>\n<p style=\"text-align: justify\">Inici\u00f3 su carrera art\u00edstica en <strong>1970<\/strong> al ser iniciada en el programa de televisi\u00f3n del conductor argentino, <strong>Ra\u00fal Astor<\/strong>, <em>La Cosquilla<\/em>. Luego fue invitada por el periodista <strong>Juan Calder\u00f3n<\/strong> al programa <em>Mujeres, Mujeres y algo m\u00e1s<\/em>.<\/p>\n<p style=\"text-align: justify\">Continu\u00f3 teniendo una larga trayectoria como conductora en diversos programas de televisi\u00f3n, adem\u00e1s de continuar tambi\u00e9n en algunos papeles en telenovelas, as\u00ed como el ser productora de diversos programas para la televisi\u00f3n. Igualmente tuvo participaciones en teatro, radio y en v\u00eddeos digitales para distribuci\u00f3n en internet.<\/p>\n<p style=\"text-align: justify\">Finalmente tuvo una destacada participaci\u00f3n en el programa <em>MasterChef Celebrity M\u00e9xico<\/em> en <strong>2022<\/strong>.<\/p>\n<p style=\"text-align: justify\">Descanse en Paz \u00ab<strong>La Dama del Buen Decir<\/strong>\u00ab, <strong>Talina Fern\u00e1ndez<\/strong> (<strong>1944- 2023<\/strong>).<\/p>\n","protected":false},"excerpt":{"rendered":"<p>Sorpresivamente y a a trav\u00e9s de las redes sociales, as\u00ed como de diversos medios de comunicaci\u00f3n confiables nos enteramos de la triste noticia del fallecimiento de la conductora, actriz y productora, Catalina Mar\u00eda del Sagrado Coraz\u00f3n Fern\u00e1ndez-Ver\u00f3 Vela, mejor conocida en el medio art\u00edstico como Talina Fern\u00e1ndez. Su familia ha confirmado que falleci\u00f3, luego de [&hellip;]<\/p>\n","protected":false},"author":2,"featured_media":1960,"comment_status":"open","ping_status":"open","sticky":false,"template":"","format":"standard","meta":{"footnotes":""},"categories":[958],"tags":[1116,1117,1115,1114],"class_list":["post-1957","post","type-post","status-publish","format-standard","has-post-thumbnail","hentry","category-noticias","tag-juan-calderon","tag-masterchef-celebrity-mexico","tag-raul-astor","tag-talina-fernandez"],"yoast_head":"<!-- This site is optimized with the Yoast SEO plugin v27.5 - https:\/\/yoast.com\/product\/yoast-seo-wordpress\/ -->\n<title>Fallece &quot;La Dama del Buen Decir&quot;, Talina Fern\u00e1ndez - CINENJAMBRE \ud83c\udf7f<\/title>\n<meta name=\"robots\" content=\"index, follow, max-snippet:-1, max-image-preview:large, max-video-preview:-1\" \/>\n<link rel=\"canonical\" href=\"https:\/\/lacolmena.link\/cinenjambre\/2023\/06\/28\/fallece-la-dama-del-buen-decir-talina-fernandez\/\" \/>\n<meta property=\"og:locale\" content=\"es_ES\" \/>\n<meta property=\"og:type\" content=\"article\" \/>\n<meta property=\"og:title\" content=\"Fallece &quot;La Dama del Buen Decir&quot;, Talina Fern\u00e1ndez - CINENJAMBRE \ud83c\udf7f\" \/>\n<meta property=\"og:description\" content=\"Sorpresivamente y a a trav\u00e9s de las redes sociales, as\u00ed como de diversos medios de comunicaci\u00f3n confiables nos enteramos de la triste noticia del fallecimiento de la conductora, actriz y productora, Catalina Mar\u00eda del Sagrado Coraz\u00f3n Fern\u00e1ndez-Ver\u00f3 Vela, mejor conocida en el medio art\u00edstico como Talina Fern\u00e1ndez. Su familia ha confirmado que falleci\u00f3, luego de [&hellip;]\" \/>\n<meta property=\"og:url\" content=\"https:\/\/lacolmena.link\/cinenjambre\/2023\/06\/28\/fallece-la-dama-del-buen-decir-talina-fernandez\/\" \/>\n<meta property=\"og:site_name\" content=\"CINENJAMBRE \ud83c\udf7f\" \/>\n<meta property=\"article:published_time\" content=\"2023-06-29T00:53:05+00:00\" \/>\n<meta property=\"og:image\" content=\"https:\/\/lacolmena.link\/cinenjambre\/wp-content\/uploads\/sites\/3\/2023\/06\/talina_fernandez_1.jpg\" \/>\n\t<meta property=\"og:image:width\" content=\"1920\" \/>\n\t<meta property=\"og:image:height\" content=\"1080\" \/>\n\t<meta property=\"og:image:type\" content=\"image\/jpeg\" \/>\n<meta name=\"author\" content=\"El Marco\" \/>\n<meta name=\"twitter:card\" content=\"summary_large_image\" \/>\n<meta name=\"twitter:label1\" content=\"Escrito por\" \/>\n\t<meta name=\"twitter:data1\" content=\"El Marco\" \/>\n\t<meta name=\"twitter:label2\" content=\"Tiempo de lectura\" \/>\n\t<meta name=\"twitter:data2\" content=\"1 minuto\" \/>\n<script type=\"application\/ld+json\" class=\"yoast-schema-graph\">{\"@context\":\"https:\\\/\\\/schema.org\",\"@graph\":[{\"@type\":\"Article\",\"@id\":\"https:\\\/\\\/lacolmena.link\\\/cinenjambre\\\/2023\\\/06\\\/28\\\/fallece-la-dama-del-buen-decir-talina-fernandez\\\/#article\",\"isPartOf\":{\"@id\":\"https:\\\/\\\/lacolmena.link\\\/cinenjambre\\\/2023\\\/06\\\/28\\\/fallece-la-dama-del-buen-decir-talina-fernandez\\\/\"},\"author\":{\"name\":\"El Marco\",\"@id\":\"https:\\\/\\\/lacolmena.link\\\/cinenjambre\\\/#\\\/schema\\\/person\\\/c9cf15753a37512b326eb033bd39843c\"},\"headline\":\"Fallece \u00abLa Dama del Buen Decir\u00bb, Talina Fern\u00e1ndez\",\"datePublished\":\"2023-06-29T00:53:05+00:00\",\"mainEntityOfPage\":{\"@id\":\"https:\\\/\\\/lacolmena.link\\\/cinenjambre\\\/2023\\\/06\\\/28\\\/fallece-la-dama-del-buen-decir-talina-fernandez\\\/\"},\"wordCount\":201,\"commentCount\":0,\"publisher\":{\"@id\":\"https:\\\/\\\/lacolmena.link\\\/cinenjambre\\\/#organization\"},\"image\":{\"@id\":\"https:\\\/\\\/lacolmena.link\\\/cinenjambre\\\/2023\\\/06\\\/28\\\/fallece-la-dama-del-buen-decir-talina-fernandez\\\/#primaryimage\"},\"thumbnailUrl\":\"https:\\\/\\\/lacolmena.link\\\/cinenjambre\\\/wp-content\\\/uploads\\\/sites\\\/3\\\/2023\\\/06\\\/talina_fernandez_1.jpg\",\"keywords\":[\"Juan Calderon\",\"MasterChef Celebrity M\u00e9xico\",\"Ra\u00fal Astor\",\"Talina Fern\u00e1ndez\"],\"articleSection\":[\"Noticias\"],\"inLanguage\":\"es\",\"potentialAction\":[{\"@type\":\"CommentAction\",\"name\":\"Comment\",\"target\":[\"https:\\\/\\\/lacolmena.link\\\/cinenjambre\\\/2023\\\/06\\\/28\\\/fallece-la-dama-del-buen-decir-talina-fernandez\\\/#respond\"]}]},{\"@type\":\"WebPage\",\"@id\":\"https:\\\/\\\/lacolmena.link\\\/cinenjambre\\\/2023\\\/06\\\/28\\\/fallece-la-dama-del-buen-decir-talina-fernandez\\\/\",\"url\":\"https:\\\/\\\/lacolmena.link\\\/cinenjambre\\\/2023\\\/06\\\/28\\\/fallece-la-dama-del-buen-decir-talina-fernandez\\\/\",\"name\":\"Fallece \\\"La Dama del Buen Decir\\\", Talina Fern\u00e1ndez - CINENJAMBRE \ud83c\udf7f\",\"isPartOf\":{\"@id\":\"https:\\\/\\\/lacolmena.link\\\/cinenjambre\\\/#website\"},\"primaryImageOfPage\":{\"@id\":\"https:\\\/\\\/lacolmena.link\\\/cinenjambre\\\/2023\\\/06\\\/28\\\/fallece-la-dama-del-buen-decir-talina-fernandez\\\/#primaryimage\"},\"image\":{\"@id\":\"https:\\\/\\\/lacolmena.link\\\/cinenjambre\\\/2023\\\/06\\\/28\\\/fallece-la-dama-del-buen-decir-talina-fernandez\\\/#primaryimage\"},\"thumbnailUrl\":\"https:\\\/\\\/lacolmena.link\\\/cinenjambre\\\/wp-content\\\/uploads\\\/sites\\\/3\\\/2023\\\/06\\\/talina_fernandez_1.jpg\",\"datePublished\":\"2023-06-29T00:53:05+00:00\",\"breadcrumb\":{\"@id\":\"https:\\\/\\\/lacolmena.link\\\/cinenjambre\\\/2023\\\/06\\\/28\\\/fallece-la-dama-del-buen-decir-talina-fernandez\\\/#breadcrumb\"},\"inLanguage\":\"es\",\"potentialAction\":[{\"@type\":\"ReadAction\",\"target\":[\"https:\\\/\\\/lacolmena.link\\\/cinenjambre\\\/2023\\\/06\\\/28\\\/fallece-la-dama-del-buen-decir-talina-fernandez\\\/\"]}]},{\"@type\":\"ImageObject\",\"inLanguage\":\"es\",\"@id\":\"https:\\\/\\\/lacolmena.link\\\/cinenjambre\\\/2023\\\/06\\\/28\\\/fallece-la-dama-del-buen-decir-talina-fernandez\\\/#primaryimage\",\"url\":\"https:\\\/\\\/lacolmena.link\\\/cinenjambre\\\/wp-content\\\/uploads\\\/sites\\\/3\\\/2023\\\/06\\\/talina_fernandez_1.jpg\",\"contentUrl\":\"https:\\\/\\\/lacolmena.link\\\/cinenjambre\\\/wp-content\\\/uploads\\\/sites\\\/3\\\/2023\\\/06\\\/talina_fernandez_1.jpg\",\"width\":1920,\"height\":1080},{\"@type\":\"BreadcrumbList\",\"@id\":\"https:\\\/\\\/lacolmena.link\\\/cinenjambre\\\/2023\\\/06\\\/28\\\/fallece-la-dama-del-buen-decir-talina-fernandez\\\/#breadcrumb\",\"itemListElement\":[{\"@type\":\"ListItem\",\"position\":1,\"name\":\"Portada\",\"item\":\"https:\\\/\\\/lacolmena.link\\\/cinenjambre\\\/\"},{\"@type\":\"ListItem\",\"position\":2,\"name\":\"Fallece \u00abLa Dama del Buen Decir\u00bb, Talina Fern\u00e1ndez\"}]},{\"@type\":\"WebSite\",\"@id\":\"https:\\\/\\\/lacolmena.link\\\/cinenjambre\\\/#website\",\"url\":\"https:\\\/\\\/lacolmena.link\\\/cinenjambre\\\/\",\"name\":\"CINENJAMBRE \ud83c\udf7f\",\"description\":\"Noticias, rese\u00f1as, lanzamientos y m\u00e1s\",\"publisher\":{\"@id\":\"https:\\\/\\\/lacolmena.link\\\/cinenjambre\\\/#organization\"},\"potentialAction\":[{\"@type\":\"SearchAction\",\"target\":{\"@type\":\"EntryPoint\",\"urlTemplate\":\"https:\\\/\\\/lacolmena.link\\\/cinenjambre\\\/?s={search_term_string}\"},\"query-input\":{\"@type\":\"PropertyValueSpecification\",\"valueRequired\":true,\"valueName\":\"search_term_string\"}}],\"inLanguage\":\"es\"},{\"@type\":\"Organization\",\"@id\":\"https:\\\/\\\/lacolmena.link\\\/cinenjambre\\\/#organization\",\"name\":\"CINENJAMBRE \ud83c\udf7f\",\"url\":\"https:\\\/\\\/lacolmena.link\\\/cinenjambre\\\/\",\"logo\":{\"@type\":\"ImageObject\",\"inLanguage\":\"es\",\"@id\":\"https:\\\/\\\/lacolmena.link\\\/cinenjambre\\\/#\\\/schema\\\/logo\\\/image\\\/\",\"url\":\"https:\\\/\\\/lacolmena.link\\\/cinenjambre\\\/wp-content\\\/uploads\\\/sites\\\/3\\\/2021\\\/01\\\/cropped-cinenjambre-1.png\",\"contentUrl\":\"https:\\\/\\\/lacolmena.link\\\/cinenjambre\\\/wp-content\\\/uploads\\\/sites\\\/3\\\/2021\\\/01\\\/cropped-cinenjambre-1.png\",\"width\":512,\"height\":512,\"caption\":\"CINENJAMBRE \ud83c\udf7f\"},\"image\":{\"@id\":\"https:\\\/\\\/lacolmena.link\\\/cinenjambre\\\/#\\\/schema\\\/logo\\\/image\\\/\"}},{\"@type\":\"Person\",\"@id\":\"https:\\\/\\\/lacolmena.link\\\/cinenjambre\\\/#\\\/schema\\\/person\\\/c9cf15753a37512b326eb033bd39843c\",\"name\":\"El Marco\",\"image\":{\"@type\":\"ImageObject\",\"inLanguage\":\"es\",\"@id\":\"https:\\\/\\\/secure.gravatar.com\\\/avatar\\\/d16bed066026570385fca223acc49ae8544fd038a897a85586e0ba3c69b70fa5?s=96&d=mm&r=g\",\"url\":\"https:\\\/\\\/secure.gravatar.com\\\/avatar\\\/d16bed066026570385fca223acc49ae8544fd038a897a85586e0ba3c69b70fa5?s=96&d=mm&r=g\",\"contentUrl\":\"https:\\\/\\\/secure.gravatar.com\\\/avatar\\\/d16bed066026570385fca223acc49ae8544fd038a897a85586e0ba3c69b70fa5?s=96&d=mm&r=g\",\"caption\":\"El Marco\"},\"url\":\"https:\\\/\\\/lacolmena.link\\\/cinenjambre\\\/author\\\/marco\\\/\"}]}<\/script>\n<!-- \/ Yoast SEO plugin. -->","yoast_head_json":{"title":"Fallece \"La Dama del Buen Decir\", Talina Fern\u00e1ndez - CINENJAMBRE \ud83c\udf7f","robots":{"index":"index","follow":"follow","max-snippet":"max-snippet:-1","max-image-preview":"max-image-preview:large","max-video-preview":"max-video-preview:-1"},"canonical":"https:\/\/lacolmena.link\/cinenjambre\/2023\/06\/28\/fallece-la-dama-del-buen-decir-talina-fernandez\/","og_locale":"es_ES","og_type":"article","og_title":"Fallece \"La Dama del Buen Decir\", Talina Fern\u00e1ndez - CINENJAMBRE \ud83c\udf7f","og_description":"Sorpresivamente y a a trav\u00e9s de las redes sociales, as\u00ed como de diversos medios de comunicaci\u00f3n confiables nos enteramos de la triste noticia del fallecimiento de la conductora, actriz y productora, Catalina Mar\u00eda del Sagrado Coraz\u00f3n Fern\u00e1ndez-Ver\u00f3 Vela, mejor conocida en el medio art\u00edstico como Talina Fern\u00e1ndez. Su familia ha confirmado que falleci\u00f3, luego de [&hellip;]","og_url":"https:\/\/lacolmena.link\/cinenjambre\/2023\/06\/28\/fallece-la-dama-del-buen-decir-talina-fernandez\/","og_site_name":"CINENJAMBRE \ud83c\udf7f","article_published_time":"2023-06-29T00:53:05+00:00","og_image":[{"width":1920,"height":1080,"url":"https:\/\/lacolmena.link\/cinenjambre\/wp-content\/uploads\/sites\/3\/2023\/06\/talina_fernandez_1.jpg","type":"image\/jpeg"}],"author":"El Marco","twitter_card":"summary_large_image","twitter_misc":{"Escrito por":"El Marco","Tiempo de lectura":"1 minuto"},"schema":{"@context":"https:\/\/schema.org","@graph":[{"@type":"Article","@id":"https:\/\/lacolmena.link\/cinenjambre\/2023\/06\/28\/fallece-la-dama-del-buen-decir-talina-fernandez\/#article","isPartOf":{"@id":"https:\/\/lacolmena.link\/cinenjambre\/2023\/06\/28\/fallece-la-dama-del-buen-decir-talina-fernandez\/"},"author":{"name":"El Marco","@id":"https:\/\/lacolmena.link\/cinenjambre\/#\/schema\/person\/c9cf15753a37512b326eb033bd39843c"},"headline":"Fallece \u00abLa Dama del Buen Decir\u00bb, Talina Fern\u00e1ndez","datePublished":"2023-06-29T00:53:05+00:00","mainEntityOfPage":{"@id":"https:\/\/lacolmena.link\/cinenjambre\/2023\/06\/28\/fallece-la-dama-del-buen-decir-talina-fernandez\/"},"wordCount":201,"commentCount":0,"publisher":{"@id":"https:\/\/lacolmena.link\/cinenjambre\/#organization"},"image":{"@id":"https:\/\/lacolmena.link\/cinenjambre\/2023\/06\/28\/fallece-la-dama-del-buen-decir-talina-fernandez\/#primaryimage"},"thumbnailUrl":"https:\/\/lacolmena.link\/cinenjambre\/wp-content\/uploads\/sites\/3\/2023\/06\/talina_fernandez_1.jpg","keywords":["Juan Calderon","MasterChef Celebrity M\u00e9xico","Ra\u00fal Astor","Talina Fern\u00e1ndez"],"articleSection":["Noticias"],"inLanguage":"es","potentialAction":[{"@type":"CommentAction","name":"Comment","target":["https:\/\/lacolmena.link\/cinenjambre\/2023\/06\/28\/fallece-la-dama-del-buen-decir-talina-fernandez\/#respond"]}]},{"@type":"WebPage","@id":"https:\/\/lacolmena.link\/cinenjambre\/2023\/06\/28\/fallece-la-dama-del-buen-decir-talina-fernandez\/","url":"https:\/\/lacolmena.link\/cinenjambre\/2023\/06\/28\/fallece-la-dama-del-buen-decir-talina-fernandez\/","name":"Fallece \"La Dama del Buen Decir\", Talina Fern\u00e1ndez - CINENJAMBRE \ud83c\udf7f","isPartOf":{"@id":"https:\/\/lacolmena.link\/cinenjambre\/#website"},"primaryImageOfPage":{"@id":"https:\/\/lacolmena.link\/cinenjambre\/2023\/06\/28\/fallece-la-dama-del-buen-decir-talina-fernandez\/#primaryimage"},"image":{"@id":"https:\/\/lacolmena.link\/cinenjambre\/2023\/06\/28\/fallece-la-dama-del-buen-decir-talina-fernandez\/#primaryimage"},"thumbnailUrl":"https:\/\/lacolmena.link\/cinenjambre\/wp-content\/uploads\/sites\/3\/2023\/06\/talina_fernandez_1.jpg","datePublished":"2023-06-29T00:53:05+00:00","breadcrumb":{"@id":"https:\/\/lacolmena.link\/cinenjambre\/2023\/06\/28\/fallece-la-dama-del-buen-decir-talina-fernandez\/#breadcrumb"},"inLanguage":"es","potentialAction":[{"@type":"ReadAction","target":["https:\/\/lacolmena.link\/cinenjambre\/2023\/06\/28\/fallece-la-dama-del-buen-decir-talina-fernandez\/"]}]},{"@type":"ImageObject","inLanguage":"es","@id":"https:\/\/lacolmena.link\/cinenjambre\/2023\/06\/28\/fallece-la-dama-del-buen-decir-talina-fernandez\/#primaryimage","url":"https:\/\/lacolmena.link\/cinenjambre\/wp-content\/uploads\/sites\/3\/2023\/06\/talina_fernandez_1.jpg","contentUrl":"https:\/\/lacolmena.link\/cinenjambre\/wp-content\/uploads\/sites\/3\/2023\/06\/talina_fernandez_1.jpg","width":1920,"height":1080},{"@type":"BreadcrumbList","@id":"https:\/\/lacolmena.link\/cinenjambre\/2023\/06\/28\/fallece-la-dama-del-buen-decir-talina-fernandez\/#breadcrumb","itemListElement":[{"@type":"ListItem","position":1,"name":"Portada","item":"https:\/\/lacolmena.link\/cinenjambre\/"},{"@type":"ListItem","position":2,"name":"Fallece \u00abLa Dama del Buen Decir\u00bb, Talina Fern\u00e1ndez"}]},{"@type":"WebSite","@id":"https:\/\/lacolmena.link\/cinenjambre\/#website","url":"https:\/\/lacolmena.link\/cinenjambre\/","name":"CINENJAMBRE \ud83c\udf7f","description":"Noticias, rese\u00f1as, lanzamientos y m\u00e1s","publisher":{"@id":"https:\/\/lacolmena.link\/cinenjambre\/#organization"},"potentialAction":[{"@type":"SearchAction","target":{"@type":"EntryPoint","urlTemplate":"https:\/\/lacolmena.link\/cinenjambre\/?s={search_term_string}"},"query-input":{"@type":"PropertyValueSpecification","valueRequired":true,"valueName":"search_term_string"}}],"inLanguage":"es"},{"@type":"Organization","@id":"https:\/\/lacolmena.link\/cinenjambre\/#organization","name":"CINENJAMBRE \ud83c\udf7f","url":"https:\/\/lacolmena.link\/cinenjambre\/","logo":{"@type":"ImageObject","inLanguage":"es","@id":"https:\/\/lacolmena.link\/cinenjambre\/#\/schema\/logo\/image\/","url":"https:\/\/lacolmena.link\/cinenjambre\/wp-content\/uploads\/sites\/3\/2021\/01\/cropped-cinenjambre-1.png","contentUrl":"https:\/\/lacolmena.link\/cinenjambre\/wp-content\/uploads\/sites\/3\/2021\/01\/cropped-cinenjambre-1.png","width":512,"height":512,"caption":"CINENJAMBRE \ud83c\udf7f"},"image":{"@id":"https:\/\/lacolmena.link\/cinenjambre\/#\/schema\/logo\/image\/"}},{"@type":"Person","@id":"https:\/\/lacolmena.link\/cinenjambre\/#\/schema\/person\/c9cf15753a37512b326eb033bd39843c","name":"El Marco","image":{"@type":"ImageObject","inLanguage":"es","@id":"https:\/\/secure.gravatar.com\/avatar\/d16bed066026570385fca223acc49ae8544fd038a897a85586e0ba3c69b70fa5?s=96&d=mm&r=g","url":"https:\/\/secure.gravatar.com\/avatar\/d16bed066026570385fca223acc49ae8544fd038a897a85586e0ba3c69b70fa5?s=96&d=mm&r=g","contentUrl":"https:\/\/secure.gravatar.com\/avatar\/d16bed066026570385fca223acc49ae8544fd038a897a85586e0ba3c69b70fa5?s=96&d=mm&r=g","caption":"El Marco"},"url":"https:\/\/lacolmena.link\/cinenjambre\/author\/marco\/"}]}},"_links":{"self":[{"href":"https:\/\/lacolmena.link\/cinenjambre\/wp-json\/wp\/v2\/posts\/1957","targetHints":{"allow":["GET"]}}],"collection":[{"href":"https:\/\/lacolmena.link\/cinenjambre\/wp-json\/wp\/v2\/posts"}],"about":[{"href":"https:\/\/lacolmena.link\/cinenjambre\/wp-json\/wp\/v2\/types\/post"}],"author":[{"embeddable":true,"href":"https:\/\/lacolmena.link\/cinenjambre\/wp-json\/wp\/v2\/users\/2"}],"replies":[{"embeddable":true,"href":"https:\/\/lacolmena.link\/cinenjambre\/wp-json\/wp\/v2\/comments?post=1957"}],"version-history":[{"count":1,"href":"https:\/\/lacolmena.link\/cinenjambre\/wp-json\/wp\/v2\/posts\/1957\/revisions"}],"predecessor-version":[{"id":1959,"href":"https:\/\/lacolmena.link\/cinenjambre\/wp-json\/wp\/v2\/posts\/1957\/revisions\/1959"}],"wp:featuredmedia":[{"embeddable":true,"href":"https:\/\/lacolmena.link\/cinenjambre\/wp-json\/wp\/v2\/media\/1960"}],"wp:attachment":[{"href":"https:\/\/lacolmena.link\/cinenjambre\/wp-json\/wp\/v2\/media?parent=1957"}],"wp:term":[{"taxonomy":"category","embeddable":true,"href":"https:\/\/lacolmena.link\/cinenjambre\/wp-json\/wp\/v2\/categories?post=1957"},{"taxonomy":"post_tag","embeddable":true,"href":"https:\/\/lacolmena.link\/cinenjambre\/wp-json\/wp\/v2\/tags?post=1957"}],"curies":[{"name":"wp","href":"https:\/\/api.w.org\/{rel}","templated":true}]}}