{"id":1980,"date":"2023-07-11T21:29:01","date_gmt":"2023-07-12T02:29:01","guid":{"rendered":"https:\/\/lacolmena.link\/cinenjambre\/?p=1980"},"modified":"2023-07-11T21:29:01","modified_gmt":"2023-07-12T02:29:01","slug":"se-integran-mas-actores-en-la-alineacion-de-superman-legacy","status":"publish","type":"post","link":"https:\/\/lacolmena.link\/cinenjambre\/2023\/07\/11\/se-integran-mas-actores-en-la-alineacion-de-superman-legacy\/","title":{"rendered":"Se integran m\u00e1s actores en la alineaci\u00f3n de Superman: Legacy"},"content":{"rendered":"<p style=\"text-align: justify\">El mes pasado ya por fin <strong>James Gunn<\/strong> dar\u00eda a conocer quienes ser\u00edan los actores principales dentro de la pel\u00edcula <a href=\"https:\/\/lacolmena.link\/cinenjambre\/2023\/06\/27\/james-gunn-ya-encontro-a-quienes-interpretaran-a-clark-kent-y-lois-lane-en-superman-legacy\/\"><em>Superman: Legacy<\/em><\/a>, siendo <strong>David Corenswet<\/strong> como <strong>Clark Kent<\/strong>\/<strong>Superman<\/strong> y <strong>Rachel Brosnahan<\/strong> como <strong>Lois Lane<\/strong>. Ahora, en este d\u00eda, se revelan los nuevos actores y sus roles dentro de la cinta que ser\u00e1 dirigida por <strong>Gunn<\/strong>.<\/p>\n<p style=\"text-align: justify\">De acuerdo a informaci\u00f3n del portal de noticias de entretenimiento, <strong>Variety<\/strong>, <strong>Nathan Fillion<\/strong> interpretar\u00e1 a <strong>Guy Gardner<\/strong>\/<strong>Linterna Verde<\/strong>, seguido por <strong>Isabela Merced<\/strong> quien ser\u00e1 <strong>Hawkgirl<\/strong> y finalmente <strong>Edi Gathegi<\/strong> quien representar\u00e1 a <strong>Mister Terrific<\/strong>.<\/p>\n<p style=\"text-align: justify\">Se va armando y tomando forma el proyecto para el nuevo <strong>Universo Cinem\u00e1tico de DC Comics<\/strong>. Luego de los eventos vistos en <em>Flash<\/em>, veremos los primeros cambios que se suscitar\u00e1n en torno al nuevo universo, que de entrada ser\u00e1 con la pel\u00edcula <em>Blue Beetle<\/em>, que llega para el pr\u00f3ximo <strong>17 de Agosto<\/strong>.<\/p>\n<p>Fuente: <a href=\"https:\/\/www.comingsoon.net\/movies\/news\/1305123-superman-legacy-adds-nathan-fillion-as-green-lantern-casts-other-dc-heroes\">ComingSoon<\/a><\/p>\n","protected":false},"excerpt":{"rendered":"<p>El mes pasado ya por fin James Gunn dar\u00eda a conocer quienes ser\u00edan los actores principales dentro de la pel\u00edcula Superman: Legacy, siendo David Corenswet como Clark Kent\/Superman y Rachel Brosnahan como Lois Lane. Ahora, en este d\u00eda, se revelan los nuevos actores y sus roles dentro de la cinta que ser\u00e1 dirigida por Gunn. [&hellip;]<\/p>\n","protected":false},"author":2,"featured_media":1981,"comment_status":"open","ping_status":"open","sticky":false,"template":"","format":"standard","meta":{"footnotes":""},"categories":[958],"tags":[1111,1129,1128,979,1127,1112,1081],"class_list":["post-1980","post","type-post","status-publish","format-standard","has-post-thumbnail","hentry","category-noticias","tag-david-corenswet","tag-edi-gathegi","tag-isabela-merced","tag-james-gunn","tag-nathan-fillion","tag-rachel-brosnahan","tag-superman-legacy"],"yoast_head":"<!-- This site is optimized with the Yoast SEO plugin v27.5 - https:\/\/yoast.com\/product\/yoast-seo-wordpress\/ -->\n<title>Se integran m\u00e1s actores en la alineaci\u00f3n de Superman: Legacy - CINENJAMBRE \ud83c\udf7f<\/title>\n<meta name=\"robots\" content=\"index, follow, max-snippet:-1, max-image-preview:large, max-video-preview:-1\" \/>\n<link rel=\"canonical\" href=\"https:\/\/lacolmena.link\/cinenjambre\/2023\/07\/11\/se-integran-mas-actores-en-la-alineacion-de-superman-legacy\/\" \/>\n<meta property=\"og:locale\" content=\"es_ES\" \/>\n<meta property=\"og:type\" content=\"article\" \/>\n<meta property=\"og:title\" content=\"Se integran m\u00e1s actores en la alineaci\u00f3n de Superman: Legacy - CINENJAMBRE \ud83c\udf7f\" \/>\n<meta property=\"og:description\" content=\"El mes pasado ya por fin James Gunn dar\u00eda a conocer quienes ser\u00edan los actores principales dentro de la pel\u00edcula Superman: Legacy, siendo David Corenswet como Clark Kent\/Superman y Rachel Brosnahan como Lois Lane. Ahora, en este d\u00eda, se revelan los nuevos actores y sus roles dentro de la cinta que ser\u00e1 dirigida por Gunn. [&hellip;]\" \/>\n<meta property=\"og:url\" content=\"https:\/\/lacolmena.link\/cinenjambre\/2023\/07\/11\/se-integran-mas-actores-en-la-alineacion-de-superman-legacy\/\" \/>\n<meta property=\"og:site_name\" content=\"CINENJAMBRE \ud83c\udf7f\" \/>\n<meta property=\"article:published_time\" content=\"2023-07-12T02:29:01+00:00\" \/>\n<meta property=\"og:image\" content=\"https:\/\/lacolmena.link\/cinenjambre\/wp-content\/uploads\/sites\/3\/2023\/07\/superman_legacy_2.jpg\" \/>\n\t<meta property=\"og:image:width\" content=\"1094\" \/>\n\t<meta property=\"og:image:height\" content=\"544\" \/>\n\t<meta property=\"og:image:type\" content=\"image\/jpeg\" \/>\n<meta name=\"author\" content=\"El Marco\" \/>\n<meta name=\"twitter:card\" content=\"summary_large_image\" \/>\n<meta name=\"twitter:label1\" content=\"Escrito por\" \/>\n\t<meta name=\"twitter:data1\" content=\"El Marco\" \/>\n\t<meta name=\"twitter:label2\" content=\"Tiempo de lectura\" \/>\n\t<meta name=\"twitter:data2\" content=\"1 minuto\" \/>\n<script type=\"application\/ld+json\" class=\"yoast-schema-graph\">{\"@context\":\"https:\\\/\\\/schema.org\",\"@graph\":[{\"@type\":\"Article\",\"@id\":\"https:\\\/\\\/lacolmena.link\\\/cinenjambre\\\/2023\\\/07\\\/11\\\/se-integran-mas-actores-en-la-alineacion-de-superman-legacy\\\/#article\",\"isPartOf\":{\"@id\":\"https:\\\/\\\/lacolmena.link\\\/cinenjambre\\\/2023\\\/07\\\/11\\\/se-integran-mas-actores-en-la-alineacion-de-superman-legacy\\\/\"},\"author\":{\"name\":\"El Marco\",\"@id\":\"https:\\\/\\\/lacolmena.link\\\/cinenjambre\\\/#\\\/schema\\\/person\\\/c9cf15753a37512b326eb033bd39843c\"},\"headline\":\"Se integran m\u00e1s actores en la alineaci\u00f3n de Superman: Legacy\",\"datePublished\":\"2023-07-12T02:29:01+00:00\",\"mainEntityOfPage\":{\"@id\":\"https:\\\/\\\/lacolmena.link\\\/cinenjambre\\\/2023\\\/07\\\/11\\\/se-integran-mas-actores-en-la-alineacion-de-superman-legacy\\\/\"},\"wordCount\":165,\"commentCount\":0,\"publisher\":{\"@id\":\"https:\\\/\\\/lacolmena.link\\\/cinenjambre\\\/#organization\"},\"image\":{\"@id\":\"https:\\\/\\\/lacolmena.link\\\/cinenjambre\\\/2023\\\/07\\\/11\\\/se-integran-mas-actores-en-la-alineacion-de-superman-legacy\\\/#primaryimage\"},\"thumbnailUrl\":\"https:\\\/\\\/lacolmena.link\\\/cinenjambre\\\/wp-content\\\/uploads\\\/sites\\\/3\\\/2023\\\/07\\\/superman_legacy_2.jpg\",\"keywords\":[\"David Corenswet\",\"Edi Gathegi\",\"Isabela Merced\",\"James Gunn\",\"Nathan Fillion\",\"Rachel Brosnahan\",\"Superman Legacy\"],\"articleSection\":[\"Noticias\"],\"inLanguage\":\"es\",\"potentialAction\":[{\"@type\":\"CommentAction\",\"name\":\"Comment\",\"target\":[\"https:\\\/\\\/lacolmena.link\\\/cinenjambre\\\/2023\\\/07\\\/11\\\/se-integran-mas-actores-en-la-alineacion-de-superman-legacy\\\/#respond\"]}]},{\"@type\":\"WebPage\",\"@id\":\"https:\\\/\\\/lacolmena.link\\\/cinenjambre\\\/2023\\\/07\\\/11\\\/se-integran-mas-actores-en-la-alineacion-de-superman-legacy\\\/\",\"url\":\"https:\\\/\\\/lacolmena.link\\\/cinenjambre\\\/2023\\\/07\\\/11\\\/se-integran-mas-actores-en-la-alineacion-de-superman-legacy\\\/\",\"name\":\"Se integran m\u00e1s actores en la alineaci\u00f3n de Superman: Legacy - CINENJAMBRE \ud83c\udf7f\",\"isPartOf\":{\"@id\":\"https:\\\/\\\/lacolmena.link\\\/cinenjambre\\\/#website\"},\"primaryImageOfPage\":{\"@id\":\"https:\\\/\\\/lacolmena.link\\\/cinenjambre\\\/2023\\\/07\\\/11\\\/se-integran-mas-actores-en-la-alineacion-de-superman-legacy\\\/#primaryimage\"},\"image\":{\"@id\":\"https:\\\/\\\/lacolmena.link\\\/cinenjambre\\\/2023\\\/07\\\/11\\\/se-integran-mas-actores-en-la-alineacion-de-superman-legacy\\\/#primaryimage\"},\"thumbnailUrl\":\"https:\\\/\\\/lacolmena.link\\\/cinenjambre\\\/wp-content\\\/uploads\\\/sites\\\/3\\\/2023\\\/07\\\/superman_legacy_2.jpg\",\"datePublished\":\"2023-07-12T02:29:01+00:00\",\"breadcrumb\":{\"@id\":\"https:\\\/\\\/lacolmena.link\\\/cinenjambre\\\/2023\\\/07\\\/11\\\/se-integran-mas-actores-en-la-alineacion-de-superman-legacy\\\/#breadcrumb\"},\"inLanguage\":\"es\",\"potentialAction\":[{\"@type\":\"ReadAction\",\"target\":[\"https:\\\/\\\/lacolmena.link\\\/cinenjambre\\\/2023\\\/07\\\/11\\\/se-integran-mas-actores-en-la-alineacion-de-superman-legacy\\\/\"]}]},{\"@type\":\"ImageObject\",\"inLanguage\":\"es\",\"@id\":\"https:\\\/\\\/lacolmena.link\\\/cinenjambre\\\/2023\\\/07\\\/11\\\/se-integran-mas-actores-en-la-alineacion-de-superman-legacy\\\/#primaryimage\",\"url\":\"https:\\\/\\\/lacolmena.link\\\/cinenjambre\\\/wp-content\\\/uploads\\\/sites\\\/3\\\/2023\\\/07\\\/superman_legacy_2.jpg\",\"contentUrl\":\"https:\\\/\\\/lacolmena.link\\\/cinenjambre\\\/wp-content\\\/uploads\\\/sites\\\/3\\\/2023\\\/07\\\/superman_legacy_2.jpg\",\"width\":1094,\"height\":544},{\"@type\":\"BreadcrumbList\",\"@id\":\"https:\\\/\\\/lacolmena.link\\\/cinenjambre\\\/2023\\\/07\\\/11\\\/se-integran-mas-actores-en-la-alineacion-de-superman-legacy\\\/#breadcrumb\",\"itemListElement\":[{\"@type\":\"ListItem\",\"position\":1,\"name\":\"Portada\",\"item\":\"https:\\\/\\\/lacolmena.link\\\/cinenjambre\\\/\"},{\"@type\":\"ListItem\",\"position\":2,\"name\":\"Se integran m\u00e1s actores en la alineaci\u00f3n de Superman: Legacy\"}]},{\"@type\":\"WebSite\",\"@id\":\"https:\\\/\\\/lacolmena.link\\\/cinenjambre\\\/#website\",\"url\":\"https:\\\/\\\/lacolmena.link\\\/cinenjambre\\\/\",\"name\":\"CINENJAMBRE \ud83c\udf7f\",\"description\":\"Noticias, rese\u00f1as, lanzamientos y m\u00e1s\",\"publisher\":{\"@id\":\"https:\\\/\\\/lacolmena.link\\\/cinenjambre\\\/#organization\"},\"potentialAction\":[{\"@type\":\"SearchAction\",\"target\":{\"@type\":\"EntryPoint\",\"urlTemplate\":\"https:\\\/\\\/lacolmena.link\\\/cinenjambre\\\/?s={search_term_string}\"},\"query-input\":{\"@type\":\"PropertyValueSpecification\",\"valueRequired\":true,\"valueName\":\"search_term_string\"}}],\"inLanguage\":\"es\"},{\"@type\":\"Organization\",\"@id\":\"https:\\\/\\\/lacolmena.link\\\/cinenjambre\\\/#organization\",\"name\":\"CINENJAMBRE \ud83c\udf7f\",\"url\":\"https:\\\/\\\/lacolmena.link\\\/cinenjambre\\\/\",\"logo\":{\"@type\":\"ImageObject\",\"inLanguage\":\"es\",\"@id\":\"https:\\\/\\\/lacolmena.link\\\/cinenjambre\\\/#\\\/schema\\\/logo\\\/image\\\/\",\"url\":\"https:\\\/\\\/lacolmena.link\\\/cinenjambre\\\/wp-content\\\/uploads\\\/sites\\\/3\\\/2021\\\/01\\\/cropped-cinenjambre-1.png\",\"contentUrl\":\"https:\\\/\\\/lacolmena.link\\\/cinenjambre\\\/wp-content\\\/uploads\\\/sites\\\/3\\\/2021\\\/01\\\/cropped-cinenjambre-1.png\",\"width\":512,\"height\":512,\"caption\":\"CINENJAMBRE \ud83c\udf7f\"},\"image\":{\"@id\":\"https:\\\/\\\/lacolmena.link\\\/cinenjambre\\\/#\\\/schema\\\/logo\\\/image\\\/\"}},{\"@type\":\"Person\",\"@id\":\"https:\\\/\\\/lacolmena.link\\\/cinenjambre\\\/#\\\/schema\\\/person\\\/c9cf15753a37512b326eb033bd39843c\",\"name\":\"El Marco\",\"image\":{\"@type\":\"ImageObject\",\"inLanguage\":\"es\",\"@id\":\"https:\\\/\\\/secure.gravatar.com\\\/avatar\\\/d16bed066026570385fca223acc49ae8544fd038a897a85586e0ba3c69b70fa5?s=96&d=mm&r=g\",\"url\":\"https:\\\/\\\/secure.gravatar.com\\\/avatar\\\/d16bed066026570385fca223acc49ae8544fd038a897a85586e0ba3c69b70fa5?s=96&d=mm&r=g\",\"contentUrl\":\"https:\\\/\\\/secure.gravatar.com\\\/avatar\\\/d16bed066026570385fca223acc49ae8544fd038a897a85586e0ba3c69b70fa5?s=96&d=mm&r=g\",\"caption\":\"El Marco\"},\"url\":\"https:\\\/\\\/lacolmena.link\\\/cinenjambre\\\/author\\\/marco\\\/\"}]}<\/script>\n<!-- \/ Yoast SEO plugin. -->","yoast_head_json":{"title":"Se integran m\u00e1s actores en la alineaci\u00f3n de Superman: Legacy - CINENJAMBRE \ud83c\udf7f","robots":{"index":"index","follow":"follow","max-snippet":"max-snippet:-1","max-image-preview":"max-image-preview:large","max-video-preview":"max-video-preview:-1"},"canonical":"https:\/\/lacolmena.link\/cinenjambre\/2023\/07\/11\/se-integran-mas-actores-en-la-alineacion-de-superman-legacy\/","og_locale":"es_ES","og_type":"article","og_title":"Se integran m\u00e1s actores en la alineaci\u00f3n de Superman: Legacy - CINENJAMBRE \ud83c\udf7f","og_description":"El mes pasado ya por fin James Gunn dar\u00eda a conocer quienes ser\u00edan los actores principales dentro de la pel\u00edcula Superman: Legacy, siendo David Corenswet como Clark Kent\/Superman y Rachel Brosnahan como Lois Lane. Ahora, en este d\u00eda, se revelan los nuevos actores y sus roles dentro de la cinta que ser\u00e1 dirigida por Gunn. [&hellip;]","og_url":"https:\/\/lacolmena.link\/cinenjambre\/2023\/07\/11\/se-integran-mas-actores-en-la-alineacion-de-superman-legacy\/","og_site_name":"CINENJAMBRE \ud83c\udf7f","article_published_time":"2023-07-12T02:29:01+00:00","og_image":[{"width":1094,"height":544,"url":"https:\/\/lacolmena.link\/cinenjambre\/wp-content\/uploads\/sites\/3\/2023\/07\/superman_legacy_2.jpg","type":"image\/jpeg"}],"author":"El Marco","twitter_card":"summary_large_image","twitter_misc":{"Escrito por":"El Marco","Tiempo de lectura":"1 minuto"},"schema":{"@context":"https:\/\/schema.org","@graph":[{"@type":"Article","@id":"https:\/\/lacolmena.link\/cinenjambre\/2023\/07\/11\/se-integran-mas-actores-en-la-alineacion-de-superman-legacy\/#article","isPartOf":{"@id":"https:\/\/lacolmena.link\/cinenjambre\/2023\/07\/11\/se-integran-mas-actores-en-la-alineacion-de-superman-legacy\/"},"author":{"name":"El Marco","@id":"https:\/\/lacolmena.link\/cinenjambre\/#\/schema\/person\/c9cf15753a37512b326eb033bd39843c"},"headline":"Se integran m\u00e1s actores en la alineaci\u00f3n de Superman: Legacy","datePublished":"2023-07-12T02:29:01+00:00","mainEntityOfPage":{"@id":"https:\/\/lacolmena.link\/cinenjambre\/2023\/07\/11\/se-integran-mas-actores-en-la-alineacion-de-superman-legacy\/"},"wordCount":165,"commentCount":0,"publisher":{"@id":"https:\/\/lacolmena.link\/cinenjambre\/#organization"},"image":{"@id":"https:\/\/lacolmena.link\/cinenjambre\/2023\/07\/11\/se-integran-mas-actores-en-la-alineacion-de-superman-legacy\/#primaryimage"},"thumbnailUrl":"https:\/\/lacolmena.link\/cinenjambre\/wp-content\/uploads\/sites\/3\/2023\/07\/superman_legacy_2.jpg","keywords":["David Corenswet","Edi Gathegi","Isabela Merced","James Gunn","Nathan Fillion","Rachel Brosnahan","Superman Legacy"],"articleSection":["Noticias"],"inLanguage":"es","potentialAction":[{"@type":"CommentAction","name":"Comment","target":["https:\/\/lacolmena.link\/cinenjambre\/2023\/07\/11\/se-integran-mas-actores-en-la-alineacion-de-superman-legacy\/#respond"]}]},{"@type":"WebPage","@id":"https:\/\/lacolmena.link\/cinenjambre\/2023\/07\/11\/se-integran-mas-actores-en-la-alineacion-de-superman-legacy\/","url":"https:\/\/lacolmena.link\/cinenjambre\/2023\/07\/11\/se-integran-mas-actores-en-la-alineacion-de-superman-legacy\/","name":"Se integran m\u00e1s actores en la alineaci\u00f3n de Superman: Legacy - CINENJAMBRE \ud83c\udf7f","isPartOf":{"@id":"https:\/\/lacolmena.link\/cinenjambre\/#website"},"primaryImageOfPage":{"@id":"https:\/\/lacolmena.link\/cinenjambre\/2023\/07\/11\/se-integran-mas-actores-en-la-alineacion-de-superman-legacy\/#primaryimage"},"image":{"@id":"https:\/\/lacolmena.link\/cinenjambre\/2023\/07\/11\/se-integran-mas-actores-en-la-alineacion-de-superman-legacy\/#primaryimage"},"thumbnailUrl":"https:\/\/lacolmena.link\/cinenjambre\/wp-content\/uploads\/sites\/3\/2023\/07\/superman_legacy_2.jpg","datePublished":"2023-07-12T02:29:01+00:00","breadcrumb":{"@id":"https:\/\/lacolmena.link\/cinenjambre\/2023\/07\/11\/se-integran-mas-actores-en-la-alineacion-de-superman-legacy\/#breadcrumb"},"inLanguage":"es","potentialAction":[{"@type":"ReadAction","target":["https:\/\/lacolmena.link\/cinenjambre\/2023\/07\/11\/se-integran-mas-actores-en-la-alineacion-de-superman-legacy\/"]}]},{"@type":"ImageObject","inLanguage":"es","@id":"https:\/\/lacolmena.link\/cinenjambre\/2023\/07\/11\/se-integran-mas-actores-en-la-alineacion-de-superman-legacy\/#primaryimage","url":"https:\/\/lacolmena.link\/cinenjambre\/wp-content\/uploads\/sites\/3\/2023\/07\/superman_legacy_2.jpg","contentUrl":"https:\/\/lacolmena.link\/cinenjambre\/wp-content\/uploads\/sites\/3\/2023\/07\/superman_legacy_2.jpg","width":1094,"height":544},{"@type":"BreadcrumbList","@id":"https:\/\/lacolmena.link\/cinenjambre\/2023\/07\/11\/se-integran-mas-actores-en-la-alineacion-de-superman-legacy\/#breadcrumb","itemListElement":[{"@type":"ListItem","position":1,"name":"Portada","item":"https:\/\/lacolmena.link\/cinenjambre\/"},{"@type":"ListItem","position":2,"name":"Se integran m\u00e1s actores en la alineaci\u00f3n de Superman: Legacy"}]},{"@type":"WebSite","@id":"https:\/\/lacolmena.link\/cinenjambre\/#website","url":"https:\/\/lacolmena.link\/cinenjambre\/","name":"CINENJAMBRE \ud83c\udf7f","description":"Noticias, rese\u00f1as, lanzamientos y m\u00e1s","publisher":{"@id":"https:\/\/lacolmena.link\/cinenjambre\/#organization"},"potentialAction":[{"@type":"SearchAction","target":{"@type":"EntryPoint","urlTemplate":"https:\/\/lacolmena.link\/cinenjambre\/?s={search_term_string}"},"query-input":{"@type":"PropertyValueSpecification","valueRequired":true,"valueName":"search_term_string"}}],"inLanguage":"es"},{"@type":"Organization","@id":"https:\/\/lacolmena.link\/cinenjambre\/#organization","name":"CINENJAMBRE \ud83c\udf7f","url":"https:\/\/lacolmena.link\/cinenjambre\/","logo":{"@type":"ImageObject","inLanguage":"es","@id":"https:\/\/lacolmena.link\/cinenjambre\/#\/schema\/logo\/image\/","url":"https:\/\/lacolmena.link\/cinenjambre\/wp-content\/uploads\/sites\/3\/2021\/01\/cropped-cinenjambre-1.png","contentUrl":"https:\/\/lacolmena.link\/cinenjambre\/wp-content\/uploads\/sites\/3\/2021\/01\/cropped-cinenjambre-1.png","width":512,"height":512,"caption":"CINENJAMBRE \ud83c\udf7f"},"image":{"@id":"https:\/\/lacolmena.link\/cinenjambre\/#\/schema\/logo\/image\/"}},{"@type":"Person","@id":"https:\/\/lacolmena.link\/cinenjambre\/#\/schema\/person\/c9cf15753a37512b326eb033bd39843c","name":"El Marco","image":{"@type":"ImageObject","inLanguage":"es","@id":"https:\/\/secure.gravatar.com\/avatar\/d16bed066026570385fca223acc49ae8544fd038a897a85586e0ba3c69b70fa5?s=96&d=mm&r=g","url":"https:\/\/secure.gravatar.com\/avatar\/d16bed066026570385fca223acc49ae8544fd038a897a85586e0ba3c69b70fa5?s=96&d=mm&r=g","contentUrl":"https:\/\/secure.gravatar.com\/avatar\/d16bed066026570385fca223acc49ae8544fd038a897a85586e0ba3c69b70fa5?s=96&d=mm&r=g","caption":"El Marco"},"url":"https:\/\/lacolmena.link\/cinenjambre\/author\/marco\/"}]}},"_links":{"self":[{"href":"https:\/\/lacolmena.link\/cinenjambre\/wp-json\/wp\/v2\/posts\/1980","targetHints":{"allow":["GET"]}}],"collection":[{"href":"https:\/\/lacolmena.link\/cinenjambre\/wp-json\/wp\/v2\/posts"}],"about":[{"href":"https:\/\/lacolmena.link\/cinenjambre\/wp-json\/wp\/v2\/types\/post"}],"author":[{"embeddable":true,"href":"https:\/\/lacolmena.link\/cinenjambre\/wp-json\/wp\/v2\/users\/2"}],"replies":[{"embeddable":true,"href":"https:\/\/lacolmena.link\/cinenjambre\/wp-json\/wp\/v2\/comments?post=1980"}],"version-history":[{"count":2,"href":"https:\/\/lacolmena.link\/cinenjambre\/wp-json\/wp\/v2\/posts\/1980\/revisions"}],"predecessor-version":[{"id":1983,"href":"https:\/\/lacolmena.link\/cinenjambre\/wp-json\/wp\/v2\/posts\/1980\/revisions\/1983"}],"wp:featuredmedia":[{"embeddable":true,"href":"https:\/\/lacolmena.link\/cinenjambre\/wp-json\/wp\/v2\/media\/1981"}],"wp:attachment":[{"href":"https:\/\/lacolmena.link\/cinenjambre\/wp-json\/wp\/v2\/media?parent=1980"}],"wp:term":[{"taxonomy":"category","embeddable":true,"href":"https:\/\/lacolmena.link\/cinenjambre\/wp-json\/wp\/v2\/categories?post=1980"},{"taxonomy":"post_tag","embeddable":true,"href":"https:\/\/lacolmena.link\/cinenjambre\/wp-json\/wp\/v2\/tags?post=1980"}],"curies":[{"name":"wp","href":"https:\/\/api.w.org\/{rel}","templated":true}]}}