{"id":23,"date":"2021-02-08T10:30:41","date_gmt":"2021-02-08T15:30:41","guid":{"rendered":"https:\/\/lacolmena.link\/cinenjambre\/?p=23"},"modified":"2021-04-07T01:45:48","modified_gmt":"2021-04-07T06:45:48","slug":"resena-mank","status":"publish","type":"post","link":"https:\/\/lacolmena.link\/cinenjambre\/2021\/02\/08\/resena-mank\/","title":{"rendered":"Rese\u00f1a &#8211; Mank"},"content":{"rendered":"\r\n<p>Como cada a\u00f1o <strong>Netflix<\/strong> se ha colocado como un serio contendiente en la temporada de premiaciones y ha puesto varias pel\u00edculas a la consideraci\u00f3n de las diferentes premiaciones que nos esperan este a\u00f1o. Una de estas cintas es <em>Mank<\/em>.<\/p>\r\n\r\n\r\n\r\n<p style=\"padding-left: 40px;\">T\u00edtulo original: <em>Mank<\/em><br \/>G\u00e9nero: Drama biogr\u00e1fico.<br \/>A\u00f1o de estreno: 2020<br \/>Pa\u00eds: Estados Unidos.<br \/>Director: <strong>David Fincher<\/strong><br \/>Protagonizan: <strong>Gary Oldman, Amanda Seyfried, Lily Collins, Tuppence Middleton y Charles Dance<\/strong>, entre otros.<br \/>La encuentras en: <strong>Netflix<\/strong>.<\/p>\r\n<p><iframe loading=\"lazy\" title=\"MANK | Tr\u00e1iler oficial | Netflix\" width=\"640\" height=\"360\" src=\"https:\/\/www.youtube.com\/embed\/BFaZKZFd_vY?feature=oembed\" frameborder=\"0\" allow=\"accelerometer; autoplay; clipboard-write; encrypted-media; gyroscope; picture-in-picture; web-share\" referrerpolicy=\"strict-origin-when-cross-origin\" allowfullscreen><\/iframe><\/p>\r\n\r\n\r\n\r\n<p><strong>Herman J. Mankievich<\/strong>, lesionado de una pierna y alejado del alcohol, tiene el duro reto de hacer el gui\u00f3n de <em>El Ciudadano Kane<\/em>, una de las pel\u00edculas m\u00e1s influyentes e incendiarias de la historia, pero sus vivencias con el personaje que inspir\u00f3 la pel\u00edcula, le ayudar\u00e1 a recordar el ambiente de Hollywood en los a\u00f1os treinta.<\/p>\r\n\r\n\r\n\r\n<p><em>Mank<\/em> es una pel\u00edcula sobre un gui\u00f3n, que a la vez sale de un gui\u00f3n que el padre de <strong>David Fincher<\/strong> hab\u00eda comenzado pero que la muerte no le dejo concluir.<\/p>\r\n\r\n\r\n\r\n<p>Y bajo ese entorno <strong>Fincher<\/strong> busca homenajear a su padre, sin el amparo del genial <em>Aaron Sorkin<\/em> con qui\u00e9n logr\u00f3 esa cinta exitosa llamada <em>La Red Social<\/em>, pero si con el respaldo de un fuerte elenco actoral y la banda sonora del poderoso dueto de <strong>Trent Reznor<\/strong> y <strong>Atticus Ross<\/strong> que ya tienen el <strong>\u00d3scar<\/strong> en sus manos y, si no es por esta cinta d\u00f3nde juegan muy bien con los ritmos de la \u00e9poca, ser\u00e1 con la jazzera m\u00fasica de <em>Soul<\/em>.<\/p>\r\n\r\n\r\n\r\n<p>De aqu\u00ed tenemos un trabajo en donde <strong>Fincher<\/strong> decide contarnos una historia que va tomando paralelos, obviamente, con <em>El Ciudadano Kane<\/em>, en donde no duda en elaborar cada escena de la pel\u00edcula y cotejar la relaci\u00f3n hist\u00f3rica con sus momentos m\u00e1s importantes, empezando por mostrarnos esos temores pol\u00edticos que corr\u00edan por los a\u00f1os treinta, especialmente de las clases altas que viven en California, y darnos esbozos del glamour y los excesos de la \u00e9poca, contrastados con la dura crisis econ\u00f3mica que conocemos como La Gran Depresi\u00f3n.<\/p>\r\n<figure id=\"attachment_29\" aria-describedby=\"caption-attachment-29\" style=\"width: 640px\" class=\"wp-caption aligncenter\"><img loading=\"lazy\" decoding=\"async\" class=\"wp-image-29 size-large\" src=\"https:\/\/lacolmena.link\/cinenjambre\/wp-content\/uploads\/sites\/3\/2021\/02\/06mank-authorship3-superJumbo-v2-1024x466.jpg\" alt=\"\" width=\"640\" height=\"291\" srcset=\"https:\/\/lacolmena.link\/cinenjambre\/wp-content\/uploads\/sites\/3\/2021\/02\/06mank-authorship3-superJumbo-v2-1024x466.jpg 1024w, https:\/\/lacolmena.link\/cinenjambre\/wp-content\/uploads\/sites\/3\/2021\/02\/06mank-authorship3-superJumbo-v2-300x137.jpg 300w, https:\/\/lacolmena.link\/cinenjambre\/wp-content\/uploads\/sites\/3\/2021\/02\/06mank-authorship3-superJumbo-v2-768x350.jpg 768w, https:\/\/lacolmena.link\/cinenjambre\/wp-content\/uploads\/sites\/3\/2021\/02\/06mank-authorship3-superJumbo-v2-1536x699.jpg 1536w, https:\/\/lacolmena.link\/cinenjambre\/wp-content\/uploads\/sites\/3\/2021\/02\/06mank-authorship3-superJumbo-v2.jpg 1920w\" sizes=\"auto, (max-width: 640px) 100vw, 640px\" \/><figcaption id=\"caption-attachment-29\" class=\"wp-caption-text\">Gary Oldman da una clase premium de actuaci\u00f3n en esta cinta.<\/figcaption><\/figure>\r\n<p>Entonces vemos un extra\u00f1o paralelo entre el entorno donde <strong>Mank<\/strong> va creando su historia con la vor\u00e1gine pol\u00edtica que se tuvo el a\u00f1o pasado en Estados Unidos, donde vemos esos paralelos entre los ideales de cada partido y hasta la forma en que la propaganda pol\u00edtica se usaba en la \u00e9poca, misma que llev\u00f3 tambi\u00e9n a la censura de contenido como la propia cinta de <em>El Ciudadano Kane<\/em> en su momento.<\/p>\r\n<p>Es una cinta que tiene un ritmo semilento, donde si necesitas agarrar un cafecito y meditar lo que acabas de ver, en medio de esas referencias a las cintas que hac\u00eda <strong>Orson Welles<\/strong> (el trabajo de c\u00e1maras y luces busca emular esos momentos y lo hace bien, pero sufre para llegar a esa perfecci\u00f3n que tuvo el camar\u00f3grafo de Welles en sus cintas) y la forma en que va haciendo los cambios del \u00abtiempo actual\u00bb y los <em>flashbacks<\/em>,que, como l\u00ednea de gui\u00f3n, va dando la indicaci\u00f3n para evitar confusiones.<\/p>\r\n<p>Quiz\u00e1 sea eso ofensivo para el cin\u00e9filo exigente, pero es inteligente y ayuda un poco a prevenir confusiones, aunque debo decir que si cuesta por momentos identificar a los personajes de tal o cual momento de la cinta. Claro, excepto a <strong>Mank<\/strong> y a la hermosa <strong>Marion Davies<\/strong>, interpretada por una poderosa <strong>Amanda Seyfried<\/strong>, quien comienza a demostrar un fuerte talento histri\u00f3nico con solo mover los ojos como una seductora actriz de la \u00e9poca y que sabe expresar diferentes emociones con ellos, sin decir palabra, pero que no duda en mostrar ese toque de actriz sexy, pero sumamente inteligente cuando la escena lo exige.<\/p>\r\n<figure id=\"attachment_31\" aria-describedby=\"caption-attachment-31\" style=\"width: 640px\" class=\"wp-caption aligncenter\"><img loading=\"lazy\" decoding=\"async\" class=\"wp-image-31 size-large\" src=\"https:\/\/lacolmena.link\/cinenjambre\/wp-content\/uploads\/sites\/3\/2021\/02\/Mank_Reel2_OnlineGrade_NoGrain_cropped_v19.0017082-1024x466.jpg\" alt=\"\" width=\"640\" height=\"291\" srcset=\"https:\/\/lacolmena.link\/cinenjambre\/wp-content\/uploads\/sites\/3\/2021\/02\/Mank_Reel2_OnlineGrade_NoGrain_cropped_v19.0017082-1024x466.jpg 1024w, https:\/\/lacolmena.link\/cinenjambre\/wp-content\/uploads\/sites\/3\/2021\/02\/Mank_Reel2_OnlineGrade_NoGrain_cropped_v19.0017082-300x137.jpg 300w, https:\/\/lacolmena.link\/cinenjambre\/wp-content\/uploads\/sites\/3\/2021\/02\/Mank_Reel2_OnlineGrade_NoGrain_cropped_v19.0017082-768x349.jpg 768w, https:\/\/lacolmena.link\/cinenjambre\/wp-content\/uploads\/sites\/3\/2021\/02\/Mank_Reel2_OnlineGrade_NoGrain_cropped_v19.0017082.jpg 1200w\" sizes=\"auto, (max-width: 640px) 100vw, 640px\" \/><figcaption id=\"caption-attachment-31\" class=\"wp-caption-text\">Sin mediar palabra Seyfried puede demostrar con un juego de miradas que ha madurado actoralmente&#8230;<\/figcaption><\/figure>\r\n<p>Pero el hilo conductor y quien realmente esta convirti\u00e9ndose otra vez a ganar todos los premios de actuaci\u00f3n (a menos que las futuras cintas que tenemos que revisar digan otra cosa de aqu\u00ed a abril), es<strong> Gary Oldman<\/strong>, quien no necesita darnos l\u00edneas fuertes o levantar la voz (eso que lo hagan los otros personajes de la historia, un elenco que, pese a su fuerza, sufre para quedar a la altura del personaje en cuesti\u00f3n) para ser un personaje c\u00ednico, ebrio pero extremadamente ingenioso, quien una vez desatado no parar\u00e1 hasta contarnos todo lo que tiene que decirnos durante la historia, sin meter glamour, sin ser inmoral o malvado, solo siendo un simple hombre que bebe y dice cosas.<\/p>\r\n<p>Es <strong>Oldman<\/strong> quien de pronto se convierte en el factor clave del cl\u00edmax de la pel\u00edcula, en un par de escenas donde pasado y presente se combinan para darnos realmente lo que har\u00eda que el boleto de cine -si hubi\u00e9ramos ido- se pague solo y que lo alza como una de las mejores actuaciones del a\u00f1o.<\/p>\r\n<p>Solamente que, ese detalle de la edici\u00f3n, termina golpeando un poco la cinta, la termina alentando y quiz\u00e1 ese cl\u00edmax explosivo se termina enfriando un poco y ah\u00ed es en donde <strong>Fincher<\/strong> nos queda a deber y seguramente dejar\u00e1 al esp\u00edritu de <strong>Orson Welles<\/strong> sumamente avergonzado.<\/p>\r\n<p>Adem\u00e1s siento que a\u00fan hab\u00eda mucho de donde rascarle a la historia, pues deja un conflicto que a m\u00ed me hubiera gustado ver. Ciertamente <strong>Fincher<\/strong> jug\u00f3 bien su cinta, pero me deja con la sensaci\u00f3n de que ahora deber\u00eda jugar con el otro \u00e1ngulo (del conflicto), ese que prefiri\u00f3 guardar, tal vez por desear una secuela o por respetar la memoria de <em>El Ciudadano Kane.<\/em><\/p>\r\n<p>Si a mi me lo preguntaran, creo que va a quedar un poco corto de los premios grandes y solo el tiempo dir\u00e1 si la cinta es memorable. De mi parte, aprecio el ejercicio cinematogr\u00e1fico de <strong>Fincher<\/strong>, pero creo que pudo hacer m\u00e1s.<\/p>\r\n<p><strong>Calificaci\u00f3n:<\/strong><br \/><img loading=\"lazy\" decoding=\"async\" class=\"alignnone wp-image-494 size-full\" src=\"https:\/\/lacolmena.link\/cinenjambre\/wp-content\/uploads\/sites\/3\/2021\/03\/full.png\" alt=\"\" width=\"64\" height=\"64\" \/><img loading=\"lazy\" decoding=\"async\" class=\"alignnone wp-image-494 size-full\" src=\"https:\/\/lacolmena.link\/cinenjambre\/wp-content\/uploads\/sites\/3\/2021\/03\/full.png\" alt=\"\" width=\"64\" height=\"64\" \/><img loading=\"lazy\" decoding=\"async\" class=\"alignnone wp-image-494 size-full\" src=\"https:\/\/lacolmena.link\/cinenjambre\/wp-content\/uploads\/sites\/3\/2021\/03\/full.png\" alt=\"\" width=\"64\" height=\"64\" \/><img loading=\"lazy\" decoding=\"async\" class=\"alignnone wp-image-495 size-full\" src=\"https:\/\/lacolmena.link\/cinenjambre\/wp-content\/uploads\/sites\/3\/2021\/03\/half.png\" alt=\"\" width=\"64\" height=\"64\" \/><\/p>","protected":false},"excerpt":{"rendered":"<p>Como cada a\u00f1o Netflix se ha colocado como un serio contendiente en la temporada de premiaciones y ha puesto varias pel\u00edculas a la consideraci\u00f3n de las diferentes premiaciones que nos esperan este a\u00f1o. Una de estas cintas es Mank. T\u00edtulo original: MankG\u00e9nero: Drama biogr\u00e1fico.A\u00f1o de estreno: 2020Pa\u00eds: Estados Unidos.Director: David FincherProtagonizan: Gary Oldman, Amanda Seyfried, [&hellip;]<\/p>\n","protected":false},"author":9,"featured_media":30,"comment_status":"open","ping_status":"open","sticky":false,"template":"","format":"standard","meta":{"footnotes":""},"categories":[9,6],"tags":[15,19,17,16,13,12,20,11,21,14,10,18],"class_list":["post-23","post","type-post","status-publish","format-standard","has-post-thumbnail","hentry","category-resenas","category-zanganos","tag-amanda-seyfried","tag-atticus-ross","tag-charles-dance","tag-dave-fincher","tag-el-ciudadano-kane","tag-gary-oldman","tag-herman-j-mankievich","tag-mank","tag-marion-davies","tag-orson-welles","tag-resena","tag-trent-reznor"],"yoast_head":"<!-- This site is optimized with the Yoast SEO plugin v27.5 - https:\/\/yoast.com\/product\/yoast-seo-wordpress\/ -->\n<title>Rese\u00f1a - Mank - CINENJAMBRE \ud83c\udf7f<\/title>\n<meta name=\"robots\" content=\"index, follow, max-snippet:-1, max-image-preview:large, max-video-preview:-1\" \/>\n<link rel=\"canonical\" href=\"https:\/\/lacolmena.link\/cinenjambre\/2021\/02\/08\/resena-mank\/\" \/>\n<meta property=\"og:locale\" content=\"es_ES\" \/>\n<meta property=\"og:type\" content=\"article\" \/>\n<meta property=\"og:title\" content=\"Rese\u00f1a - Mank - CINENJAMBRE \ud83c\udf7f\" \/>\n<meta property=\"og:description\" content=\"Como cada a\u00f1o Netflix se ha colocado como un serio contendiente en la temporada de premiaciones y ha puesto varias pel\u00edculas a la consideraci\u00f3n de las diferentes premiaciones que nos esperan este a\u00f1o. Una de estas cintas es Mank. T\u00edtulo original: MankG\u00e9nero: Drama biogr\u00e1fico.A\u00f1o de estreno: 2020Pa\u00eds: Estados Unidos.Director: David FincherProtagonizan: Gary Oldman, Amanda Seyfried, [&hellip;]\" \/>\n<meta property=\"og:url\" content=\"https:\/\/lacolmena.link\/cinenjambre\/2021\/02\/08\/resena-mank\/\" \/>\n<meta property=\"og:site_name\" content=\"CINENJAMBRE \ud83c\udf7f\" \/>\n<meta property=\"article:published_time\" content=\"2021-02-08T15:30:41+00:00\" \/>\n<meta property=\"article:modified_time\" content=\"2021-04-07T06:45:48+00:00\" \/>\n<meta property=\"og:image\" content=\"https:\/\/lacolmena.link\/cinenjambre\/wp-content\/uploads\/sites\/3\/2021\/02\/mank.jpg\" \/>\n\t<meta property=\"og:image:width\" content=\"1280\" \/>\n\t<meta property=\"og:image:height\" content=\"720\" \/>\n\t<meta property=\"og:image:type\" content=\"image\/jpeg\" \/>\n<meta name=\"author\" content=\"Juan Carlos Barbosa Padilla\" \/>\n<meta name=\"twitter:card\" content=\"summary_large_image\" \/>\n<meta name=\"twitter:label1\" content=\"Escrito por\" \/>\n\t<meta name=\"twitter:data1\" content=\"Juan Carlos Barbosa Padilla\" \/>\n\t<meta name=\"twitter:label2\" content=\"Tiempo de lectura\" \/>\n\t<meta name=\"twitter:data2\" content=\"5 minutos\" \/>\n<script type=\"application\/ld+json\" class=\"yoast-schema-graph\">{\"@context\":\"https:\\\/\\\/schema.org\",\"@graph\":[{\"@type\":\"Article\",\"@id\":\"https:\\\/\\\/lacolmena.link\\\/cinenjambre\\\/2021\\\/02\\\/08\\\/resena-mank\\\/#article\",\"isPartOf\":{\"@id\":\"https:\\\/\\\/lacolmena.link\\\/cinenjambre\\\/2021\\\/02\\\/08\\\/resena-mank\\\/\"},\"author\":{\"name\":\"Juan Carlos Barbosa Padilla\",\"@id\":\"https:\\\/\\\/lacolmena.link\\\/cinenjambre\\\/#\\\/schema\\\/person\\\/aa47e7ec26f29e4bf92227a5dfaf0286\"},\"headline\":\"Rese\u00f1a &#8211; Mank\",\"datePublished\":\"2021-02-08T15:30:41+00:00\",\"dateModified\":\"2021-04-07T06:45:48+00:00\",\"mainEntityOfPage\":{\"@id\":\"https:\\\/\\\/lacolmena.link\\\/cinenjambre\\\/2021\\\/02\\\/08\\\/resena-mank\\\/\"},\"wordCount\":1038,\"commentCount\":0,\"publisher\":{\"@id\":\"https:\\\/\\\/lacolmena.link\\\/cinenjambre\\\/#organization\"},\"image\":{\"@id\":\"https:\\\/\\\/lacolmena.link\\\/cinenjambre\\\/2021\\\/02\\\/08\\\/resena-mank\\\/#primaryimage\"},\"thumbnailUrl\":\"https:\\\/\\\/lacolmena.link\\\/cinenjambre\\\/wp-content\\\/uploads\\\/sites\\\/3\\\/2021\\\/02\\\/mank.jpg\",\"keywords\":[\"amanda seyfried\",\"atticus ross\",\"charles dance\",\"dave fincher\",\"el ciudadano kane\",\"gary oldman\",\"herman j. mankievich\",\"mank\",\"marion davies\",\"orson welles\",\"rese\u00f1a\",\"trent reznor\"],\"articleSection\":[\"Rese\u00f1as\",\"Z\u00e1nganos\"],\"inLanguage\":\"es\",\"potentialAction\":[{\"@type\":\"CommentAction\",\"name\":\"Comment\",\"target\":[\"https:\\\/\\\/lacolmena.link\\\/cinenjambre\\\/2021\\\/02\\\/08\\\/resena-mank\\\/#respond\"]}]},{\"@type\":\"WebPage\",\"@id\":\"https:\\\/\\\/lacolmena.link\\\/cinenjambre\\\/2021\\\/02\\\/08\\\/resena-mank\\\/\",\"url\":\"https:\\\/\\\/lacolmena.link\\\/cinenjambre\\\/2021\\\/02\\\/08\\\/resena-mank\\\/\",\"name\":\"Rese\u00f1a - Mank - CINENJAMBRE \ud83c\udf7f\",\"isPartOf\":{\"@id\":\"https:\\\/\\\/lacolmena.link\\\/cinenjambre\\\/#website\"},\"primaryImageOfPage\":{\"@id\":\"https:\\\/\\\/lacolmena.link\\\/cinenjambre\\\/2021\\\/02\\\/08\\\/resena-mank\\\/#primaryimage\"},\"image\":{\"@id\":\"https:\\\/\\\/lacolmena.link\\\/cinenjambre\\\/2021\\\/02\\\/08\\\/resena-mank\\\/#primaryimage\"},\"thumbnailUrl\":\"https:\\\/\\\/lacolmena.link\\\/cinenjambre\\\/wp-content\\\/uploads\\\/sites\\\/3\\\/2021\\\/02\\\/mank.jpg\",\"datePublished\":\"2021-02-08T15:30:41+00:00\",\"dateModified\":\"2021-04-07T06:45:48+00:00\",\"breadcrumb\":{\"@id\":\"https:\\\/\\\/lacolmena.link\\\/cinenjambre\\\/2021\\\/02\\\/08\\\/resena-mank\\\/#breadcrumb\"},\"inLanguage\":\"es\",\"potentialAction\":[{\"@type\":\"ReadAction\",\"target\":[\"https:\\\/\\\/lacolmena.link\\\/cinenjambre\\\/2021\\\/02\\\/08\\\/resena-mank\\\/\"]}]},{\"@type\":\"ImageObject\",\"inLanguage\":\"es\",\"@id\":\"https:\\\/\\\/lacolmena.link\\\/cinenjambre\\\/2021\\\/02\\\/08\\\/resena-mank\\\/#primaryimage\",\"url\":\"https:\\\/\\\/lacolmena.link\\\/cinenjambre\\\/wp-content\\\/uploads\\\/sites\\\/3\\\/2021\\\/02\\\/mank.jpg\",\"contentUrl\":\"https:\\\/\\\/lacolmena.link\\\/cinenjambre\\\/wp-content\\\/uploads\\\/sites\\\/3\\\/2021\\\/02\\\/mank.jpg\",\"width\":1280,\"height\":720},{\"@type\":\"BreadcrumbList\",\"@id\":\"https:\\\/\\\/lacolmena.link\\\/cinenjambre\\\/2021\\\/02\\\/08\\\/resena-mank\\\/#breadcrumb\",\"itemListElement\":[{\"@type\":\"ListItem\",\"position\":1,\"name\":\"Portada\",\"item\":\"https:\\\/\\\/lacolmena.link\\\/cinenjambre\\\/\"},{\"@type\":\"ListItem\",\"position\":2,\"name\":\"Rese\u00f1a &#8211; Mank\"}]},{\"@type\":\"WebSite\",\"@id\":\"https:\\\/\\\/lacolmena.link\\\/cinenjambre\\\/#website\",\"url\":\"https:\\\/\\\/lacolmena.link\\\/cinenjambre\\\/\",\"name\":\"CINENJAMBRE \ud83c\udf7f\",\"description\":\"Noticias, rese\u00f1as, lanzamientos y m\u00e1s\",\"publisher\":{\"@id\":\"https:\\\/\\\/lacolmena.link\\\/cinenjambre\\\/#organization\"},\"potentialAction\":[{\"@type\":\"SearchAction\",\"target\":{\"@type\":\"EntryPoint\",\"urlTemplate\":\"https:\\\/\\\/lacolmena.link\\\/cinenjambre\\\/?s={search_term_string}\"},\"query-input\":{\"@type\":\"PropertyValueSpecification\",\"valueRequired\":true,\"valueName\":\"search_term_string\"}}],\"inLanguage\":\"es\"},{\"@type\":\"Organization\",\"@id\":\"https:\\\/\\\/lacolmena.link\\\/cinenjambre\\\/#organization\",\"name\":\"CINENJAMBRE \ud83c\udf7f\",\"url\":\"https:\\\/\\\/lacolmena.link\\\/cinenjambre\\\/\",\"logo\":{\"@type\":\"ImageObject\",\"inLanguage\":\"es\",\"@id\":\"https:\\\/\\\/lacolmena.link\\\/cinenjambre\\\/#\\\/schema\\\/logo\\\/image\\\/\",\"url\":\"https:\\\/\\\/lacolmena.link\\\/cinenjambre\\\/wp-content\\\/uploads\\\/sites\\\/3\\\/2021\\\/01\\\/cropped-cinenjambre-1.png\",\"contentUrl\":\"https:\\\/\\\/lacolmena.link\\\/cinenjambre\\\/wp-content\\\/uploads\\\/sites\\\/3\\\/2021\\\/01\\\/cropped-cinenjambre-1.png\",\"width\":512,\"height\":512,\"caption\":\"CINENJAMBRE \ud83c\udf7f\"},\"image\":{\"@id\":\"https:\\\/\\\/lacolmena.link\\\/cinenjambre\\\/#\\\/schema\\\/logo\\\/image\\\/\"}},{\"@type\":\"Person\",\"@id\":\"https:\\\/\\\/lacolmena.link\\\/cinenjambre\\\/#\\\/schema\\\/person\\\/aa47e7ec26f29e4bf92227a5dfaf0286\",\"name\":\"Juan Carlos Barbosa Padilla\",\"image\":{\"@type\":\"ImageObject\",\"inLanguage\":\"es\",\"@id\":\"https:\\\/\\\/secure.gravatar.com\\\/avatar\\\/f5f701552d9b768736106901f96287b05c508ebc1f6af3a0ed1e4e5e84426bb9?s=96&d=mm&r=g\",\"url\":\"https:\\\/\\\/secure.gravatar.com\\\/avatar\\\/f5f701552d9b768736106901f96287b05c508ebc1f6af3a0ed1e4e5e84426bb9?s=96&d=mm&r=g\",\"contentUrl\":\"https:\\\/\\\/secure.gravatar.com\\\/avatar\\\/f5f701552d9b768736106901f96287b05c508ebc1f6af3a0ed1e4e5e84426bb9?s=96&d=mm&r=g\",\"caption\":\"Juan Carlos Barbosa Padilla\"},\"url\":\"https:\\\/\\\/lacolmena.link\\\/cinenjambre\\\/author\\\/travsam\\\/\"}]}<\/script>\n<!-- \/ Yoast SEO plugin. -->","yoast_head_json":{"title":"Rese\u00f1a - Mank - CINENJAMBRE \ud83c\udf7f","robots":{"index":"index","follow":"follow","max-snippet":"max-snippet:-1","max-image-preview":"max-image-preview:large","max-video-preview":"max-video-preview:-1"},"canonical":"https:\/\/lacolmena.link\/cinenjambre\/2021\/02\/08\/resena-mank\/","og_locale":"es_ES","og_type":"article","og_title":"Rese\u00f1a - Mank - CINENJAMBRE \ud83c\udf7f","og_description":"Como cada a\u00f1o Netflix se ha colocado como un serio contendiente en la temporada de premiaciones y ha puesto varias pel\u00edculas a la consideraci\u00f3n de las diferentes premiaciones que nos esperan este a\u00f1o. Una de estas cintas es Mank. T\u00edtulo original: MankG\u00e9nero: Drama biogr\u00e1fico.A\u00f1o de estreno: 2020Pa\u00eds: Estados Unidos.Director: David FincherProtagonizan: Gary Oldman, Amanda Seyfried, [&hellip;]","og_url":"https:\/\/lacolmena.link\/cinenjambre\/2021\/02\/08\/resena-mank\/","og_site_name":"CINENJAMBRE \ud83c\udf7f","article_published_time":"2021-02-08T15:30:41+00:00","article_modified_time":"2021-04-07T06:45:48+00:00","og_image":[{"width":1280,"height":720,"url":"https:\/\/lacolmena.link\/cinenjambre\/wp-content\/uploads\/sites\/3\/2021\/02\/mank.jpg","type":"image\/jpeg"}],"author":"Juan Carlos Barbosa Padilla","twitter_card":"summary_large_image","twitter_misc":{"Escrito por":"Juan Carlos Barbosa Padilla","Tiempo de lectura":"5 minutos"},"schema":{"@context":"https:\/\/schema.org","@graph":[{"@type":"Article","@id":"https:\/\/lacolmena.link\/cinenjambre\/2021\/02\/08\/resena-mank\/#article","isPartOf":{"@id":"https:\/\/lacolmena.link\/cinenjambre\/2021\/02\/08\/resena-mank\/"},"author":{"name":"Juan Carlos Barbosa Padilla","@id":"https:\/\/lacolmena.link\/cinenjambre\/#\/schema\/person\/aa47e7ec26f29e4bf92227a5dfaf0286"},"headline":"Rese\u00f1a &#8211; Mank","datePublished":"2021-02-08T15:30:41+00:00","dateModified":"2021-04-07T06:45:48+00:00","mainEntityOfPage":{"@id":"https:\/\/lacolmena.link\/cinenjambre\/2021\/02\/08\/resena-mank\/"},"wordCount":1038,"commentCount":0,"publisher":{"@id":"https:\/\/lacolmena.link\/cinenjambre\/#organization"},"image":{"@id":"https:\/\/lacolmena.link\/cinenjambre\/2021\/02\/08\/resena-mank\/#primaryimage"},"thumbnailUrl":"https:\/\/lacolmena.link\/cinenjambre\/wp-content\/uploads\/sites\/3\/2021\/02\/mank.jpg","keywords":["amanda seyfried","atticus ross","charles dance","dave fincher","el ciudadano kane","gary oldman","herman j. mankievich","mank","marion davies","orson welles","rese\u00f1a","trent reznor"],"articleSection":["Rese\u00f1as","Z\u00e1nganos"],"inLanguage":"es","potentialAction":[{"@type":"CommentAction","name":"Comment","target":["https:\/\/lacolmena.link\/cinenjambre\/2021\/02\/08\/resena-mank\/#respond"]}]},{"@type":"WebPage","@id":"https:\/\/lacolmena.link\/cinenjambre\/2021\/02\/08\/resena-mank\/","url":"https:\/\/lacolmena.link\/cinenjambre\/2021\/02\/08\/resena-mank\/","name":"Rese\u00f1a - Mank - CINENJAMBRE \ud83c\udf7f","isPartOf":{"@id":"https:\/\/lacolmena.link\/cinenjambre\/#website"},"primaryImageOfPage":{"@id":"https:\/\/lacolmena.link\/cinenjambre\/2021\/02\/08\/resena-mank\/#primaryimage"},"image":{"@id":"https:\/\/lacolmena.link\/cinenjambre\/2021\/02\/08\/resena-mank\/#primaryimage"},"thumbnailUrl":"https:\/\/lacolmena.link\/cinenjambre\/wp-content\/uploads\/sites\/3\/2021\/02\/mank.jpg","datePublished":"2021-02-08T15:30:41+00:00","dateModified":"2021-04-07T06:45:48+00:00","breadcrumb":{"@id":"https:\/\/lacolmena.link\/cinenjambre\/2021\/02\/08\/resena-mank\/#breadcrumb"},"inLanguage":"es","potentialAction":[{"@type":"ReadAction","target":["https:\/\/lacolmena.link\/cinenjambre\/2021\/02\/08\/resena-mank\/"]}]},{"@type":"ImageObject","inLanguage":"es","@id":"https:\/\/lacolmena.link\/cinenjambre\/2021\/02\/08\/resena-mank\/#primaryimage","url":"https:\/\/lacolmena.link\/cinenjambre\/wp-content\/uploads\/sites\/3\/2021\/02\/mank.jpg","contentUrl":"https:\/\/lacolmena.link\/cinenjambre\/wp-content\/uploads\/sites\/3\/2021\/02\/mank.jpg","width":1280,"height":720},{"@type":"BreadcrumbList","@id":"https:\/\/lacolmena.link\/cinenjambre\/2021\/02\/08\/resena-mank\/#breadcrumb","itemListElement":[{"@type":"ListItem","position":1,"name":"Portada","item":"https:\/\/lacolmena.link\/cinenjambre\/"},{"@type":"ListItem","position":2,"name":"Rese\u00f1a &#8211; Mank"}]},{"@type":"WebSite","@id":"https:\/\/lacolmena.link\/cinenjambre\/#website","url":"https:\/\/lacolmena.link\/cinenjambre\/","name":"CINENJAMBRE \ud83c\udf7f","description":"Noticias, rese\u00f1as, lanzamientos y m\u00e1s","publisher":{"@id":"https:\/\/lacolmena.link\/cinenjambre\/#organization"},"potentialAction":[{"@type":"SearchAction","target":{"@type":"EntryPoint","urlTemplate":"https:\/\/lacolmena.link\/cinenjambre\/?s={search_term_string}"},"query-input":{"@type":"PropertyValueSpecification","valueRequired":true,"valueName":"search_term_string"}}],"inLanguage":"es"},{"@type":"Organization","@id":"https:\/\/lacolmena.link\/cinenjambre\/#organization","name":"CINENJAMBRE \ud83c\udf7f","url":"https:\/\/lacolmena.link\/cinenjambre\/","logo":{"@type":"ImageObject","inLanguage":"es","@id":"https:\/\/lacolmena.link\/cinenjambre\/#\/schema\/logo\/image\/","url":"https:\/\/lacolmena.link\/cinenjambre\/wp-content\/uploads\/sites\/3\/2021\/01\/cropped-cinenjambre-1.png","contentUrl":"https:\/\/lacolmena.link\/cinenjambre\/wp-content\/uploads\/sites\/3\/2021\/01\/cropped-cinenjambre-1.png","width":512,"height":512,"caption":"CINENJAMBRE \ud83c\udf7f"},"image":{"@id":"https:\/\/lacolmena.link\/cinenjambre\/#\/schema\/logo\/image\/"}},{"@type":"Person","@id":"https:\/\/lacolmena.link\/cinenjambre\/#\/schema\/person\/aa47e7ec26f29e4bf92227a5dfaf0286","name":"Juan Carlos Barbosa Padilla","image":{"@type":"ImageObject","inLanguage":"es","@id":"https:\/\/secure.gravatar.com\/avatar\/f5f701552d9b768736106901f96287b05c508ebc1f6af3a0ed1e4e5e84426bb9?s=96&d=mm&r=g","url":"https:\/\/secure.gravatar.com\/avatar\/f5f701552d9b768736106901f96287b05c508ebc1f6af3a0ed1e4e5e84426bb9?s=96&d=mm&r=g","contentUrl":"https:\/\/secure.gravatar.com\/avatar\/f5f701552d9b768736106901f96287b05c508ebc1f6af3a0ed1e4e5e84426bb9?s=96&d=mm&r=g","caption":"Juan Carlos Barbosa Padilla"},"url":"https:\/\/lacolmena.link\/cinenjambre\/author\/travsam\/"}]}},"_links":{"self":[{"href":"https:\/\/lacolmena.link\/cinenjambre\/wp-json\/wp\/v2\/posts\/23","targetHints":{"allow":["GET"]}}],"collection":[{"href":"https:\/\/lacolmena.link\/cinenjambre\/wp-json\/wp\/v2\/posts"}],"about":[{"href":"https:\/\/lacolmena.link\/cinenjambre\/wp-json\/wp\/v2\/types\/post"}],"author":[{"embeddable":true,"href":"https:\/\/lacolmena.link\/cinenjambre\/wp-json\/wp\/v2\/users\/9"}],"replies":[{"embeddable":true,"href":"https:\/\/lacolmena.link\/cinenjambre\/wp-json\/wp\/v2\/comments?post=23"}],"version-history":[{"count":12,"href":"https:\/\/lacolmena.link\/cinenjambre\/wp-json\/wp\/v2\/posts\/23\/revisions"}],"predecessor-version":[{"id":625,"href":"https:\/\/lacolmena.link\/cinenjambre\/wp-json\/wp\/v2\/posts\/23\/revisions\/625"}],"wp:featuredmedia":[{"embeddable":true,"href":"https:\/\/lacolmena.link\/cinenjambre\/wp-json\/wp\/v2\/media\/30"}],"wp:attachment":[{"href":"https:\/\/lacolmena.link\/cinenjambre\/wp-json\/wp\/v2\/media?parent=23"}],"wp:term":[{"taxonomy":"category","embeddable":true,"href":"https:\/\/lacolmena.link\/cinenjambre\/wp-json\/wp\/v2\/categories?post=23"},{"taxonomy":"post_tag","embeddable":true,"href":"https:\/\/lacolmena.link\/cinenjambre\/wp-json\/wp\/v2\/tags?post=23"}],"curies":[{"name":"wp","href":"https:\/\/api.w.org\/{rel}","templated":true}]}}