{"id":235,"date":"2021-02-23T00:32:49","date_gmt":"2021-02-23T05:32:49","guid":{"rendered":"https:\/\/lacolmena.link\/cinenjambre\/?p=235"},"modified":"2021-02-23T00:37:02","modified_gmt":"2021-02-23T05:37:02","slug":"mythic-quest-en-camino-a-su-regreso-a-apple-tv","status":"publish","type":"post","link":"https:\/\/lacolmena.link\/cinenjambre\/2021\/02\/23\/mythic-quest-en-camino-a-su-regreso-a-apple-tv\/","title":{"rendered":"Mythic Quest en camino a su regreso a Apple TV"},"content":{"rendered":"<p style=\"text-align: justify\"><strong>Ubisoft<\/strong> no solo cuenta con un extraordinario talento en cuanto al desarrollo de videojuegos, ahora tambi\u00e9n lo demuestran con el regreso de la <strong>Segunda Temporada<\/strong> de la serie c\u00f3mica y original de <strong>Apple TV<\/strong> <em>Mythic Quest<\/em>.<\/p>\n<p style=\"text-align: justify\">El anuncio se hizo oficial a trav\u00e9s de <strong>Tour de Prensa 2021<\/strong> de la <strong>Television Critics Association<\/strong> en donde <strong>Apple<\/strong> mostr\u00f3 el primer avance de lo que ser\u00e1 el regreso de esta serie a su plataforma la cual adem\u00e1s de estar disponible en <strong>iOS<\/strong>, <strong>Apple TV<\/strong> y <strong>Mac<\/strong> tambi\u00e9n tiene soporte para <strong>Xbox One<\/strong>, <strong>Xbox Series X|S<\/strong>, <strong>PlayStation 4<\/strong>, <strong>PlayStation 5<\/strong>, televisiones <strong>Smart TV<\/strong> seleccionadas de <strong>Samsung<\/strong>, <strong>Amazon Fire TV<\/strong> y <strong>Roku<\/strong>.<\/p>\n<p style=\"text-align: justify\">Retomando los eventos recientes de la cuarentena la serie se ubica en el regreso a las actividades, para la <strong>Segunda Temporada<\/strong> de <em>Mythic Quest<\/em> en teor\u00eda todos deber\u00edan volver al trabajo para darle continuidad al \u00e9xito cosechado a su juego <em>Raven&#8217;s Banquet<\/em> al darle una expansi\u00f3n, pero ahora <strong>Ian<\/strong> (<strong>Rob McElhenney<\/strong>) junto a la nueva y flamante co directora creativa <strong>Poppy<\/strong> (<strong>Charlotte Nicdao<\/strong>) se enfrascan en una lucha por ver quien tiene el control del proyecto. Pero de mientras <strong>C.W.<\/strong> (<strong>F. Murray Abraham<\/strong>) busca darle una soluci\u00f3n a sus problemas omitiendo darle un vistazo a su pasado, siguiendo con las testers (<strong>Aly Burch<\/strong> e <strong>Imani Hakim<\/strong>) le dan una revisada y ven hasta donde puede llegar un romance laboral, tambi\u00e9n <strong>David<\/strong> (<strong>David Hornsby<\/strong>) demuestra que puede perder a otra pareja quien resulta ser <strong>Jo<\/strong> (<strong>Jessie Ennis<\/strong>) quien lo deja para darle su respaldo a <strong>Brad<\/strong> (<strong>Danny Pudi<\/strong>).<\/p>\n<p style=\"text-align: justify\">Bueno, si tienen entre sus medios de entretenimiento digital a <strong>Apple TV<\/strong> les recomendamos darle una mirada a <em>Mythic Quest<\/em>, una serie producida por <strong>Ubisoft Film and Television<\/strong>, esta se basa en el desarrollo de videojuegos dentro de una compa\u00f1\u00eda en donde podr\u00e1n observar de cerca el desarrollo de juegos en situaciones c\u00f3micas.<\/p>\n<p><iframe loading=\"lazy\" title=\"Mythic Quest \u2014 Season 2 Teaser | Apple TV+  | Ubisoft [NA]\" width=\"640\" height=\"360\" src=\"https:\/\/www.youtube.com\/embed\/E0f5QA2AZOg?feature=oembed\" frameborder=\"0\" allow=\"accelerometer; autoplay; clipboard-write; encrypted-media; gyroscope; picture-in-picture; web-share\" referrerpolicy=\"strict-origin-when-cross-origin\" allowfullscreen><\/iframe><\/p>\n","protected":false},"excerpt":{"rendered":"<p>Ubisoft no solo cuenta con un extraordinario talento en cuanto al desarrollo de videojuegos, ahora tambi\u00e9n lo demuestran con el regreso de la Segunda Temporada de la serie c\u00f3mica y original de Apple TV Mythic Quest. El anuncio se hizo oficial a trav\u00e9s de Tour de Prensa 2021 de la Television Critics Association en donde [&hellip;]<\/p>\n","protected":false},"author":2,"featured_media":236,"comment_status":"open","ping_status":"open","sticky":false,"template":"","format":"standard","meta":{"footnotes":""},"categories":[4],"tags":[147,148,145,146],"class_list":["post-235","post","type-post","status-publish","format-standard","has-post-thumbnail","hentry","category-abejorros","tag-apple-tv","tag-mythic-quest","tag-ubisoft","tag-ubisoft-film-and-television"],"yoast_head":"<!-- This site is optimized with the Yoast SEO plugin v27.5 - https:\/\/yoast.com\/product\/yoast-seo-wordpress\/ -->\n<title>Mythic Quest en camino a su regreso a Apple TV - CINENJAMBRE \ud83c\udf7f<\/title>\n<meta name=\"robots\" content=\"index, follow, max-snippet:-1, max-image-preview:large, max-video-preview:-1\" \/>\n<link rel=\"canonical\" href=\"https:\/\/lacolmena.link\/cinenjambre\/2021\/02\/23\/mythic-quest-en-camino-a-su-regreso-a-apple-tv\/\" \/>\n<meta property=\"og:locale\" content=\"es_ES\" \/>\n<meta property=\"og:type\" content=\"article\" \/>\n<meta property=\"og:title\" content=\"Mythic Quest en camino a su regreso a Apple TV - CINENJAMBRE \ud83c\udf7f\" \/>\n<meta property=\"og:description\" content=\"Ubisoft no solo cuenta con un extraordinario talento en cuanto al desarrollo de videojuegos, ahora tambi\u00e9n lo demuestran con el regreso de la Segunda Temporada de la serie c\u00f3mica y original de Apple TV Mythic Quest. El anuncio se hizo oficial a trav\u00e9s de Tour de Prensa 2021 de la Television Critics Association en donde [&hellip;]\" \/>\n<meta property=\"og:url\" content=\"https:\/\/lacolmena.link\/cinenjambre\/2021\/02\/23\/mythic-quest-en-camino-a-su-regreso-a-apple-tv\/\" \/>\n<meta property=\"og:site_name\" content=\"CINENJAMBRE \ud83c\udf7f\" \/>\n<meta property=\"article:published_time\" content=\"2021-02-23T05:32:49+00:00\" \/>\n<meta property=\"article:modified_time\" content=\"2021-02-23T05:37:02+00:00\" \/>\n<meta property=\"og:image\" content=\"https:\/\/lacolmena.link\/cinenjambre\/wp-content\/uploads\/sites\/3\/2021\/02\/mythic_quest.jpg\" \/>\n\t<meta property=\"og:image:width\" content=\"999\" \/>\n\t<meta property=\"og:image:height\" content=\"468\" \/>\n\t<meta property=\"og:image:type\" content=\"image\/jpeg\" \/>\n<meta name=\"author\" content=\"El Marco\" \/>\n<meta name=\"twitter:card\" content=\"summary_large_image\" \/>\n<meta name=\"twitter:label1\" content=\"Escrito por\" \/>\n\t<meta name=\"twitter:data1\" content=\"El Marco\" \/>\n\t<meta name=\"twitter:label2\" content=\"Tiempo de lectura\" \/>\n\t<meta name=\"twitter:data2\" content=\"2 minutos\" \/>\n<script type=\"application\/ld+json\" class=\"yoast-schema-graph\">{\"@context\":\"https:\\\/\\\/schema.org\",\"@graph\":[{\"@type\":\"Article\",\"@id\":\"https:\\\/\\\/lacolmena.link\\\/cinenjambre\\\/2021\\\/02\\\/23\\\/mythic-quest-en-camino-a-su-regreso-a-apple-tv\\\/#article\",\"isPartOf\":{\"@id\":\"https:\\\/\\\/lacolmena.link\\\/cinenjambre\\\/2021\\\/02\\\/23\\\/mythic-quest-en-camino-a-su-regreso-a-apple-tv\\\/\"},\"author\":{\"name\":\"El Marco\",\"@id\":\"https:\\\/\\\/lacolmena.link\\\/cinenjambre\\\/#\\\/schema\\\/person\\\/c9cf15753a37512b326eb033bd39843c\"},\"headline\":\"Mythic Quest en camino a su regreso a Apple TV\",\"datePublished\":\"2021-02-23T05:32:49+00:00\",\"dateModified\":\"2021-02-23T05:37:02+00:00\",\"mainEntityOfPage\":{\"@id\":\"https:\\\/\\\/lacolmena.link\\\/cinenjambre\\\/2021\\\/02\\\/23\\\/mythic-quest-en-camino-a-su-regreso-a-apple-tv\\\/\"},\"wordCount\":338,\"commentCount\":0,\"publisher\":{\"@id\":\"https:\\\/\\\/lacolmena.link\\\/cinenjambre\\\/#organization\"},\"image\":{\"@id\":\"https:\\\/\\\/lacolmena.link\\\/cinenjambre\\\/2021\\\/02\\\/23\\\/mythic-quest-en-camino-a-su-regreso-a-apple-tv\\\/#primaryimage\"},\"thumbnailUrl\":\"https:\\\/\\\/lacolmena.link\\\/cinenjambre\\\/wp-content\\\/uploads\\\/sites\\\/3\\\/2021\\\/02\\\/mythic_quest.jpg\",\"keywords\":[\"Apple TV\",\"Mythic Quest\",\"Ubisoft\",\"Ubisoft Film and Television\"],\"articleSection\":[\"Abejorros\"],\"inLanguage\":\"es\",\"potentialAction\":[{\"@type\":\"CommentAction\",\"name\":\"Comment\",\"target\":[\"https:\\\/\\\/lacolmena.link\\\/cinenjambre\\\/2021\\\/02\\\/23\\\/mythic-quest-en-camino-a-su-regreso-a-apple-tv\\\/#respond\"]}]},{\"@type\":\"WebPage\",\"@id\":\"https:\\\/\\\/lacolmena.link\\\/cinenjambre\\\/2021\\\/02\\\/23\\\/mythic-quest-en-camino-a-su-regreso-a-apple-tv\\\/\",\"url\":\"https:\\\/\\\/lacolmena.link\\\/cinenjambre\\\/2021\\\/02\\\/23\\\/mythic-quest-en-camino-a-su-regreso-a-apple-tv\\\/\",\"name\":\"Mythic Quest en camino a su regreso a Apple TV - CINENJAMBRE \ud83c\udf7f\",\"isPartOf\":{\"@id\":\"https:\\\/\\\/lacolmena.link\\\/cinenjambre\\\/#website\"},\"primaryImageOfPage\":{\"@id\":\"https:\\\/\\\/lacolmena.link\\\/cinenjambre\\\/2021\\\/02\\\/23\\\/mythic-quest-en-camino-a-su-regreso-a-apple-tv\\\/#primaryimage\"},\"image\":{\"@id\":\"https:\\\/\\\/lacolmena.link\\\/cinenjambre\\\/2021\\\/02\\\/23\\\/mythic-quest-en-camino-a-su-regreso-a-apple-tv\\\/#primaryimage\"},\"thumbnailUrl\":\"https:\\\/\\\/lacolmena.link\\\/cinenjambre\\\/wp-content\\\/uploads\\\/sites\\\/3\\\/2021\\\/02\\\/mythic_quest.jpg\",\"datePublished\":\"2021-02-23T05:32:49+00:00\",\"dateModified\":\"2021-02-23T05:37:02+00:00\",\"breadcrumb\":{\"@id\":\"https:\\\/\\\/lacolmena.link\\\/cinenjambre\\\/2021\\\/02\\\/23\\\/mythic-quest-en-camino-a-su-regreso-a-apple-tv\\\/#breadcrumb\"},\"inLanguage\":\"es\",\"potentialAction\":[{\"@type\":\"ReadAction\",\"target\":[\"https:\\\/\\\/lacolmena.link\\\/cinenjambre\\\/2021\\\/02\\\/23\\\/mythic-quest-en-camino-a-su-regreso-a-apple-tv\\\/\"]}]},{\"@type\":\"ImageObject\",\"inLanguage\":\"es\",\"@id\":\"https:\\\/\\\/lacolmena.link\\\/cinenjambre\\\/2021\\\/02\\\/23\\\/mythic-quest-en-camino-a-su-regreso-a-apple-tv\\\/#primaryimage\",\"url\":\"https:\\\/\\\/lacolmena.link\\\/cinenjambre\\\/wp-content\\\/uploads\\\/sites\\\/3\\\/2021\\\/02\\\/mythic_quest.jpg\",\"contentUrl\":\"https:\\\/\\\/lacolmena.link\\\/cinenjambre\\\/wp-content\\\/uploads\\\/sites\\\/3\\\/2021\\\/02\\\/mythic_quest.jpg\",\"width\":999,\"height\":468},{\"@type\":\"BreadcrumbList\",\"@id\":\"https:\\\/\\\/lacolmena.link\\\/cinenjambre\\\/2021\\\/02\\\/23\\\/mythic-quest-en-camino-a-su-regreso-a-apple-tv\\\/#breadcrumb\",\"itemListElement\":[{\"@type\":\"ListItem\",\"position\":1,\"name\":\"Portada\",\"item\":\"https:\\\/\\\/lacolmena.link\\\/cinenjambre\\\/\"},{\"@type\":\"ListItem\",\"position\":2,\"name\":\"Mythic Quest en camino a su regreso a Apple TV\"}]},{\"@type\":\"WebSite\",\"@id\":\"https:\\\/\\\/lacolmena.link\\\/cinenjambre\\\/#website\",\"url\":\"https:\\\/\\\/lacolmena.link\\\/cinenjambre\\\/\",\"name\":\"CINENJAMBRE \ud83c\udf7f\",\"description\":\"Noticias, rese\u00f1as, lanzamientos y m\u00e1s\",\"publisher\":{\"@id\":\"https:\\\/\\\/lacolmena.link\\\/cinenjambre\\\/#organization\"},\"potentialAction\":[{\"@type\":\"SearchAction\",\"target\":{\"@type\":\"EntryPoint\",\"urlTemplate\":\"https:\\\/\\\/lacolmena.link\\\/cinenjambre\\\/?s={search_term_string}\"},\"query-input\":{\"@type\":\"PropertyValueSpecification\",\"valueRequired\":true,\"valueName\":\"search_term_string\"}}],\"inLanguage\":\"es\"},{\"@type\":\"Organization\",\"@id\":\"https:\\\/\\\/lacolmena.link\\\/cinenjambre\\\/#organization\",\"name\":\"CINENJAMBRE \ud83c\udf7f\",\"url\":\"https:\\\/\\\/lacolmena.link\\\/cinenjambre\\\/\",\"logo\":{\"@type\":\"ImageObject\",\"inLanguage\":\"es\",\"@id\":\"https:\\\/\\\/lacolmena.link\\\/cinenjambre\\\/#\\\/schema\\\/logo\\\/image\\\/\",\"url\":\"https:\\\/\\\/lacolmena.link\\\/cinenjambre\\\/wp-content\\\/uploads\\\/sites\\\/3\\\/2021\\\/01\\\/cropped-cinenjambre-1.png\",\"contentUrl\":\"https:\\\/\\\/lacolmena.link\\\/cinenjambre\\\/wp-content\\\/uploads\\\/sites\\\/3\\\/2021\\\/01\\\/cropped-cinenjambre-1.png\",\"width\":512,\"height\":512,\"caption\":\"CINENJAMBRE \ud83c\udf7f\"},\"image\":{\"@id\":\"https:\\\/\\\/lacolmena.link\\\/cinenjambre\\\/#\\\/schema\\\/logo\\\/image\\\/\"}},{\"@type\":\"Person\",\"@id\":\"https:\\\/\\\/lacolmena.link\\\/cinenjambre\\\/#\\\/schema\\\/person\\\/c9cf15753a37512b326eb033bd39843c\",\"name\":\"El Marco\",\"image\":{\"@type\":\"ImageObject\",\"inLanguage\":\"es\",\"@id\":\"https:\\\/\\\/secure.gravatar.com\\\/avatar\\\/d16bed066026570385fca223acc49ae8544fd038a897a85586e0ba3c69b70fa5?s=96&d=mm&r=g\",\"url\":\"https:\\\/\\\/secure.gravatar.com\\\/avatar\\\/d16bed066026570385fca223acc49ae8544fd038a897a85586e0ba3c69b70fa5?s=96&d=mm&r=g\",\"contentUrl\":\"https:\\\/\\\/secure.gravatar.com\\\/avatar\\\/d16bed066026570385fca223acc49ae8544fd038a897a85586e0ba3c69b70fa5?s=96&d=mm&r=g\",\"caption\":\"El Marco\"},\"url\":\"https:\\\/\\\/lacolmena.link\\\/cinenjambre\\\/author\\\/marco\\\/\"}]}<\/script>\n<!-- \/ Yoast SEO plugin. -->","yoast_head_json":{"title":"Mythic Quest en camino a su regreso a Apple TV - CINENJAMBRE \ud83c\udf7f","robots":{"index":"index","follow":"follow","max-snippet":"max-snippet:-1","max-image-preview":"max-image-preview:large","max-video-preview":"max-video-preview:-1"},"canonical":"https:\/\/lacolmena.link\/cinenjambre\/2021\/02\/23\/mythic-quest-en-camino-a-su-regreso-a-apple-tv\/","og_locale":"es_ES","og_type":"article","og_title":"Mythic Quest en camino a su regreso a Apple TV - CINENJAMBRE \ud83c\udf7f","og_description":"Ubisoft no solo cuenta con un extraordinario talento en cuanto al desarrollo de videojuegos, ahora tambi\u00e9n lo demuestran con el regreso de la Segunda Temporada de la serie c\u00f3mica y original de Apple TV Mythic Quest. El anuncio se hizo oficial a trav\u00e9s de Tour de Prensa 2021 de la Television Critics Association en donde [&hellip;]","og_url":"https:\/\/lacolmena.link\/cinenjambre\/2021\/02\/23\/mythic-quest-en-camino-a-su-regreso-a-apple-tv\/","og_site_name":"CINENJAMBRE \ud83c\udf7f","article_published_time":"2021-02-23T05:32:49+00:00","article_modified_time":"2021-02-23T05:37:02+00:00","og_image":[{"width":999,"height":468,"url":"https:\/\/lacolmena.link\/cinenjambre\/wp-content\/uploads\/sites\/3\/2021\/02\/mythic_quest.jpg","type":"image\/jpeg"}],"author":"El Marco","twitter_card":"summary_large_image","twitter_misc":{"Escrito por":"El Marco","Tiempo de lectura":"2 minutos"},"schema":{"@context":"https:\/\/schema.org","@graph":[{"@type":"Article","@id":"https:\/\/lacolmena.link\/cinenjambre\/2021\/02\/23\/mythic-quest-en-camino-a-su-regreso-a-apple-tv\/#article","isPartOf":{"@id":"https:\/\/lacolmena.link\/cinenjambre\/2021\/02\/23\/mythic-quest-en-camino-a-su-regreso-a-apple-tv\/"},"author":{"name":"El Marco","@id":"https:\/\/lacolmena.link\/cinenjambre\/#\/schema\/person\/c9cf15753a37512b326eb033bd39843c"},"headline":"Mythic Quest en camino a su regreso a Apple TV","datePublished":"2021-02-23T05:32:49+00:00","dateModified":"2021-02-23T05:37:02+00:00","mainEntityOfPage":{"@id":"https:\/\/lacolmena.link\/cinenjambre\/2021\/02\/23\/mythic-quest-en-camino-a-su-regreso-a-apple-tv\/"},"wordCount":338,"commentCount":0,"publisher":{"@id":"https:\/\/lacolmena.link\/cinenjambre\/#organization"},"image":{"@id":"https:\/\/lacolmena.link\/cinenjambre\/2021\/02\/23\/mythic-quest-en-camino-a-su-regreso-a-apple-tv\/#primaryimage"},"thumbnailUrl":"https:\/\/lacolmena.link\/cinenjambre\/wp-content\/uploads\/sites\/3\/2021\/02\/mythic_quest.jpg","keywords":["Apple TV","Mythic Quest","Ubisoft","Ubisoft Film and Television"],"articleSection":["Abejorros"],"inLanguage":"es","potentialAction":[{"@type":"CommentAction","name":"Comment","target":["https:\/\/lacolmena.link\/cinenjambre\/2021\/02\/23\/mythic-quest-en-camino-a-su-regreso-a-apple-tv\/#respond"]}]},{"@type":"WebPage","@id":"https:\/\/lacolmena.link\/cinenjambre\/2021\/02\/23\/mythic-quest-en-camino-a-su-regreso-a-apple-tv\/","url":"https:\/\/lacolmena.link\/cinenjambre\/2021\/02\/23\/mythic-quest-en-camino-a-su-regreso-a-apple-tv\/","name":"Mythic Quest en camino a su regreso a Apple TV - CINENJAMBRE \ud83c\udf7f","isPartOf":{"@id":"https:\/\/lacolmena.link\/cinenjambre\/#website"},"primaryImageOfPage":{"@id":"https:\/\/lacolmena.link\/cinenjambre\/2021\/02\/23\/mythic-quest-en-camino-a-su-regreso-a-apple-tv\/#primaryimage"},"image":{"@id":"https:\/\/lacolmena.link\/cinenjambre\/2021\/02\/23\/mythic-quest-en-camino-a-su-regreso-a-apple-tv\/#primaryimage"},"thumbnailUrl":"https:\/\/lacolmena.link\/cinenjambre\/wp-content\/uploads\/sites\/3\/2021\/02\/mythic_quest.jpg","datePublished":"2021-02-23T05:32:49+00:00","dateModified":"2021-02-23T05:37:02+00:00","breadcrumb":{"@id":"https:\/\/lacolmena.link\/cinenjambre\/2021\/02\/23\/mythic-quest-en-camino-a-su-regreso-a-apple-tv\/#breadcrumb"},"inLanguage":"es","potentialAction":[{"@type":"ReadAction","target":["https:\/\/lacolmena.link\/cinenjambre\/2021\/02\/23\/mythic-quest-en-camino-a-su-regreso-a-apple-tv\/"]}]},{"@type":"ImageObject","inLanguage":"es","@id":"https:\/\/lacolmena.link\/cinenjambre\/2021\/02\/23\/mythic-quest-en-camino-a-su-regreso-a-apple-tv\/#primaryimage","url":"https:\/\/lacolmena.link\/cinenjambre\/wp-content\/uploads\/sites\/3\/2021\/02\/mythic_quest.jpg","contentUrl":"https:\/\/lacolmena.link\/cinenjambre\/wp-content\/uploads\/sites\/3\/2021\/02\/mythic_quest.jpg","width":999,"height":468},{"@type":"BreadcrumbList","@id":"https:\/\/lacolmena.link\/cinenjambre\/2021\/02\/23\/mythic-quest-en-camino-a-su-regreso-a-apple-tv\/#breadcrumb","itemListElement":[{"@type":"ListItem","position":1,"name":"Portada","item":"https:\/\/lacolmena.link\/cinenjambre\/"},{"@type":"ListItem","position":2,"name":"Mythic Quest en camino a su regreso a Apple TV"}]},{"@type":"WebSite","@id":"https:\/\/lacolmena.link\/cinenjambre\/#website","url":"https:\/\/lacolmena.link\/cinenjambre\/","name":"CINENJAMBRE \ud83c\udf7f","description":"Noticias, rese\u00f1as, lanzamientos y m\u00e1s","publisher":{"@id":"https:\/\/lacolmena.link\/cinenjambre\/#organization"},"potentialAction":[{"@type":"SearchAction","target":{"@type":"EntryPoint","urlTemplate":"https:\/\/lacolmena.link\/cinenjambre\/?s={search_term_string}"},"query-input":{"@type":"PropertyValueSpecification","valueRequired":true,"valueName":"search_term_string"}}],"inLanguage":"es"},{"@type":"Organization","@id":"https:\/\/lacolmena.link\/cinenjambre\/#organization","name":"CINENJAMBRE \ud83c\udf7f","url":"https:\/\/lacolmena.link\/cinenjambre\/","logo":{"@type":"ImageObject","inLanguage":"es","@id":"https:\/\/lacolmena.link\/cinenjambre\/#\/schema\/logo\/image\/","url":"https:\/\/lacolmena.link\/cinenjambre\/wp-content\/uploads\/sites\/3\/2021\/01\/cropped-cinenjambre-1.png","contentUrl":"https:\/\/lacolmena.link\/cinenjambre\/wp-content\/uploads\/sites\/3\/2021\/01\/cropped-cinenjambre-1.png","width":512,"height":512,"caption":"CINENJAMBRE \ud83c\udf7f"},"image":{"@id":"https:\/\/lacolmena.link\/cinenjambre\/#\/schema\/logo\/image\/"}},{"@type":"Person","@id":"https:\/\/lacolmena.link\/cinenjambre\/#\/schema\/person\/c9cf15753a37512b326eb033bd39843c","name":"El Marco","image":{"@type":"ImageObject","inLanguage":"es","@id":"https:\/\/secure.gravatar.com\/avatar\/d16bed066026570385fca223acc49ae8544fd038a897a85586e0ba3c69b70fa5?s=96&d=mm&r=g","url":"https:\/\/secure.gravatar.com\/avatar\/d16bed066026570385fca223acc49ae8544fd038a897a85586e0ba3c69b70fa5?s=96&d=mm&r=g","contentUrl":"https:\/\/secure.gravatar.com\/avatar\/d16bed066026570385fca223acc49ae8544fd038a897a85586e0ba3c69b70fa5?s=96&d=mm&r=g","caption":"El Marco"},"url":"https:\/\/lacolmena.link\/cinenjambre\/author\/marco\/"}]}},"_links":{"self":[{"href":"https:\/\/lacolmena.link\/cinenjambre\/wp-json\/wp\/v2\/posts\/235","targetHints":{"allow":["GET"]}}],"collection":[{"href":"https:\/\/lacolmena.link\/cinenjambre\/wp-json\/wp\/v2\/posts"}],"about":[{"href":"https:\/\/lacolmena.link\/cinenjambre\/wp-json\/wp\/v2\/types\/post"}],"author":[{"embeddable":true,"href":"https:\/\/lacolmena.link\/cinenjambre\/wp-json\/wp\/v2\/users\/2"}],"replies":[{"embeddable":true,"href":"https:\/\/lacolmena.link\/cinenjambre\/wp-json\/wp\/v2\/comments?post=235"}],"version-history":[{"count":3,"href":"https:\/\/lacolmena.link\/cinenjambre\/wp-json\/wp\/v2\/posts\/235\/revisions"}],"predecessor-version":[{"id":239,"href":"https:\/\/lacolmena.link\/cinenjambre\/wp-json\/wp\/v2\/posts\/235\/revisions\/239"}],"wp:featuredmedia":[{"embeddable":true,"href":"https:\/\/lacolmena.link\/cinenjambre\/wp-json\/wp\/v2\/media\/236"}],"wp:attachment":[{"href":"https:\/\/lacolmena.link\/cinenjambre\/wp-json\/wp\/v2\/media?parent=235"}],"wp:term":[{"taxonomy":"category","embeddable":true,"href":"https:\/\/lacolmena.link\/cinenjambre\/wp-json\/wp\/v2\/categories?post=235"},{"taxonomy":"post_tag","embeddable":true,"href":"https:\/\/lacolmena.link\/cinenjambre\/wp-json\/wp\/v2\/tags?post=235"}],"curies":[{"name":"wp","href":"https:\/\/api.w.org\/{rel}","templated":true}]}}