{"id":301,"date":"2021-03-04T18:38:25","date_gmt":"2021-03-04T23:38:25","guid":{"rendered":"https:\/\/lacolmena.link\/cinenjambre\/?p=301"},"modified":"2021-04-07T01:39:00","modified_gmt":"2021-04-07T06:39:00","slug":"resena-invasion-en-las-alturas","status":"publish","type":"post","link":"https:\/\/lacolmena.link\/cinenjambre\/2021\/03\/04\/resena-invasion-en-las-alturas\/","title":{"rendered":"Rese\u00f1a &#8211; Invasi\u00f3n en las Alturas"},"content":{"rendered":"<p style=\"text-align: justify;\">Quedar varado en una realidad diferente a la que conocemos es una de las premisas constantes dentro del manga y la animaci\u00f3n japonesa, estos mundos suelen ser medievales mezclados con magia y fantas\u00eda, otros lugares de pesadillas acompa\u00f1ados de monstruos, extra\u00f1as criaturas con zombies y otros espacios dist\u00f3picos basados en un futuro de muerte y destrucci\u00f3n o realidades alternas mostrando lo que es real pero con diferencias notables en determinadas zonas. Obviamente sabiendo usar bien esta serie de elementos y jugando bien la din\u00e1mica entre personajes se pueden crear excelentes historias con una gran narrativa o tambi\u00e9n series que desde el primer episodio preferimos omitir, en este caso les rese\u00f1ar\u00e9 una serie que podr\u00edamos considerar dist\u00f3pica dentro de una realidad alterna, as\u00ed que pasemos a los detalles de <em>Invasi\u00f3n en las Alturas<\/em>, exclusiva de <strong>Netflix<\/strong>.<\/p>\n<h3><strong>\u00bfQue onda con esa torre?<\/strong><\/h3>\n<p style=\"text-align: justify;\">Un evento sin precedentes ha sucedido en una zona de <strong>Jap\u00f3n<\/strong>, al aparecer una extra\u00f1a torre en medio de la ciudad las personas que establecieron contacto visual inmediatamente fueron transportadas a un extra\u00f1o lugar, lo curioso de esto es que han aparecido en la cima de alguno de los altos rascacielos que predominan en ese lugar, estos se encuentran interconectados a trav\u00e9s de puentes colgantes de tal forma que los llegados tienen que desplazarse por dentro de los edificios para tener acceso a los puentes y as\u00ed tener la posibilidad de pasar a otro ya que no existe forma posible de bajar al suelo, excepto de una manera que no es para nada agradable ni recomendable.<\/p>\n<p style=\"text-align: justify;\"><img loading=\"lazy\" decoding=\"async\" class=\" wp-image-309 alignleft\" src=\"https:\/\/lacolmena.link\/cinenjambre\/wp-content\/uploads\/sites\/3\/2021\/03\/yuri-300x188.jpg\" alt=\"\" width=\"217\" height=\"136\" srcset=\"https:\/\/lacolmena.link\/cinenjambre\/wp-content\/uploads\/sites\/3\/2021\/03\/yuri-300x188.jpg 300w, https:\/\/lacolmena.link\/cinenjambre\/wp-content\/uploads\/sites\/3\/2021\/03\/yuri.jpg 333w\" sizes=\"auto, (max-width: 217px) 100vw, 217px\" \/>Luego de lo que parec\u00eda un despertar <strong>Yuri Honjo<\/strong> de 16 a\u00f1os aparece en lo alto de uno de los edificios de este mundo, al intentar razonar como es que llego ah\u00ed las cosas pasan de raro a el peor escenario posible, a lo lejos en otro edificio ella es testigo de como un tipo con una extra\u00f1a m\u00e1scara acecha a una persona hasta llevarla al borde de la desesperaci\u00f3n, lesionada y afectada psicol\u00f3gicamente a esta no le queda de otra m\u00e1s que lanzarse del edificio para escapar. Luego de ver con horror lo que reci\u00e9n hab\u00eda sucedido es el turno de ella de ser acechada por otro tipo enmascarado, una situaci\u00f3n por la que para nada quer\u00eda pasar y es a partir de este momento en el que deber\u00e1 aprender a luchar por sobrevivir en este extra\u00f1o lugar.<\/p>\n<h3><strong>\u00bfQuien m\u00e1s esta aqu\u00ed?<\/strong><\/h3>\n<p style=\"text-align: justify;\"><img loading=\"lazy\" decoding=\"async\" class=\" wp-image-310 alignright\" src=\"https:\/\/lacolmena.link\/cinenjambre\/wp-content\/uploads\/sites\/3\/2021\/03\/yuri_mayuco-300x242.jpg\" alt=\"\" width=\"259\" height=\"209\" srcset=\"https:\/\/lacolmena.link\/cinenjambre\/wp-content\/uploads\/sites\/3\/2021\/03\/yuri_mayuco-300x242.jpg 300w, https:\/\/lacolmena.link\/cinenjambre\/wp-content\/uploads\/sites\/3\/2021\/03\/yuri_mayuco.jpg 309w\" sizes=\"auto, (max-width: 259px) 100vw, 259px\" \/>Luego de pasar diversas situaciones <strong>Yuri<\/strong> descubre que no esta sola y se da cuenta de que su hermano mayor\u00a0tambi\u00e9n se encuentra dentro de esta realidad pero en un lugar m\u00e1s alejado a ella, para ser m\u00e1s espec\u00edfico en otro edificio, es por esto que le pide esperar y mantenerse a salvo hasta que \u00e9l pueda ir a rescatarla. Pero como pasa siempre las cosas igual no siempre resultan como se esperan o planean, <strong>Yuri<\/strong> tiene que continuar avanzando y cruzar por los puentes por su cuenta y mientras lo hace aprender nuevas cosas para defenderse de los enmascarados.<\/p>\n<p style=\"text-align: justify;\">En una situaci\u00f3n tan compleja y confusa <strong>Yuri<\/strong> en su camino a trav\u00e9s de cada edificio no estar\u00e1 sola ya que encuentra a una persona quien ser\u00e1 a partir de ese momento su aliada y es as\u00ed como empezar\u00e1 a encontrar otros posibles compa\u00f1eros, rivales y tal vez en su trayecto hacer amistad y reforzar esos lazos mientras continua hasta reunirse con su hermano.<\/p>\n<h3>Una variedad y gran cantidad de enemigos enmascarados<\/h3>\n<p style=\"text-align: justify;\"><img loading=\"lazy\" decoding=\"async\" class=\" wp-image-311 alignleft\" src=\"https:\/\/lacolmena.link\/cinenjambre\/wp-content\/uploads\/sites\/3\/2021\/03\/francotirador-300x237.jpg\" alt=\"\" width=\"177\" height=\"140\" srcset=\"https:\/\/lacolmena.link\/cinenjambre\/wp-content\/uploads\/sites\/3\/2021\/03\/francotirador-300x237.jpg 300w, https:\/\/lacolmena.link\/cinenjambre\/wp-content\/uploads\/sites\/3\/2021\/03\/francotirador.jpg 345w\" sizes=\"auto, (max-width: 177px) 100vw, 177px\" \/>Los enemigos dentro de este mundo se caracterizan por tener una m\u00e1scara cubriendo su rostro, estos resultan ser seres con distintas habilidades dependiendo sus oficios en el mundo real, posteriormente se nota que hay una variedad de estos que igual tienen caracter\u00edsticas diferentes por lo cual hay <strong>Yuri<\/strong> y compa\u00f1\u00eda deber\u00e1n tener cuidado para tratar con cada uno de ellos ya que se ocupan de diversas funciones, pero en especial tendr\u00e1n que estar muy atentos con uno quien viste muy formalmente un traje, sombrero y lleva consigo un rifle de francotirador.<\/p>\n<h3><strong>Detalles y datos finales<\/strong><\/h3>\n<p style=\"text-align: justify;\"><em>Invasi\u00f3n en las Alturas<\/em> es como les menciono al principio una serie exclusiva de <strong>Netflix<\/strong> de <strong>12 cap\u00edtulos<\/strong>, esta originalmente llego como un manga el cual fue escrito por <strong>Tsuina Miura<\/strong> y dibujado por <strong>Takahiro Oba<\/strong>, publicado en el a\u00f1o <strong>2013<\/strong> a trav\u00e9s de una aplicaci\u00f3n digital de <strong>K\u014ddansha<\/strong> para m\u00f3viles.<\/p>\n<p>Lo que corresponde a los primeros cap\u00edtulos de la serie podr\u00edan no ser tan atractivos por el hecho de que como mencion\u00e9 en un inicio podr\u00edan ser demasiado comunes al compararse con otras series de la misma tem\u00e1tica, adem\u00e1s de presentar personajes a los que ya identificamos como \u00abclich\u00e9s\u00bb con una carencia en tener una personalidad propia dentro tambi\u00e9n de la misma raz\u00f3n que comento. La serie parte de un punto bajo a medio pero conforme se va desarrollando y avanza entre episodios ya logra por fin despertar el inter\u00e9s al mostrar ahora si una personalidad diversa y propia para cada personaje dejando ver razones y motivaciones as\u00ed como ir descubriendo el misterio que hay dentro de Invasi\u00f3n en las Alturas.<\/p>\n<p style=\"text-align: justify;\"><img loading=\"lazy\" decoding=\"async\" class=\" wp-image-312 alignright\" src=\"https:\/\/lacolmena.link\/cinenjambre\/wp-content\/uploads\/sites\/3\/2021\/03\/yuri_fan.jpg\" alt=\"\" width=\"170\" height=\"166\" \/>Al ser esta una serie que se enfoca al p\u00fablico adulto nos encontraremos con lo que se conoce como \u00ab<strong>fanservice<\/strong>\u00bb con tem\u00e1ticas de adultos, muchas vistas de la ropa interior de los personajes femeninos y uno que otro desnudo, adem\u00e1s de situaciones con extremo derramamiento de sangre siendo muy gr\u00e1fico al mostrar mucho detalle en la eliminaci\u00f3n de un enemigo. As\u00ed que tengan en consideraci\u00f3n que los menores de edad no pueden ver esta serie.<\/p>\n<p style=\"text-align: justify;\">En mi rese\u00f1a anterior de <em><a href=\"https:\/\/lacolmena.link\/cinenjambre\/2021\/02\/24\/resena-asi-hablo-kishibe-rohan\/\">As\u00ed habl\u00f3 Kishibe Rohan<\/a><\/em> olvide mencionar un aspecto muy importante (para lo que es nuestro podcast <strong>Cinenjambre<\/strong>) que ahora se los comento, como sabemos la serie puede ser vista en su idioma original (japones) con subt\u00edtulos y de igual forma con doblaje al espa\u00f1ol latino realizado por <strong>SDI Media de M\u00e9xico<\/strong>, quienes han hecho una excelente labor para estas dos series en las que no solo encontraremos nuevos talentos sino tambi\u00e9n a grandes ya conocidos por muchos.<\/p>\n<p style=\"text-align: justify;\"><em>Invasi\u00f3n en las Alturas<\/em> tiene un inicio que comparado con otras series del mismo tema podr\u00eda tomarse o considerarse algo com\u00fan y ya visto varias veces,\u00a0pero conforme se avanzan en los cap\u00edtulos ya adquiriendo su personalidad al mostrar hacia donde va, por lo que pienso que hay que no solo hay que dar el beneficio de la duda, tambi\u00e9n darle oportunidad de mostrar lo que tiene adem\u00e1s de su constante \u00ab<strong>fanservice<\/strong>\u00bb y teniendo en cuenta que tendr\u00e1 segunda temporada en donde podr\u00e1 expandir su trama ahora con plenitud de personajes ya establecidos.<\/p>\n<p style=\"text-align: justify;\">Calificaci\u00f3n:<br \/>\n<img loading=\"lazy\" decoding=\"async\" class=\"alignnone wp-image-494 size-full\" src=\"https:\/\/lacolmena.link\/cinenjambre\/wp-content\/uploads\/sites\/3\/2021\/03\/full.png\" alt=\"\" width=\"64\" height=\"64\" \/><img loading=\"lazy\" decoding=\"async\" class=\"alignnone wp-image-494 size-full\" src=\"https:\/\/lacolmena.link\/cinenjambre\/wp-content\/uploads\/sites\/3\/2021\/03\/full.png\" alt=\"\" width=\"64\" height=\"64\" \/><img loading=\"lazy\" decoding=\"async\" class=\"alignnone wp-image-495 size-full\" src=\"https:\/\/lacolmena.link\/cinenjambre\/wp-content\/uploads\/sites\/3\/2021\/03\/half.png\" alt=\"\" width=\"64\" height=\"64\" \/><\/p>\n","protected":false},"excerpt":{"rendered":"<p>Quedar varado en una realidad diferente a la que conocemos es una de las premisas constantes dentro del manga y la animaci\u00f3n japonesa, estos mundos suelen ser medievales mezclados con magia y fantas\u00eda, otros lugares de pesadillas acompa\u00f1ados de monstruos, extra\u00f1as criaturas con zombies y otros espacios dist\u00f3picos basados en un futuro de muerte y [&hellip;]<\/p>\n","protected":false},"author":2,"featured_media":317,"comment_status":"open","ping_status":"open","sticky":false,"template":"","format":"standard","meta":{"footnotes":""},"categories":[7,9],"tags":[186,34,188,187],"class_list":["post-301","post","type-post","status-publish","format-standard","has-post-thumbnail","hentry","category-abeja-sempai","category-resenas","tag-invasion-en-las-alturas","tag-netflix","tag-takahiro-oba","tag-tsuina-miura"],"yoast_head":"<!-- This site is optimized with the Yoast SEO plugin v27.5 - https:\/\/yoast.com\/product\/yoast-seo-wordpress\/ -->\n<title>Rese\u00f1a - Invasi\u00f3n en las Alturas - CINENJAMBRE \ud83c\udf7f<\/title>\n<meta name=\"robots\" content=\"index, follow, max-snippet:-1, max-image-preview:large, max-video-preview:-1\" \/>\n<link rel=\"canonical\" href=\"https:\/\/lacolmena.link\/cinenjambre\/2021\/03\/04\/resena-invasion-en-las-alturas\/\" \/>\n<meta property=\"og:locale\" content=\"es_ES\" \/>\n<meta property=\"og:type\" content=\"article\" \/>\n<meta property=\"og:title\" content=\"Rese\u00f1a - Invasi\u00f3n en las Alturas - CINENJAMBRE \ud83c\udf7f\" \/>\n<meta property=\"og:description\" content=\"Quedar varado en una realidad diferente a la que conocemos es una de las premisas constantes dentro del manga y la animaci\u00f3n japonesa, estos mundos suelen ser medievales mezclados con magia y fantas\u00eda, otros lugares de pesadillas acompa\u00f1ados de monstruos, extra\u00f1as criaturas con zombies y otros espacios dist\u00f3picos basados en un futuro de muerte y [&hellip;]\" \/>\n<meta property=\"og:url\" content=\"https:\/\/lacolmena.link\/cinenjambre\/2021\/03\/04\/resena-invasion-en-las-alturas\/\" \/>\n<meta property=\"og:site_name\" content=\"CINENJAMBRE \ud83c\udf7f\" \/>\n<meta property=\"article:published_time\" content=\"2021-03-04T23:38:25+00:00\" \/>\n<meta property=\"article:modified_time\" content=\"2021-04-07T06:39:00+00:00\" \/>\n<meta property=\"og:image\" content=\"https:\/\/lacolmena.link\/cinenjambre\/wp-content\/uploads\/sites\/3\/2021\/03\/inv_post.jpg\" \/>\n\t<meta property=\"og:image:width\" content=\"719\" \/>\n\t<meta property=\"og:image:height\" content=\"472\" \/>\n\t<meta property=\"og:image:type\" content=\"image\/jpeg\" \/>\n<meta name=\"author\" content=\"El Marco\" \/>\n<meta name=\"twitter:card\" content=\"summary_large_image\" \/>\n<meta name=\"twitter:label1\" content=\"Escrito por\" \/>\n\t<meta name=\"twitter:data1\" content=\"El Marco\" \/>\n\t<meta name=\"twitter:label2\" content=\"Tiempo de lectura\" \/>\n\t<meta name=\"twitter:data2\" content=\"6 minutos\" \/>\n<script type=\"application\/ld+json\" class=\"yoast-schema-graph\">{\"@context\":\"https:\\\/\\\/schema.org\",\"@graph\":[{\"@type\":\"Article\",\"@id\":\"https:\\\/\\\/lacolmena.link\\\/cinenjambre\\\/2021\\\/03\\\/04\\\/resena-invasion-en-las-alturas\\\/#article\",\"isPartOf\":{\"@id\":\"https:\\\/\\\/lacolmena.link\\\/cinenjambre\\\/2021\\\/03\\\/04\\\/resena-invasion-en-las-alturas\\\/\"},\"author\":{\"name\":\"El Marco\",\"@id\":\"https:\\\/\\\/lacolmena.link\\\/cinenjambre\\\/#\\\/schema\\\/person\\\/c9cf15753a37512b326eb033bd39843c\"},\"headline\":\"Rese\u00f1a &#8211; Invasi\u00f3n en las Alturas\",\"datePublished\":\"2021-03-04T23:38:25+00:00\",\"dateModified\":\"2021-04-07T06:39:00+00:00\",\"mainEntityOfPage\":{\"@id\":\"https:\\\/\\\/lacolmena.link\\\/cinenjambre\\\/2021\\\/03\\\/04\\\/resena-invasion-en-las-alturas\\\/\"},\"wordCount\":1170,\"commentCount\":0,\"publisher\":{\"@id\":\"https:\\\/\\\/lacolmena.link\\\/cinenjambre\\\/#organization\"},\"image\":{\"@id\":\"https:\\\/\\\/lacolmena.link\\\/cinenjambre\\\/2021\\\/03\\\/04\\\/resena-invasion-en-las-alturas\\\/#primaryimage\"},\"thumbnailUrl\":\"https:\\\/\\\/lacolmena.link\\\/cinenjambre\\\/wp-content\\\/uploads\\\/sites\\\/3\\\/2021\\\/03\\\/inv_post.jpg\",\"keywords\":[\"Invasi\u00f3n en las Alturas\",\"Netflix\",\"Takahiro Oba\",\"Tsuina Miura\"],\"articleSection\":[\"Abeja Sempai\",\"Rese\u00f1as\"],\"inLanguage\":\"es\",\"potentialAction\":[{\"@type\":\"CommentAction\",\"name\":\"Comment\",\"target\":[\"https:\\\/\\\/lacolmena.link\\\/cinenjambre\\\/2021\\\/03\\\/04\\\/resena-invasion-en-las-alturas\\\/#respond\"]}]},{\"@type\":\"WebPage\",\"@id\":\"https:\\\/\\\/lacolmena.link\\\/cinenjambre\\\/2021\\\/03\\\/04\\\/resena-invasion-en-las-alturas\\\/\",\"url\":\"https:\\\/\\\/lacolmena.link\\\/cinenjambre\\\/2021\\\/03\\\/04\\\/resena-invasion-en-las-alturas\\\/\",\"name\":\"Rese\u00f1a - Invasi\u00f3n en las Alturas - CINENJAMBRE \ud83c\udf7f\",\"isPartOf\":{\"@id\":\"https:\\\/\\\/lacolmena.link\\\/cinenjambre\\\/#website\"},\"primaryImageOfPage\":{\"@id\":\"https:\\\/\\\/lacolmena.link\\\/cinenjambre\\\/2021\\\/03\\\/04\\\/resena-invasion-en-las-alturas\\\/#primaryimage\"},\"image\":{\"@id\":\"https:\\\/\\\/lacolmena.link\\\/cinenjambre\\\/2021\\\/03\\\/04\\\/resena-invasion-en-las-alturas\\\/#primaryimage\"},\"thumbnailUrl\":\"https:\\\/\\\/lacolmena.link\\\/cinenjambre\\\/wp-content\\\/uploads\\\/sites\\\/3\\\/2021\\\/03\\\/inv_post.jpg\",\"datePublished\":\"2021-03-04T23:38:25+00:00\",\"dateModified\":\"2021-04-07T06:39:00+00:00\",\"breadcrumb\":{\"@id\":\"https:\\\/\\\/lacolmena.link\\\/cinenjambre\\\/2021\\\/03\\\/04\\\/resena-invasion-en-las-alturas\\\/#breadcrumb\"},\"inLanguage\":\"es\",\"potentialAction\":[{\"@type\":\"ReadAction\",\"target\":[\"https:\\\/\\\/lacolmena.link\\\/cinenjambre\\\/2021\\\/03\\\/04\\\/resena-invasion-en-las-alturas\\\/\"]}]},{\"@type\":\"ImageObject\",\"inLanguage\":\"es\",\"@id\":\"https:\\\/\\\/lacolmena.link\\\/cinenjambre\\\/2021\\\/03\\\/04\\\/resena-invasion-en-las-alturas\\\/#primaryimage\",\"url\":\"https:\\\/\\\/lacolmena.link\\\/cinenjambre\\\/wp-content\\\/uploads\\\/sites\\\/3\\\/2021\\\/03\\\/inv_post.jpg\",\"contentUrl\":\"https:\\\/\\\/lacolmena.link\\\/cinenjambre\\\/wp-content\\\/uploads\\\/sites\\\/3\\\/2021\\\/03\\\/inv_post.jpg\",\"width\":719,\"height\":472},{\"@type\":\"BreadcrumbList\",\"@id\":\"https:\\\/\\\/lacolmena.link\\\/cinenjambre\\\/2021\\\/03\\\/04\\\/resena-invasion-en-las-alturas\\\/#breadcrumb\",\"itemListElement\":[{\"@type\":\"ListItem\",\"position\":1,\"name\":\"Portada\",\"item\":\"https:\\\/\\\/lacolmena.link\\\/cinenjambre\\\/\"},{\"@type\":\"ListItem\",\"position\":2,\"name\":\"Rese\u00f1a &#8211; Invasi\u00f3n en las Alturas\"}]},{\"@type\":\"WebSite\",\"@id\":\"https:\\\/\\\/lacolmena.link\\\/cinenjambre\\\/#website\",\"url\":\"https:\\\/\\\/lacolmena.link\\\/cinenjambre\\\/\",\"name\":\"CINENJAMBRE \ud83c\udf7f\",\"description\":\"Noticias, rese\u00f1as, lanzamientos y m\u00e1s\",\"publisher\":{\"@id\":\"https:\\\/\\\/lacolmena.link\\\/cinenjambre\\\/#organization\"},\"potentialAction\":[{\"@type\":\"SearchAction\",\"target\":{\"@type\":\"EntryPoint\",\"urlTemplate\":\"https:\\\/\\\/lacolmena.link\\\/cinenjambre\\\/?s={search_term_string}\"},\"query-input\":{\"@type\":\"PropertyValueSpecification\",\"valueRequired\":true,\"valueName\":\"search_term_string\"}}],\"inLanguage\":\"es\"},{\"@type\":\"Organization\",\"@id\":\"https:\\\/\\\/lacolmena.link\\\/cinenjambre\\\/#organization\",\"name\":\"CINENJAMBRE \ud83c\udf7f\",\"url\":\"https:\\\/\\\/lacolmena.link\\\/cinenjambre\\\/\",\"logo\":{\"@type\":\"ImageObject\",\"inLanguage\":\"es\",\"@id\":\"https:\\\/\\\/lacolmena.link\\\/cinenjambre\\\/#\\\/schema\\\/logo\\\/image\\\/\",\"url\":\"https:\\\/\\\/lacolmena.link\\\/cinenjambre\\\/wp-content\\\/uploads\\\/sites\\\/3\\\/2021\\\/01\\\/cropped-cinenjambre-1.png\",\"contentUrl\":\"https:\\\/\\\/lacolmena.link\\\/cinenjambre\\\/wp-content\\\/uploads\\\/sites\\\/3\\\/2021\\\/01\\\/cropped-cinenjambre-1.png\",\"width\":512,\"height\":512,\"caption\":\"CINENJAMBRE \ud83c\udf7f\"},\"image\":{\"@id\":\"https:\\\/\\\/lacolmena.link\\\/cinenjambre\\\/#\\\/schema\\\/logo\\\/image\\\/\"}},{\"@type\":\"Person\",\"@id\":\"https:\\\/\\\/lacolmena.link\\\/cinenjambre\\\/#\\\/schema\\\/person\\\/c9cf15753a37512b326eb033bd39843c\",\"name\":\"El Marco\",\"image\":{\"@type\":\"ImageObject\",\"inLanguage\":\"es\",\"@id\":\"https:\\\/\\\/secure.gravatar.com\\\/avatar\\\/d16bed066026570385fca223acc49ae8544fd038a897a85586e0ba3c69b70fa5?s=96&d=mm&r=g\",\"url\":\"https:\\\/\\\/secure.gravatar.com\\\/avatar\\\/d16bed066026570385fca223acc49ae8544fd038a897a85586e0ba3c69b70fa5?s=96&d=mm&r=g\",\"contentUrl\":\"https:\\\/\\\/secure.gravatar.com\\\/avatar\\\/d16bed066026570385fca223acc49ae8544fd038a897a85586e0ba3c69b70fa5?s=96&d=mm&r=g\",\"caption\":\"El Marco\"},\"url\":\"https:\\\/\\\/lacolmena.link\\\/cinenjambre\\\/author\\\/marco\\\/\"}]}<\/script>\n<!-- \/ Yoast SEO plugin. -->","yoast_head_json":{"title":"Rese\u00f1a - Invasi\u00f3n en las Alturas - CINENJAMBRE \ud83c\udf7f","robots":{"index":"index","follow":"follow","max-snippet":"max-snippet:-1","max-image-preview":"max-image-preview:large","max-video-preview":"max-video-preview:-1"},"canonical":"https:\/\/lacolmena.link\/cinenjambre\/2021\/03\/04\/resena-invasion-en-las-alturas\/","og_locale":"es_ES","og_type":"article","og_title":"Rese\u00f1a - Invasi\u00f3n en las Alturas - CINENJAMBRE \ud83c\udf7f","og_description":"Quedar varado en una realidad diferente a la que conocemos es una de las premisas constantes dentro del manga y la animaci\u00f3n japonesa, estos mundos suelen ser medievales mezclados con magia y fantas\u00eda, otros lugares de pesadillas acompa\u00f1ados de monstruos, extra\u00f1as criaturas con zombies y otros espacios dist\u00f3picos basados en un futuro de muerte y [&hellip;]","og_url":"https:\/\/lacolmena.link\/cinenjambre\/2021\/03\/04\/resena-invasion-en-las-alturas\/","og_site_name":"CINENJAMBRE \ud83c\udf7f","article_published_time":"2021-03-04T23:38:25+00:00","article_modified_time":"2021-04-07T06:39:00+00:00","og_image":[{"width":719,"height":472,"url":"https:\/\/lacolmena.link\/cinenjambre\/wp-content\/uploads\/sites\/3\/2021\/03\/inv_post.jpg","type":"image\/jpeg"}],"author":"El Marco","twitter_card":"summary_large_image","twitter_misc":{"Escrito por":"El Marco","Tiempo de lectura":"6 minutos"},"schema":{"@context":"https:\/\/schema.org","@graph":[{"@type":"Article","@id":"https:\/\/lacolmena.link\/cinenjambre\/2021\/03\/04\/resena-invasion-en-las-alturas\/#article","isPartOf":{"@id":"https:\/\/lacolmena.link\/cinenjambre\/2021\/03\/04\/resena-invasion-en-las-alturas\/"},"author":{"name":"El Marco","@id":"https:\/\/lacolmena.link\/cinenjambre\/#\/schema\/person\/c9cf15753a37512b326eb033bd39843c"},"headline":"Rese\u00f1a &#8211; Invasi\u00f3n en las Alturas","datePublished":"2021-03-04T23:38:25+00:00","dateModified":"2021-04-07T06:39:00+00:00","mainEntityOfPage":{"@id":"https:\/\/lacolmena.link\/cinenjambre\/2021\/03\/04\/resena-invasion-en-las-alturas\/"},"wordCount":1170,"commentCount":0,"publisher":{"@id":"https:\/\/lacolmena.link\/cinenjambre\/#organization"},"image":{"@id":"https:\/\/lacolmena.link\/cinenjambre\/2021\/03\/04\/resena-invasion-en-las-alturas\/#primaryimage"},"thumbnailUrl":"https:\/\/lacolmena.link\/cinenjambre\/wp-content\/uploads\/sites\/3\/2021\/03\/inv_post.jpg","keywords":["Invasi\u00f3n en las Alturas","Netflix","Takahiro Oba","Tsuina Miura"],"articleSection":["Abeja Sempai","Rese\u00f1as"],"inLanguage":"es","potentialAction":[{"@type":"CommentAction","name":"Comment","target":["https:\/\/lacolmena.link\/cinenjambre\/2021\/03\/04\/resena-invasion-en-las-alturas\/#respond"]}]},{"@type":"WebPage","@id":"https:\/\/lacolmena.link\/cinenjambre\/2021\/03\/04\/resena-invasion-en-las-alturas\/","url":"https:\/\/lacolmena.link\/cinenjambre\/2021\/03\/04\/resena-invasion-en-las-alturas\/","name":"Rese\u00f1a - Invasi\u00f3n en las Alturas - CINENJAMBRE \ud83c\udf7f","isPartOf":{"@id":"https:\/\/lacolmena.link\/cinenjambre\/#website"},"primaryImageOfPage":{"@id":"https:\/\/lacolmena.link\/cinenjambre\/2021\/03\/04\/resena-invasion-en-las-alturas\/#primaryimage"},"image":{"@id":"https:\/\/lacolmena.link\/cinenjambre\/2021\/03\/04\/resena-invasion-en-las-alturas\/#primaryimage"},"thumbnailUrl":"https:\/\/lacolmena.link\/cinenjambre\/wp-content\/uploads\/sites\/3\/2021\/03\/inv_post.jpg","datePublished":"2021-03-04T23:38:25+00:00","dateModified":"2021-04-07T06:39:00+00:00","breadcrumb":{"@id":"https:\/\/lacolmena.link\/cinenjambre\/2021\/03\/04\/resena-invasion-en-las-alturas\/#breadcrumb"},"inLanguage":"es","potentialAction":[{"@type":"ReadAction","target":["https:\/\/lacolmena.link\/cinenjambre\/2021\/03\/04\/resena-invasion-en-las-alturas\/"]}]},{"@type":"ImageObject","inLanguage":"es","@id":"https:\/\/lacolmena.link\/cinenjambre\/2021\/03\/04\/resena-invasion-en-las-alturas\/#primaryimage","url":"https:\/\/lacolmena.link\/cinenjambre\/wp-content\/uploads\/sites\/3\/2021\/03\/inv_post.jpg","contentUrl":"https:\/\/lacolmena.link\/cinenjambre\/wp-content\/uploads\/sites\/3\/2021\/03\/inv_post.jpg","width":719,"height":472},{"@type":"BreadcrumbList","@id":"https:\/\/lacolmena.link\/cinenjambre\/2021\/03\/04\/resena-invasion-en-las-alturas\/#breadcrumb","itemListElement":[{"@type":"ListItem","position":1,"name":"Portada","item":"https:\/\/lacolmena.link\/cinenjambre\/"},{"@type":"ListItem","position":2,"name":"Rese\u00f1a &#8211; Invasi\u00f3n en las Alturas"}]},{"@type":"WebSite","@id":"https:\/\/lacolmena.link\/cinenjambre\/#website","url":"https:\/\/lacolmena.link\/cinenjambre\/","name":"CINENJAMBRE \ud83c\udf7f","description":"Noticias, rese\u00f1as, lanzamientos y m\u00e1s","publisher":{"@id":"https:\/\/lacolmena.link\/cinenjambre\/#organization"},"potentialAction":[{"@type":"SearchAction","target":{"@type":"EntryPoint","urlTemplate":"https:\/\/lacolmena.link\/cinenjambre\/?s={search_term_string}"},"query-input":{"@type":"PropertyValueSpecification","valueRequired":true,"valueName":"search_term_string"}}],"inLanguage":"es"},{"@type":"Organization","@id":"https:\/\/lacolmena.link\/cinenjambre\/#organization","name":"CINENJAMBRE \ud83c\udf7f","url":"https:\/\/lacolmena.link\/cinenjambre\/","logo":{"@type":"ImageObject","inLanguage":"es","@id":"https:\/\/lacolmena.link\/cinenjambre\/#\/schema\/logo\/image\/","url":"https:\/\/lacolmena.link\/cinenjambre\/wp-content\/uploads\/sites\/3\/2021\/01\/cropped-cinenjambre-1.png","contentUrl":"https:\/\/lacolmena.link\/cinenjambre\/wp-content\/uploads\/sites\/3\/2021\/01\/cropped-cinenjambre-1.png","width":512,"height":512,"caption":"CINENJAMBRE \ud83c\udf7f"},"image":{"@id":"https:\/\/lacolmena.link\/cinenjambre\/#\/schema\/logo\/image\/"}},{"@type":"Person","@id":"https:\/\/lacolmena.link\/cinenjambre\/#\/schema\/person\/c9cf15753a37512b326eb033bd39843c","name":"El Marco","image":{"@type":"ImageObject","inLanguage":"es","@id":"https:\/\/secure.gravatar.com\/avatar\/d16bed066026570385fca223acc49ae8544fd038a897a85586e0ba3c69b70fa5?s=96&d=mm&r=g","url":"https:\/\/secure.gravatar.com\/avatar\/d16bed066026570385fca223acc49ae8544fd038a897a85586e0ba3c69b70fa5?s=96&d=mm&r=g","contentUrl":"https:\/\/secure.gravatar.com\/avatar\/d16bed066026570385fca223acc49ae8544fd038a897a85586e0ba3c69b70fa5?s=96&d=mm&r=g","caption":"El Marco"},"url":"https:\/\/lacolmena.link\/cinenjambre\/author\/marco\/"}]}},"_links":{"self":[{"href":"https:\/\/lacolmena.link\/cinenjambre\/wp-json\/wp\/v2\/posts\/301","targetHints":{"allow":["GET"]}}],"collection":[{"href":"https:\/\/lacolmena.link\/cinenjambre\/wp-json\/wp\/v2\/posts"}],"about":[{"href":"https:\/\/lacolmena.link\/cinenjambre\/wp-json\/wp\/v2\/types\/post"}],"author":[{"embeddable":true,"href":"https:\/\/lacolmena.link\/cinenjambre\/wp-json\/wp\/v2\/users\/2"}],"replies":[{"embeddable":true,"href":"https:\/\/lacolmena.link\/cinenjambre\/wp-json\/wp\/v2\/comments?post=301"}],"version-history":[{"count":8,"href":"https:\/\/lacolmena.link\/cinenjambre\/wp-json\/wp\/v2\/posts\/301\/revisions"}],"predecessor-version":[{"id":616,"href":"https:\/\/lacolmena.link\/cinenjambre\/wp-json\/wp\/v2\/posts\/301\/revisions\/616"}],"wp:featuredmedia":[{"embeddable":true,"href":"https:\/\/lacolmena.link\/cinenjambre\/wp-json\/wp\/v2\/media\/317"}],"wp:attachment":[{"href":"https:\/\/lacolmena.link\/cinenjambre\/wp-json\/wp\/v2\/media?parent=301"}],"wp:term":[{"taxonomy":"category","embeddable":true,"href":"https:\/\/lacolmena.link\/cinenjambre\/wp-json\/wp\/v2\/categories?post=301"},{"taxonomy":"post_tag","embeddable":true,"href":"https:\/\/lacolmena.link\/cinenjambre\/wp-json\/wp\/v2\/tags?post=301"}],"curies":[{"name":"wp","href":"https:\/\/api.w.org\/{rel}","templated":true}]}}