{"id":407,"date":"2021-03-16T23:18:20","date_gmt":"2021-03-17T04:18:20","guid":{"rendered":"https:\/\/lacolmena.link\/cinenjambre\/?p=407"},"modified":"2021-04-07T01:30:15","modified_gmt":"2021-04-07T06:30:15","slug":"resena-earwig-y-la-bruja","status":"publish","type":"post","link":"https:\/\/lacolmena.link\/cinenjambre\/2021\/03\/16\/resena-earwig-y-la-bruja\/","title":{"rendered":"Rese\u00f1a &#8211; Earwig y la Bruja"},"content":{"rendered":"<p style=\"text-align: justify;\">En el a\u00f1o 2004, <strong>Studio Ghibli<\/strong> casi conectaba su segundo <strong>Oscar<\/strong> a <em>Mejor Pel\u00edcula Animada<\/em> cuando adapt\u00f3 la novela de <strong>Diana Wynne Jones,<\/strong> <em>El Incre\u00edble Castillo Vagabundo<\/em> en una hermosa animaci\u00f3n que ven\u00eda a dar seguimiento al gran momento que ten\u00eda <strong>Ghibli<\/strong> tras el \u00e9xito de cintas como <em>La Princesa Mononoke y El Viaje de Chihiro.<\/em> Era obvio que la familia de la fallecida autora le dar\u00eda pie a <strong>Ghibli<\/strong> a crear m\u00e1s adaptaciones de sus obras.<\/p>\n<p style=\"text-align: justify;\">Y as\u00ed tenemos <em>Earwig y la Bruja,<\/em> adaptaci\u00f3n de un cuento de <strong>Jones<\/strong> con la direcci\u00f3n de <strong>Goro Miyazaki<\/strong> y que, debido a la pandemia, no tuvo un estreno en el cine, pero si en la televisi\u00f3n japonesa y en <strong>HBO Max<\/strong> donde pueden verla junto con el resto de la filmograf\u00eda de <strong>Studio Ghibli.<\/strong><\/p>\n<p style=\"text-align: justify;\">Ficha t\u00e9cnica:<\/p>\n<ul style=\"text-align: justify;\">\n<li>T\u00edtulo original:\u00a0<em>Earwig and the Witch<\/em><\/li>\n<li>G\u00e9nero: Animaci\u00f3n\/Fantas\u00eda<\/li>\n<li>Direcci\u00f3n:\u00a0<strong>Goro Miyazaki<\/strong><\/li>\n<li>Protagonizan: voces en ingl\u00e9s de\u00a0<strong>Taylor Paige Henderson, Dan Stevens, Vanessa Marshall y Richard E. Grant.<\/strong><\/li>\n<li>Estreno: 5 de febrero del 2021<\/li>\n<li>Puedes verla en:\u00a0<a href=\"https:\/\/www.hbomax.com\/feature\/urn:hbo:feature:GX_9fRg4TSaJrugEAAAAw\"><strong>HBO Max<\/strong><\/a><\/li>\n<\/ul>\n<p><iframe loading=\"lazy\" title=\"Earwig and the Witch [Official English Trailer, GKIDS]\" width=\"640\" height=\"360\" src=\"https:\/\/www.youtube.com\/embed\/Lk5YWIbwzRE?feature=oembed\" frameborder=\"0\" allow=\"accelerometer; autoplay; clipboard-write; encrypted-media; gyroscope; picture-in-picture; web-share\" referrerpolicy=\"strict-origin-when-cross-origin\" allowfullscreen><\/iframe><\/p>\n<p style=\"text-align: justify;\">Una ni\u00f1a llamada <strong>Earwig<\/strong> vive en un orfanato donde espera no ser adoptada, pues vive contenta manipulando a los empleados del lugar. Es entonces que es sorpresivamente adoptada por una extra\u00f1a pareja, la cual resulta ser un par de brujos que deciden ponerla a trabajar. Sin embargo, un cassette con una canci\u00f3n y un secreto saldr\u00e1n a la luz y pondr\u00e1 la vida de la ni\u00f1a y de los hechiceros, literalmente, de cabeza.<\/p>\n<p style=\"text-align: justify;\">El primer problema que vemos en <em>Earwig<\/em> es ese hist\u00f3rico (o m\u00e1s bien) infame paso de dejar la animaci\u00f3n tradicional para hacer animaci\u00f3n por computadora y el segundo es poner al frente al director menos exitoso del <strong>Studio Ghibli, Goro Miyazaki,<\/strong> quien le hab\u00eda dado a <strong>Ghibli<\/strong> uno de los fracasos m\u00e1s estrepitosos de la franquicia con <em>Cuentos de Terramar<\/em> y una s\u00f3lida pero poco taquillera, <em>La Colina de las Amapolas.<\/em><\/p>\n<p style=\"text-align: justify;\">Es entendible que sea dif\u00edcil completar un proyecto de este nivel cuando hay una pandemia, pero entre los productores y el director se not\u00f3 esa sensaci\u00f3n de presi\u00f3n que vino a darle un golpe muy duro a la reputaci\u00f3n de <strong>Ghibli<\/strong>.<\/p>\n<figure id=\"attachment_410\" aria-describedby=\"caption-attachment-410\" style=\"width: 600px\" class=\"wp-caption aligncenter\"><img loading=\"lazy\" decoding=\"async\" class=\"wp-image-410\" src=\"https:\/\/lacolmena.link\/cinenjambre\/wp-content\/uploads\/sites\/3\/2021\/03\/earwig2-300x162.jpeg\" alt=\"\" width=\"600\" height=\"324\" srcset=\"https:\/\/lacolmena.link\/cinenjambre\/wp-content\/uploads\/sites\/3\/2021\/03\/earwig2-300x162.jpeg 300w, https:\/\/lacolmena.link\/cinenjambre\/wp-content\/uploads\/sites\/3\/2021\/03\/earwig2-1024x553.jpeg 1024w, https:\/\/lacolmena.link\/cinenjambre\/wp-content\/uploads\/sites\/3\/2021\/03\/earwig2-768x415.jpeg 768w, https:\/\/lacolmena.link\/cinenjambre\/wp-content\/uploads\/sites\/3\/2021\/03\/earwig2-1536x830.jpeg 1536w, https:\/\/lacolmena.link\/cinenjambre\/wp-content\/uploads\/sites\/3\/2021\/03\/earwig2.jpeg 2000w\" sizes=\"auto, (max-width: 600px) 100vw, 600px\" \/><figcaption id=\"caption-attachment-410\" class=\"wp-caption-text\">Estate atenta, el director es Goro Miyazaki as\u00ed que no esperes ni siquiera que te vaya por lo menos tan bien como a Kiki.<\/figcaption><\/figure>\n<p style=\"text-align: justify;\">Y no es la animaci\u00f3n el problema, si bien, palidece much\u00edsimo con lo que hemos visto con otras compa\u00f1\u00edas que ya dominan este estilo de animaci\u00f3n como <strong>Pixar o Dreamworks,<\/strong> si se siente esa esencia que le vemos a <strong>Ghibli<\/strong>, ese trabajo con los fondos, ese dise\u00f1o de personajes que saben manejar entre grotescos humanos y simp\u00e1ticos animalitos.<\/p>\n<p style=\"text-align: justify;\">Pero en algo falla miserablemente <strong>Goro<\/strong> y es justo donde <strong>Hayao<\/strong>, su padre, ten\u00eda bien dominado su trabajo: en vendernos a su protagonista.<\/p>\n<p style=\"text-align: justify;\"><strong>Earwig<\/strong> es la ant\u00edtesis de lo que ser\u00eda una protagonista de una cinta de <strong>Ghibli<\/strong>. Intenta <strong>Goro<\/strong> vendernos a una ni\u00f1a que pudiera tener una gran b\u00fasqueda por delante, pero nos da una ni\u00f1a caprichosa, manipuladora y, que hasta parece, podr\u00eda ser m\u00e1s la villana que la hero\u00edna. Sumen un dise\u00f1o de animaci\u00f3n que hace que <strong>Earwig<\/strong> no sea nada agradable a la audiencia y, salvo sus rostros de disgusto, asco o risa loca, no encontr\u00e9 nada que me hiciera sentir empat\u00eda por esta ni\u00f1a.<\/p>\n<p style=\"text-align: justify;\">Y si esto no puede vender <strong>Goro<\/strong>, menos una historia que la autora parec\u00eda tener en un entorno sencillo y <strong>Goro<\/strong> simplemente complica m\u00e1s y m\u00e1s en contar detalles que parecen sobrados. En los 140 minutos que dura la pel\u00edcula, <strong>Goro<\/strong> se pierde en los detalles y cuando ya estamos entrados en la historia ya estamos tambi\u00e9n saliendo de ella, s\u00ed, cuando apenas sent\u00eda algo de simpat\u00eda por <strong>Earwig<\/strong>, ya estaba terminando la pel\u00edcula y nada, absolutamente, nada trascendente hab\u00eda pasado.<\/p>\n<figure id=\"attachment_411\" aria-describedby=\"caption-attachment-411\" style=\"width: 600px\" class=\"wp-caption aligncenter\"><img loading=\"lazy\" decoding=\"async\" class=\"wp-image-411\" src=\"https:\/\/lacolmena.link\/cinenjambre\/wp-content\/uploads\/sites\/3\/2021\/03\/earwig-300x169.jpeg\" alt=\"\" width=\"600\" height=\"338\" srcset=\"https:\/\/lacolmena.link\/cinenjambre\/wp-content\/uploads\/sites\/3\/2021\/03\/earwig-300x169.jpeg 300w, https:\/\/lacolmena.link\/cinenjambre\/wp-content\/uploads\/sites\/3\/2021\/03\/earwig-1024x576.jpeg 1024w, https:\/\/lacolmena.link\/cinenjambre\/wp-content\/uploads\/sites\/3\/2021\/03\/earwig-768x432.jpeg 768w, https:\/\/lacolmena.link\/cinenjambre\/wp-content\/uploads\/sites\/3\/2021\/03\/earwig.jpeg 1280w\" sizes=\"auto, (max-width: 600px) 100vw, 600px\" \/><figcaption id=\"caption-attachment-411\" class=\"wp-caption-text\">Esta debe ser la reacci\u00f3n que tuve cuando llegu\u00e9 al final de la pel\u00edcula.<\/figcaption><\/figure>\n<p style=\"text-align: justify;\">\u00bfSer\u00e1 acaso que <strong>Goro<\/strong> perdi\u00f3 la br\u00fajula en alg\u00fan punto o le recortaron el presupuesto y termin\u00f3 acelerando la historia para asegurarse de que estuviera terminada? Vamos, hasta la banda sonora se siente mal acomodada, sin saber manejar el ritmo entre las escenas y con un tono ochentero que no combina en lo absoluto con la m\u00fasica que pretende vender la banda de rock progresivo que se oye de fondo en varias escenas de la historia.<\/p>\n<p style=\"text-align: justify;\">Es un guion que abre muchos misterios y no los cierra, nunca entendemos la raz\u00f3n de ser de los personajes ni el impacto que causar\u00eda que se revelaran dos o tres cosas, simplemente es terminar la pel\u00edcula y decir que es de <strong>Ghibli<\/strong>, lo cual para m\u00ed es un completo fraude.<\/p>\n<p style=\"text-align: justify;\">Si, <strong>Goro<\/strong> lo volvi\u00f3 a hacer, primero ech\u00f3 a perder <em>Terramar<\/em> y ahora, con esta cinta, parece que deja el nombre de <strong>Studio Ghibli<\/strong> por los suelos, es una pena que <strong>Hayao<\/strong> se haya retirado, pero creo que los productores de <strong>Ghibli<\/strong> deber\u00edan buscar nuevos talentos y no fiarse de un mal director solo porque es el hijo de una leyenda.<\/p>\n<p style=\"text-align: justify;\"><em>Earwig y la Bruja<\/em> no merece la atenci\u00f3n de la audiencia, creo que ni siquiera merecer\u00eda que le diera una calificaci\u00f3n, solo esperar que los siguientes proyectos de <strong>Ghibli<\/strong> sean para buscar talentos nuevos que si merecen trabajar en este estudio y no uno que, simplemente, parece solo aprovechar y desperdiciar el legado que su padre le dejo.<\/p>\n<p style=\"text-align: justify;\">Calificaci\u00f3n:<br \/>\n<img loading=\"lazy\" decoding=\"async\" class=\"alignnone wp-image-494 size-full\" src=\"https:\/\/lacolmena.link\/cinenjambre\/wp-content\/uploads\/sites\/3\/2021\/03\/full.png\" alt=\"\" width=\"64\" height=\"64\" \/><img loading=\"lazy\" decoding=\"async\" class=\"alignnone wp-image-494 size-full\" src=\"https:\/\/lacolmena.link\/cinenjambre\/wp-content\/uploads\/sites\/3\/2021\/03\/full.png\" alt=\"\" width=\"64\" height=\"64\" \/><\/p>\n","protected":false},"excerpt":{"rendered":"<p>En el a\u00f1o 2004, Studio Ghibli casi conectaba su segundo Oscar a Mejor Pel\u00edcula Animada cuando adapt\u00f3 la novela de Diana Wynne Jones, El Incre\u00edble Castillo Vagabundo en una hermosa animaci\u00f3n que ven\u00eda a dar seguimiento al gran momento que ten\u00eda Ghibli tras el \u00e9xito de cintas como La Princesa Mononoke y El Viaje de [&hellip;]<\/p>\n","protected":false},"author":9,"featured_media":409,"comment_status":"open","ping_status":"open","sticky":false,"template":"","format":"standard","meta":{"footnotes":""},"categories":[7,9],"tags":[244,242,241,243,240,245,239],"class_list":["post-407","post","type-post","status-publish","format-standard","has-post-thumbnail","hentry","category-abeja-sempai","category-resenas","tag-cuentos-de-terramar","tag-diana-wynne-jones","tag-earwig-y-la-bruja","tag-el-increible-castillo-vagabundo","tag-goro-miyazaki","tag-la-colina-de-las-amapolas","tag-studio-ghibli"],"yoast_head":"<!-- This site is optimized with the Yoast SEO plugin v27.5 - https:\/\/yoast.com\/product\/yoast-seo-wordpress\/ -->\n<title>Rese\u00f1a - Earwig y la Bruja - CINENJAMBRE \ud83c\udf7f<\/title>\n<meta name=\"robots\" content=\"index, follow, max-snippet:-1, max-image-preview:large, max-video-preview:-1\" \/>\n<link rel=\"canonical\" href=\"https:\/\/lacolmena.link\/cinenjambre\/2021\/03\/16\/resena-earwig-y-la-bruja\/\" \/>\n<meta property=\"og:locale\" content=\"es_ES\" \/>\n<meta property=\"og:type\" content=\"article\" \/>\n<meta property=\"og:title\" content=\"Rese\u00f1a - Earwig y la Bruja - CINENJAMBRE \ud83c\udf7f\" \/>\n<meta property=\"og:description\" content=\"En el a\u00f1o 2004, Studio Ghibli casi conectaba su segundo Oscar a Mejor Pel\u00edcula Animada cuando adapt\u00f3 la novela de Diana Wynne Jones, El Incre\u00edble Castillo Vagabundo en una hermosa animaci\u00f3n que ven\u00eda a dar seguimiento al gran momento que ten\u00eda Ghibli tras el \u00e9xito de cintas como La Princesa Mononoke y El Viaje de [&hellip;]\" \/>\n<meta property=\"og:url\" content=\"https:\/\/lacolmena.link\/cinenjambre\/2021\/03\/16\/resena-earwig-y-la-bruja\/\" \/>\n<meta property=\"og:site_name\" content=\"CINENJAMBRE \ud83c\udf7f\" \/>\n<meta property=\"article:published_time\" content=\"2021-03-17T04:18:20+00:00\" \/>\n<meta property=\"article:modified_time\" content=\"2021-04-07T06:30:15+00:00\" \/>\n<meta property=\"og:image\" content=\"https:\/\/lacolmena.link\/cinenjambre\/wp-content\/uploads\/sites\/3\/2021\/03\/EATW_Select_08.0.jpg\" \/>\n\t<meta property=\"og:image:width\" content=\"1200\" \/>\n\t<meta property=\"og:image:height\" content=\"800\" \/>\n\t<meta property=\"og:image:type\" content=\"image\/jpeg\" \/>\n<meta name=\"author\" content=\"Juan Carlos Barbosa Padilla\" \/>\n<meta name=\"twitter:card\" content=\"summary_large_image\" \/>\n<meta name=\"twitter:label1\" content=\"Escrito por\" \/>\n\t<meta name=\"twitter:data1\" content=\"Juan Carlos Barbosa Padilla\" \/>\n\t<meta name=\"twitter:label2\" content=\"Tiempo de lectura\" \/>\n\t<meta name=\"twitter:data2\" content=\"5 minutos\" \/>\n<script type=\"application\/ld+json\" class=\"yoast-schema-graph\">{\"@context\":\"https:\\\/\\\/schema.org\",\"@graph\":[{\"@type\":\"Article\",\"@id\":\"https:\\\/\\\/lacolmena.link\\\/cinenjambre\\\/2021\\\/03\\\/16\\\/resena-earwig-y-la-bruja\\\/#article\",\"isPartOf\":{\"@id\":\"https:\\\/\\\/lacolmena.link\\\/cinenjambre\\\/2021\\\/03\\\/16\\\/resena-earwig-y-la-bruja\\\/\"},\"author\":{\"name\":\"Juan Carlos Barbosa Padilla\",\"@id\":\"https:\\\/\\\/lacolmena.link\\\/cinenjambre\\\/#\\\/schema\\\/person\\\/aa47e7ec26f29e4bf92227a5dfaf0286\"},\"headline\":\"Rese\u00f1a &#8211; Earwig y la Bruja\",\"datePublished\":\"2021-03-17T04:18:20+00:00\",\"dateModified\":\"2021-04-07T06:30:15+00:00\",\"mainEntityOfPage\":{\"@id\":\"https:\\\/\\\/lacolmena.link\\\/cinenjambre\\\/2021\\\/03\\\/16\\\/resena-earwig-y-la-bruja\\\/\"},\"wordCount\":991,\"commentCount\":0,\"publisher\":{\"@id\":\"https:\\\/\\\/lacolmena.link\\\/cinenjambre\\\/#organization\"},\"image\":{\"@id\":\"https:\\\/\\\/lacolmena.link\\\/cinenjambre\\\/2021\\\/03\\\/16\\\/resena-earwig-y-la-bruja\\\/#primaryimage\"},\"thumbnailUrl\":\"https:\\\/\\\/lacolmena.link\\\/cinenjambre\\\/wp-content\\\/uploads\\\/sites\\\/3\\\/2021\\\/03\\\/EATW_Select_08.0.jpg\",\"keywords\":[\"cuentos de terramar\",\"diana wynne jones\",\"earwig y la bruja\",\"el increible castillo vagabundo\",\"goro miyazaki\",\"la colina de las amapolas\",\"studio ghibli\"],\"articleSection\":[\"Abeja Sempai\",\"Rese\u00f1as\"],\"inLanguage\":\"es\",\"potentialAction\":[{\"@type\":\"CommentAction\",\"name\":\"Comment\",\"target\":[\"https:\\\/\\\/lacolmena.link\\\/cinenjambre\\\/2021\\\/03\\\/16\\\/resena-earwig-y-la-bruja\\\/#respond\"]}]},{\"@type\":\"WebPage\",\"@id\":\"https:\\\/\\\/lacolmena.link\\\/cinenjambre\\\/2021\\\/03\\\/16\\\/resena-earwig-y-la-bruja\\\/\",\"url\":\"https:\\\/\\\/lacolmena.link\\\/cinenjambre\\\/2021\\\/03\\\/16\\\/resena-earwig-y-la-bruja\\\/\",\"name\":\"Rese\u00f1a - Earwig y la Bruja - CINENJAMBRE \ud83c\udf7f\",\"isPartOf\":{\"@id\":\"https:\\\/\\\/lacolmena.link\\\/cinenjambre\\\/#website\"},\"primaryImageOfPage\":{\"@id\":\"https:\\\/\\\/lacolmena.link\\\/cinenjambre\\\/2021\\\/03\\\/16\\\/resena-earwig-y-la-bruja\\\/#primaryimage\"},\"image\":{\"@id\":\"https:\\\/\\\/lacolmena.link\\\/cinenjambre\\\/2021\\\/03\\\/16\\\/resena-earwig-y-la-bruja\\\/#primaryimage\"},\"thumbnailUrl\":\"https:\\\/\\\/lacolmena.link\\\/cinenjambre\\\/wp-content\\\/uploads\\\/sites\\\/3\\\/2021\\\/03\\\/EATW_Select_08.0.jpg\",\"datePublished\":\"2021-03-17T04:18:20+00:00\",\"dateModified\":\"2021-04-07T06:30:15+00:00\",\"breadcrumb\":{\"@id\":\"https:\\\/\\\/lacolmena.link\\\/cinenjambre\\\/2021\\\/03\\\/16\\\/resena-earwig-y-la-bruja\\\/#breadcrumb\"},\"inLanguage\":\"es\",\"potentialAction\":[{\"@type\":\"ReadAction\",\"target\":[\"https:\\\/\\\/lacolmena.link\\\/cinenjambre\\\/2021\\\/03\\\/16\\\/resena-earwig-y-la-bruja\\\/\"]}]},{\"@type\":\"ImageObject\",\"inLanguage\":\"es\",\"@id\":\"https:\\\/\\\/lacolmena.link\\\/cinenjambre\\\/2021\\\/03\\\/16\\\/resena-earwig-y-la-bruja\\\/#primaryimage\",\"url\":\"https:\\\/\\\/lacolmena.link\\\/cinenjambre\\\/wp-content\\\/uploads\\\/sites\\\/3\\\/2021\\\/03\\\/EATW_Select_08.0.jpg\",\"contentUrl\":\"https:\\\/\\\/lacolmena.link\\\/cinenjambre\\\/wp-content\\\/uploads\\\/sites\\\/3\\\/2021\\\/03\\\/EATW_Select_08.0.jpg\",\"width\":1200,\"height\":800},{\"@type\":\"BreadcrumbList\",\"@id\":\"https:\\\/\\\/lacolmena.link\\\/cinenjambre\\\/2021\\\/03\\\/16\\\/resena-earwig-y-la-bruja\\\/#breadcrumb\",\"itemListElement\":[{\"@type\":\"ListItem\",\"position\":1,\"name\":\"Portada\",\"item\":\"https:\\\/\\\/lacolmena.link\\\/cinenjambre\\\/\"},{\"@type\":\"ListItem\",\"position\":2,\"name\":\"Rese\u00f1a &#8211; Earwig y la Bruja\"}]},{\"@type\":\"WebSite\",\"@id\":\"https:\\\/\\\/lacolmena.link\\\/cinenjambre\\\/#website\",\"url\":\"https:\\\/\\\/lacolmena.link\\\/cinenjambre\\\/\",\"name\":\"CINENJAMBRE \ud83c\udf7f\",\"description\":\"Noticias, rese\u00f1as, lanzamientos y m\u00e1s\",\"publisher\":{\"@id\":\"https:\\\/\\\/lacolmena.link\\\/cinenjambre\\\/#organization\"},\"potentialAction\":[{\"@type\":\"SearchAction\",\"target\":{\"@type\":\"EntryPoint\",\"urlTemplate\":\"https:\\\/\\\/lacolmena.link\\\/cinenjambre\\\/?s={search_term_string}\"},\"query-input\":{\"@type\":\"PropertyValueSpecification\",\"valueRequired\":true,\"valueName\":\"search_term_string\"}}],\"inLanguage\":\"es\"},{\"@type\":\"Organization\",\"@id\":\"https:\\\/\\\/lacolmena.link\\\/cinenjambre\\\/#organization\",\"name\":\"CINENJAMBRE \ud83c\udf7f\",\"url\":\"https:\\\/\\\/lacolmena.link\\\/cinenjambre\\\/\",\"logo\":{\"@type\":\"ImageObject\",\"inLanguage\":\"es\",\"@id\":\"https:\\\/\\\/lacolmena.link\\\/cinenjambre\\\/#\\\/schema\\\/logo\\\/image\\\/\",\"url\":\"https:\\\/\\\/lacolmena.link\\\/cinenjambre\\\/wp-content\\\/uploads\\\/sites\\\/3\\\/2021\\\/01\\\/cropped-cinenjambre-1.png\",\"contentUrl\":\"https:\\\/\\\/lacolmena.link\\\/cinenjambre\\\/wp-content\\\/uploads\\\/sites\\\/3\\\/2021\\\/01\\\/cropped-cinenjambre-1.png\",\"width\":512,\"height\":512,\"caption\":\"CINENJAMBRE \ud83c\udf7f\"},\"image\":{\"@id\":\"https:\\\/\\\/lacolmena.link\\\/cinenjambre\\\/#\\\/schema\\\/logo\\\/image\\\/\"}},{\"@type\":\"Person\",\"@id\":\"https:\\\/\\\/lacolmena.link\\\/cinenjambre\\\/#\\\/schema\\\/person\\\/aa47e7ec26f29e4bf92227a5dfaf0286\",\"name\":\"Juan Carlos Barbosa Padilla\",\"image\":{\"@type\":\"ImageObject\",\"inLanguage\":\"es\",\"@id\":\"https:\\\/\\\/secure.gravatar.com\\\/avatar\\\/f5f701552d9b768736106901f96287b05c508ebc1f6af3a0ed1e4e5e84426bb9?s=96&d=mm&r=g\",\"url\":\"https:\\\/\\\/secure.gravatar.com\\\/avatar\\\/f5f701552d9b768736106901f96287b05c508ebc1f6af3a0ed1e4e5e84426bb9?s=96&d=mm&r=g\",\"contentUrl\":\"https:\\\/\\\/secure.gravatar.com\\\/avatar\\\/f5f701552d9b768736106901f96287b05c508ebc1f6af3a0ed1e4e5e84426bb9?s=96&d=mm&r=g\",\"caption\":\"Juan Carlos Barbosa Padilla\"},\"url\":\"https:\\\/\\\/lacolmena.link\\\/cinenjambre\\\/author\\\/travsam\\\/\"}]}<\/script>\n<!-- \/ Yoast SEO plugin. -->","yoast_head_json":{"title":"Rese\u00f1a - Earwig y la Bruja - CINENJAMBRE \ud83c\udf7f","robots":{"index":"index","follow":"follow","max-snippet":"max-snippet:-1","max-image-preview":"max-image-preview:large","max-video-preview":"max-video-preview:-1"},"canonical":"https:\/\/lacolmena.link\/cinenjambre\/2021\/03\/16\/resena-earwig-y-la-bruja\/","og_locale":"es_ES","og_type":"article","og_title":"Rese\u00f1a - Earwig y la Bruja - CINENJAMBRE \ud83c\udf7f","og_description":"En el a\u00f1o 2004, Studio Ghibli casi conectaba su segundo Oscar a Mejor Pel\u00edcula Animada cuando adapt\u00f3 la novela de Diana Wynne Jones, El Incre\u00edble Castillo Vagabundo en una hermosa animaci\u00f3n que ven\u00eda a dar seguimiento al gran momento que ten\u00eda Ghibli tras el \u00e9xito de cintas como La Princesa Mononoke y El Viaje de [&hellip;]","og_url":"https:\/\/lacolmena.link\/cinenjambre\/2021\/03\/16\/resena-earwig-y-la-bruja\/","og_site_name":"CINENJAMBRE \ud83c\udf7f","article_published_time":"2021-03-17T04:18:20+00:00","article_modified_time":"2021-04-07T06:30:15+00:00","og_image":[{"width":1200,"height":800,"url":"https:\/\/lacolmena.link\/cinenjambre\/wp-content\/uploads\/sites\/3\/2021\/03\/EATW_Select_08.0.jpg","type":"image\/jpeg"}],"author":"Juan Carlos Barbosa Padilla","twitter_card":"summary_large_image","twitter_misc":{"Escrito por":"Juan Carlos Barbosa Padilla","Tiempo de lectura":"5 minutos"},"schema":{"@context":"https:\/\/schema.org","@graph":[{"@type":"Article","@id":"https:\/\/lacolmena.link\/cinenjambre\/2021\/03\/16\/resena-earwig-y-la-bruja\/#article","isPartOf":{"@id":"https:\/\/lacolmena.link\/cinenjambre\/2021\/03\/16\/resena-earwig-y-la-bruja\/"},"author":{"name":"Juan Carlos Barbosa Padilla","@id":"https:\/\/lacolmena.link\/cinenjambre\/#\/schema\/person\/aa47e7ec26f29e4bf92227a5dfaf0286"},"headline":"Rese\u00f1a &#8211; Earwig y la Bruja","datePublished":"2021-03-17T04:18:20+00:00","dateModified":"2021-04-07T06:30:15+00:00","mainEntityOfPage":{"@id":"https:\/\/lacolmena.link\/cinenjambre\/2021\/03\/16\/resena-earwig-y-la-bruja\/"},"wordCount":991,"commentCount":0,"publisher":{"@id":"https:\/\/lacolmena.link\/cinenjambre\/#organization"},"image":{"@id":"https:\/\/lacolmena.link\/cinenjambre\/2021\/03\/16\/resena-earwig-y-la-bruja\/#primaryimage"},"thumbnailUrl":"https:\/\/lacolmena.link\/cinenjambre\/wp-content\/uploads\/sites\/3\/2021\/03\/EATW_Select_08.0.jpg","keywords":["cuentos de terramar","diana wynne jones","earwig y la bruja","el increible castillo vagabundo","goro miyazaki","la colina de las amapolas","studio ghibli"],"articleSection":["Abeja Sempai","Rese\u00f1as"],"inLanguage":"es","potentialAction":[{"@type":"CommentAction","name":"Comment","target":["https:\/\/lacolmena.link\/cinenjambre\/2021\/03\/16\/resena-earwig-y-la-bruja\/#respond"]}]},{"@type":"WebPage","@id":"https:\/\/lacolmena.link\/cinenjambre\/2021\/03\/16\/resena-earwig-y-la-bruja\/","url":"https:\/\/lacolmena.link\/cinenjambre\/2021\/03\/16\/resena-earwig-y-la-bruja\/","name":"Rese\u00f1a - Earwig y la Bruja - CINENJAMBRE \ud83c\udf7f","isPartOf":{"@id":"https:\/\/lacolmena.link\/cinenjambre\/#website"},"primaryImageOfPage":{"@id":"https:\/\/lacolmena.link\/cinenjambre\/2021\/03\/16\/resena-earwig-y-la-bruja\/#primaryimage"},"image":{"@id":"https:\/\/lacolmena.link\/cinenjambre\/2021\/03\/16\/resena-earwig-y-la-bruja\/#primaryimage"},"thumbnailUrl":"https:\/\/lacolmena.link\/cinenjambre\/wp-content\/uploads\/sites\/3\/2021\/03\/EATW_Select_08.0.jpg","datePublished":"2021-03-17T04:18:20+00:00","dateModified":"2021-04-07T06:30:15+00:00","breadcrumb":{"@id":"https:\/\/lacolmena.link\/cinenjambre\/2021\/03\/16\/resena-earwig-y-la-bruja\/#breadcrumb"},"inLanguage":"es","potentialAction":[{"@type":"ReadAction","target":["https:\/\/lacolmena.link\/cinenjambre\/2021\/03\/16\/resena-earwig-y-la-bruja\/"]}]},{"@type":"ImageObject","inLanguage":"es","@id":"https:\/\/lacolmena.link\/cinenjambre\/2021\/03\/16\/resena-earwig-y-la-bruja\/#primaryimage","url":"https:\/\/lacolmena.link\/cinenjambre\/wp-content\/uploads\/sites\/3\/2021\/03\/EATW_Select_08.0.jpg","contentUrl":"https:\/\/lacolmena.link\/cinenjambre\/wp-content\/uploads\/sites\/3\/2021\/03\/EATW_Select_08.0.jpg","width":1200,"height":800},{"@type":"BreadcrumbList","@id":"https:\/\/lacolmena.link\/cinenjambre\/2021\/03\/16\/resena-earwig-y-la-bruja\/#breadcrumb","itemListElement":[{"@type":"ListItem","position":1,"name":"Portada","item":"https:\/\/lacolmena.link\/cinenjambre\/"},{"@type":"ListItem","position":2,"name":"Rese\u00f1a &#8211; Earwig y la Bruja"}]},{"@type":"WebSite","@id":"https:\/\/lacolmena.link\/cinenjambre\/#website","url":"https:\/\/lacolmena.link\/cinenjambre\/","name":"CINENJAMBRE \ud83c\udf7f","description":"Noticias, rese\u00f1as, lanzamientos y m\u00e1s","publisher":{"@id":"https:\/\/lacolmena.link\/cinenjambre\/#organization"},"potentialAction":[{"@type":"SearchAction","target":{"@type":"EntryPoint","urlTemplate":"https:\/\/lacolmena.link\/cinenjambre\/?s={search_term_string}"},"query-input":{"@type":"PropertyValueSpecification","valueRequired":true,"valueName":"search_term_string"}}],"inLanguage":"es"},{"@type":"Organization","@id":"https:\/\/lacolmena.link\/cinenjambre\/#organization","name":"CINENJAMBRE \ud83c\udf7f","url":"https:\/\/lacolmena.link\/cinenjambre\/","logo":{"@type":"ImageObject","inLanguage":"es","@id":"https:\/\/lacolmena.link\/cinenjambre\/#\/schema\/logo\/image\/","url":"https:\/\/lacolmena.link\/cinenjambre\/wp-content\/uploads\/sites\/3\/2021\/01\/cropped-cinenjambre-1.png","contentUrl":"https:\/\/lacolmena.link\/cinenjambre\/wp-content\/uploads\/sites\/3\/2021\/01\/cropped-cinenjambre-1.png","width":512,"height":512,"caption":"CINENJAMBRE \ud83c\udf7f"},"image":{"@id":"https:\/\/lacolmena.link\/cinenjambre\/#\/schema\/logo\/image\/"}},{"@type":"Person","@id":"https:\/\/lacolmena.link\/cinenjambre\/#\/schema\/person\/aa47e7ec26f29e4bf92227a5dfaf0286","name":"Juan Carlos Barbosa Padilla","image":{"@type":"ImageObject","inLanguage":"es","@id":"https:\/\/secure.gravatar.com\/avatar\/f5f701552d9b768736106901f96287b05c508ebc1f6af3a0ed1e4e5e84426bb9?s=96&d=mm&r=g","url":"https:\/\/secure.gravatar.com\/avatar\/f5f701552d9b768736106901f96287b05c508ebc1f6af3a0ed1e4e5e84426bb9?s=96&d=mm&r=g","contentUrl":"https:\/\/secure.gravatar.com\/avatar\/f5f701552d9b768736106901f96287b05c508ebc1f6af3a0ed1e4e5e84426bb9?s=96&d=mm&r=g","caption":"Juan Carlos Barbosa Padilla"},"url":"https:\/\/lacolmena.link\/cinenjambre\/author\/travsam\/"}]}},"_links":{"self":[{"href":"https:\/\/lacolmena.link\/cinenjambre\/wp-json\/wp\/v2\/posts\/407","targetHints":{"allow":["GET"]}}],"collection":[{"href":"https:\/\/lacolmena.link\/cinenjambre\/wp-json\/wp\/v2\/posts"}],"about":[{"href":"https:\/\/lacolmena.link\/cinenjambre\/wp-json\/wp\/v2\/types\/post"}],"author":[{"embeddable":true,"href":"https:\/\/lacolmena.link\/cinenjambre\/wp-json\/wp\/v2\/users\/9"}],"replies":[{"embeddable":true,"href":"https:\/\/lacolmena.link\/cinenjambre\/wp-json\/wp\/v2\/comments?post=407"}],"version-history":[{"count":4,"href":"https:\/\/lacolmena.link\/cinenjambre\/wp-json\/wp\/v2\/posts\/407\/revisions"}],"predecessor-version":[{"id":608,"href":"https:\/\/lacolmena.link\/cinenjambre\/wp-json\/wp\/v2\/posts\/407\/revisions\/608"}],"wp:featuredmedia":[{"embeddable":true,"href":"https:\/\/lacolmena.link\/cinenjambre\/wp-json\/wp\/v2\/media\/409"}],"wp:attachment":[{"href":"https:\/\/lacolmena.link\/cinenjambre\/wp-json\/wp\/v2\/media?parent=407"}],"wp:term":[{"taxonomy":"category","embeddable":true,"href":"https:\/\/lacolmena.link\/cinenjambre\/wp-json\/wp\/v2\/categories?post=407"},{"taxonomy":"post_tag","embeddable":true,"href":"https:\/\/lacolmena.link\/cinenjambre\/wp-json\/wp\/v2\/tags?post=407"}],"curies":[{"name":"wp","href":"https:\/\/api.w.org\/{rel}","templated":true}]}}