{"id":721,"date":"2021-04-26T09:30:01","date_gmt":"2021-04-26T14:30:01","guid":{"rendered":"https:\/\/lacolmena.link\/cinenjambre\/?p=721"},"modified":"2021-04-26T02:47:33","modified_gmt":"2021-04-26T07:47:33","slug":"resena-le-temes-a-la-oscuridad","status":"publish","type":"post","link":"https:\/\/lacolmena.link\/cinenjambre\/2021\/04\/26\/resena-le-temes-a-la-oscuridad\/","title":{"rendered":"Rese\u00f1a &#8211; \u00bfLe temes a la oscuridad?"},"content":{"rendered":"<p style=\"text-align: justify; padding-left: 40px;\"><strong>T\u00edtulo original:<\/strong> Are You Afraid of the Dark?<br \/>\n<strong>G\u00e9nero:<\/strong> Fantas\u00eda, Terror<br \/>\n<strong>A\u00f1o de estreno:<\/strong> 2019<br \/>\n<strong>Pa\u00eds:<\/strong> Canad\u00e1, Estados Unidos<br \/>\n<strong>Director:<\/strong> Dean Israelit<br \/>\n<strong>Protagonizan:<\/strong> Sam Ashe Arnold, Miya Cech, Tamara Smart, Jeremy Taylor, Lyliana Wray y Rafael Casa, etc.<br \/>\n<strong>La encuentras en:<\/strong> Paramount<br \/>\n<strong>Duraci\u00f3n:<\/strong> 30 minutos por episodio, 3 cap\u00edtulos<\/p>\n<p style=\"text-align: justify;\">Hace unos meses llego la plataforma de <strong>Paramount<\/strong> a Estados Unidos y Latinoam\u00e9rica donde igual que sus iguales como <strong>Disney<\/strong>,<strong> Hulu<\/strong>,<strong> Netflix<\/strong>, etc, nos trajo un catalogo de nuevas y viejas pel\u00edculas, caricaturas, series, televisi\u00f3n en vivo y hasta ciertos deportes en vivo, un catalogo que siendo sinceros deja mucho a desear, pero m\u00e1s adelante escribiremos m\u00e1s de lleno sobre est\u00e1 nueva plataforma, que para mi gusto no es tan necesaria tenerla en tu lista de aplicaciones.<\/p>\n<p style=\"text-align: justify;\">Pero como toda nueva adquisici\u00f3n hay cosas que resaltan y que pueden ser rescatables de esta plataforma, y no solo hablamos de los programas de deportes que muy bien atinados jalaron o del mes gratuito que ofrecieron a los suscriptores aqu\u00ed en los Estados Unidos, hablamos de una serie en especial una serie que nos trajo en los a\u00f1os <em>90s<\/em> el canal de televisi\u00f3n <strong>Nickelodeon<\/strong> canal que trajo a los <strong>Rugrats<\/strong>, <strong>Oye Arnold<\/strong>,<strong> Ginger<\/strong>,<strong> Sabrina<\/strong>, entre otros pero en est\u00e1 ocasi\u00f3n nos entraremos en la serie juvenil de terror Le temes a la oscuridad.<\/p>\n<p style=\"text-align: justify;\"><strong>Are You Afraid of the Dark?<\/strong> o mejor conocida en Hispanoam\u00e9rica como <strong>\u00bfLe temes a la oscuridad?<\/strong> fue una serie de televisi\u00f3n canadiense de terror fant\u00e1stico antol\u00f3gico, creada por <strong>DJ MacHale <\/strong>y<strong> Ned Kandel<\/strong>, la cual narraba la historia de un grupo de amigos que se reun\u00edan cada fin de semana al filo de la media noche en el bosque para relatar historias al calor de una fogata. Est\u00e1\u00a0serie se estren\u00f3 con el episodio <em>\u00abThe Tale of the Twisted Claw\u00bb<\/em> como un piloto en <em>Halloween<\/em> 1990 en la red de televisi\u00f3n canadiense <strong>YTV<\/strong> y en est\u00e9 mismo canal la transmisi\u00f3n estuvo hasta el a\u00f1o 2000. Pero en 1991 comenz\u00f3 la transmisi\u00f3n al mismo tiempo por el canal <strong>Nickelodeon<\/strong> hasta el 20 de abril de 1996. La serie fue revivida con nuevos directores, escritores, y fue producida directamente por <strong>Nickelodeon<\/strong> de 1999 al 2000, donde el \u00fanico miembro de la alineaci\u00f3n original regres\u00f3 para las temporadas 6 y 7 <strong>Tucker<\/strong> (<strong>Daniel DeSanto<\/strong>), pero para el show final regres\u00f3 <strong>Gary<\/strong> (<strong>Ross Hull<\/strong>) que logr\u00f3 romper con el formato establecido del espect\u00e1culo, borrando la l\u00ednea entre la fantas\u00eda y la realidad.<\/p>\n<p><img loading=\"lazy\" decoding=\"async\" class=\"aligncenter wp-image-726 size-large\" src=\"https:\/\/lacolmena.link\/cinenjambre\/wp-content\/uploads\/sites\/3\/2021\/04\/letemes2-1024x576.jpg\" alt=\"\" width=\"640\" height=\"360\" srcset=\"https:\/\/lacolmena.link\/cinenjambre\/wp-content\/uploads\/sites\/3\/2021\/04\/letemes2-1024x576.jpg 1024w, https:\/\/lacolmena.link\/cinenjambre\/wp-content\/uploads\/sites\/3\/2021\/04\/letemes2-300x169.jpg 300w, https:\/\/lacolmena.link\/cinenjambre\/wp-content\/uploads\/sites\/3\/2021\/04\/letemes2-768x432.jpg 768w, https:\/\/lacolmena.link\/cinenjambre\/wp-content\/uploads\/sites\/3\/2021\/04\/letemes2.jpg 1280w\" sizes=\"auto, (max-width: 640px) 100vw, 640px\" \/><\/p>\n<p>&nbsp;<\/p>\n<p style=\"text-align: justify;\">Despu\u00e9s de las 7 temporadas y una pel\u00edcula para televisi\u00f3n que dio final a la historia, decidieron tomar un receso hasta el 2019 cuando nuevamente <strong>Nickelodeon<\/strong> decidi\u00f3 retomar este proyecto tray\u00e9ndolo como una mini serie de 3 cap\u00edtulos de 50 minutos de duraci\u00f3n cada episodio, donde se abarca una sola historia en general. Y aunque al inicio solo se vio por el canal de <strong>Nickelodeon<\/strong>, <strong>Paramount<\/strong> al tener todo el catalogo lo trajo como una de sus sorpresas, y adelant\u00e1ndonos un poco ya se sugiere que las nuevas temporadas se podr\u00e1n ver pr\u00f3ximamente por est\u00e1 plataforma.<\/p>\n<p style=\"text-align: justify;\">La serie habla de un grupo de amigos que se hacen llamar <strong>La sociedad de la media noche<\/strong> que durante las noches de los fines de semana se juntaban alrededor de una fogata a contar una historia de terror y si hab\u00eda un nuevo integrante este o esta ten\u00eda que contar una historia que espantara realmente para poder ser aceptado. Estos relatos que en su inicio parec\u00edan simples pod\u00edan dar ciertas sorpresas porque sus tramas tra\u00edan personajes interesantes y que en su momento lograban poner la piel de gallina y hasta quitar el sue\u00f1o hasta al mas valiente espectador.<\/p>\n<p style=\"text-align: justify;\"><strong>Sipnosis:<\/strong><\/p>\n<p style=\"text-align: justify;\">La novata en turno es puesta a prueba con una historia para ingresar a la sociedad, al inicio todo parece un cl\u00e1sico relato, pero al d\u00eda siguiente la historia comienza a cobrar vida y afectar a personas cercanas al grupo de chicos. <strong>El carnaval de la perdici\u00f3n<\/strong> a llegado y con \u00e9l un oscuro secreto que atormenta en pesadillas a la chica nueva.<\/p>\n<p style=\"text-align: justify;\">Cuando vemos esta nueva temporada piensas y que tendr\u00e1 de nuevo, realmente asustara, gustar\u00e1, me har\u00e1 sentir como cuando era adolescente, me har\u00e1 tener pesadillas, al inicio es verdad que toma un poco tomarle nuevamente ese cari\u00f1o que sent\u00edamos con las primeras temporadas pero conforme avanza el guion resulta ser interesante y llamativo y algo diferente a lo que est\u00e1bamos acostumbrados a ver.<\/p>\n<p><img loading=\"lazy\" decoding=\"async\" class=\"aligncenter wp-image-724 size-large\" src=\"https:\/\/lacolmena.link\/cinenjambre\/wp-content\/uploads\/sites\/3\/2021\/04\/letemes1-1024x682.jpg\" alt=\"\" width=\"640\" height=\"426\" srcset=\"https:\/\/lacolmena.link\/cinenjambre\/wp-content\/uploads\/sites\/3\/2021\/04\/letemes1-1024x682.jpg 1024w, https:\/\/lacolmena.link\/cinenjambre\/wp-content\/uploads\/sites\/3\/2021\/04\/letemes1-300x200.jpg 300w, https:\/\/lacolmena.link\/cinenjambre\/wp-content\/uploads\/sites\/3\/2021\/04\/letemes1-768x512.jpg 768w, https:\/\/lacolmena.link\/cinenjambre\/wp-content\/uploads\/sites\/3\/2021\/04\/letemes1-1536x1023.jpg 1536w, https:\/\/lacolmena.link\/cinenjambre\/wp-content\/uploads\/sites\/3\/2021\/04\/letemes1.jpg 1600w\" sizes=\"auto, (max-width: 640px) 100vw, 640px\" \/><\/p>\n<p style=\"text-align: justify;\">Que podemos decir de esta nueva temporada, es una serie con una idea buena en cuesti\u00f3n de la producci\u00f3n, que tiene grandes vestuarios y las personalidades de los personajes bien definidos, aunque cabe resaltar aqu\u00ed que las actuaciones es uno de los puntos malos de la serie en especial de la protagonista; las escenas donde los chicos est\u00e1n sentados alrededor de la famosa fogata realmente logran captar esa idea de misterio, de miedo y por momentos da esa sensaci\u00f3n que algo o alguien los est\u00e1 observando y que en cualquier momento pasara algo malo.<\/p>\n<p style=\"text-align: justify;\">Aunque para mi parecer le falto un poco mas de creatividad en el guion, meter m\u00e1s momentos de miedo; es una serie que terminaras viendo mas por la a\u00f1oranza de los buenos recuerdos que por lo que es en si la serie. En cuanto al nuevo elenco podemos decir que son un compendio de personajes agradables para el p\u00fablico, en especial para el infantil o juvenil ya que se sentir\u00e1n identificados con ellos, pero que por momentos parecen parte de una formula clich\u00e9 del terror juvenil y como ya comente sus actuaciones dejan mucho a desear.<\/p>\n<p style=\"text-align: justify;\">Hablando de la justificaci\u00f3n de la historia, es algo en el papel est\u00e1 bien aterrizado as\u00ed como la idea de al trama, pero al producto final le falto mucha cabeza, ya que desde el villano de la historia que aunque su historia resulta interesante le hace falta m\u00e1s poder, m\u00e1s coraje, algo que diera m\u00e1s miedo y que realmente se sintiera que \u00e9l era lo malo o lo perverso de la historia, as\u00ed mismo no fue nada cre\u00edble como llega este Carnaval al lugar que durante unas pocas horas y cr\u00e9anme muy pocas horas vemos el cl\u00edmax de la serie. Donde hasta los personajes secundarios que vemos como ayudantes del villano , muchos se vieron tan falsos que terminaron vi\u00e9ndose nada llamativos para la audiencia.<\/p>\n<p><img loading=\"lazy\" decoding=\"async\" class=\"aligncenter wp-image-729 size-large\" src=\"https:\/\/lacolmena.link\/cinenjambre\/wp-content\/uploads\/sites\/3\/2021\/04\/malo-826x1024.jpg\" alt=\"\" width=\"640\" height=\"793\" srcset=\"https:\/\/lacolmena.link\/cinenjambre\/wp-content\/uploads\/sites\/3\/2021\/04\/malo-826x1024.jpg 826w, https:\/\/lacolmena.link\/cinenjambre\/wp-content\/uploads\/sites\/3\/2021\/04\/malo-242x300.jpg 242w, https:\/\/lacolmena.link\/cinenjambre\/wp-content\/uploads\/sites\/3\/2021\/04\/malo-768x952.jpg 768w, https:\/\/lacolmena.link\/cinenjambre\/wp-content\/uploads\/sites\/3\/2021\/04\/malo.jpg 968w\" sizes=\"auto, (max-width: 640px) 100vw, 640px\" \/><\/p>\n<p style=\"text-align: justify;\">Aunque insisto que la serie no es mala, creo que pueden mejorarla buscando darle esos toques m\u00e1s de terror, ese terror juvenil de \u00e9poca que en su momento lograba mantenerte en al orilla del asiento, definitivamente mejorar su de <em>casting<\/em> y darle una justificaci\u00f3n m\u00e1s realista al villano, si mejoran esos puntos tendr\u00e1n m\u00e1s y nuevos seguidores.<\/p>\n<p style=\"text-align: justify;\">As\u00ed que ah\u00ed va mi conclusi\u00f3n: El nuevo formato de mini serie funciono, la idea es buena y la tem\u00e1tica del circo nunca falla, aunque falta ver de que se trataran las nuevas historias, hace falta aterrizar mejor la idea si, tienen que mejorar las actuaciones, pero al final es una serie que no puedes dejar de ver y que te traer\u00e1 buenos recuerdo de tu juventud, y para los nuevos adolescentes o nuevos televidentes est\u00e1 serie los dejara picados esperando m\u00e1s.<\/p>\n<p style=\"text-align: justify;\"><strong>Calificaci\u00f3n:<\/strong><br \/>\n<img loading=\"lazy\" decoding=\"async\" class=\"alignnone size-full wp-image-494\" src=\"https:\/\/lacolmena.link\/cinenjambre\/wp-content\/uploads\/sites\/3\/2021\/03\/full.png\" alt=\"\" width=\"64\" height=\"64\" \/><img loading=\"lazy\" decoding=\"async\" class=\"alignnone size-full wp-image-494\" src=\"https:\/\/lacolmena.link\/cinenjambre\/wp-content\/uploads\/sites\/3\/2021\/03\/full.png\" alt=\"\" width=\"64\" height=\"64\" \/><img loading=\"lazy\" decoding=\"async\" class=\"alignnone size-full wp-image-494\" src=\"https:\/\/lacolmena.link\/cinenjambre\/wp-content\/uploads\/sites\/3\/2021\/03\/full.png\" alt=\"\" width=\"64\" height=\"64\" \/><img loading=\"lazy\" decoding=\"async\" class=\"alignnone size-full wp-image-495\" src=\"https:\/\/lacolmena.link\/cinenjambre\/wp-content\/uploads\/sites\/3\/2021\/03\/half.png\" alt=\"\" width=\"64\" height=\"64\" \/><img loading=\"lazy\" decoding=\"async\" class=\"alignnone size-full wp-image-697\" src=\"https:\/\/lacolmena.link\/cinenjambre\/wp-content\/uploads\/sites\/3\/2021\/04\/empty.png\" alt=\"\" width=\"64\" height=\"64\" \/><\/p>\n<p><iframe loading=\"lazy\" title=\"Are You Afraid of the Dark? Trailer Subtitulado | Serie de antolog\u00eda de terror Nickelodeon\" width=\"640\" height=\"360\" src=\"https:\/\/www.youtube.com\/embed\/tsM_YXZD0Cg?feature=oembed\" frameborder=\"0\" allow=\"accelerometer; autoplay; clipboard-write; encrypted-media; gyroscope; picture-in-picture; web-share\" referrerpolicy=\"strict-origin-when-cross-origin\" allowfullscreen><\/iframe><\/p>\n","protected":false},"excerpt":{"rendered":"<p>T\u00edtulo original: Are You Afraid of the Dark? G\u00e9nero: Fantas\u00eda, Terror A\u00f1o de estreno: 2019 Pa\u00eds: Canad\u00e1, Estados Unidos Director: Dean Israelit Protagonizan: Sam Ashe Arnold, Miya Cech, Tamara Smart, Jeremy Taylor, Lyliana Wray y Rafael Casa, etc. La encuentras en: Paramount Duraci\u00f3n: 30 minutos por episodio, 3 cap\u00edtulos Hace unos meses llego la plataforma [&hellip;]<\/p>\n","protected":false},"author":11,"featured_media":727,"comment_status":"open","ping_status":"open","sticky":false,"template":"","format":"standard","meta":{"footnotes":""},"categories":[9],"tags":[448,447,456,450,449,454,455,452,396,397,457,451,453],"class_list":["post-721","post","type-post","status-publish","format-standard","has-post-thumbnail","hentry","category-resenas","tag-le-temes-a-la-oscuridad","tag-are-you-afraid-of-the-dark","tag-daniel-desanto","tag-dean-israelit","tag-el-carnaval-de-la-perdicion","tag-jeremy-taylor","tag-lyliana-wray-y-rafael-casa","tag-miya-cech","tag-nickelodeon","tag-paramount","tag-ross-hull","tag-sam-ashe-arnold","tag-tamara-smart"],"yoast_head":"<!-- This site is optimized with the Yoast SEO plugin v27.5 - https:\/\/yoast.com\/product\/yoast-seo-wordpress\/ -->\n<title>Rese\u00f1a - \u00bfLe temes a la oscuridad? - CINENJAMBRE \ud83c\udf7f<\/title>\n<meta name=\"robots\" content=\"index, follow, max-snippet:-1, max-image-preview:large, max-video-preview:-1\" \/>\n<link rel=\"canonical\" href=\"https:\/\/lacolmena.link\/cinenjambre\/2021\/04\/26\/resena-le-temes-a-la-oscuridad\/\" \/>\n<meta property=\"og:locale\" content=\"es_ES\" \/>\n<meta property=\"og:type\" content=\"article\" \/>\n<meta property=\"og:title\" content=\"Rese\u00f1a - \u00bfLe temes a la oscuridad? - CINENJAMBRE \ud83c\udf7f\" \/>\n<meta property=\"og:description\" content=\"T\u00edtulo original: Are You Afraid of the Dark? G\u00e9nero: Fantas\u00eda, Terror A\u00f1o de estreno: 2019 Pa\u00eds: Canad\u00e1, Estados Unidos Director: Dean Israelit Protagonizan: Sam Ashe Arnold, Miya Cech, Tamara Smart, Jeremy Taylor, Lyliana Wray y Rafael Casa, etc. La encuentras en: Paramount Duraci\u00f3n: 30 minutos por episodio, 3 cap\u00edtulos Hace unos meses llego la plataforma [&hellip;]\" \/>\n<meta property=\"og:url\" content=\"https:\/\/lacolmena.link\/cinenjambre\/2021\/04\/26\/resena-le-temes-a-la-oscuridad\/\" \/>\n<meta property=\"og:site_name\" content=\"CINENJAMBRE \ud83c\udf7f\" \/>\n<meta property=\"article:published_time\" content=\"2021-04-26T14:30:01+00:00\" \/>\n<meta property=\"og:image\" content=\"https:\/\/lacolmena.link\/cinenjambre\/wp-content\/uploads\/sites\/3\/2021\/04\/portadale-temes.jpeg\" \/>\n\t<meta property=\"og:image:width\" content=\"1920\" \/>\n\t<meta property=\"og:image:height\" content=\"1080\" \/>\n\t<meta property=\"og:image:type\" content=\"image\/jpeg\" \/>\n<meta name=\"author\" content=\"Victoria Galindo\" \/>\n<meta name=\"twitter:card\" content=\"summary_large_image\" \/>\n<meta name=\"twitter:label1\" content=\"Escrito por\" \/>\n\t<meta name=\"twitter:data1\" content=\"Victoria Galindo\" \/>\n\t<meta name=\"twitter:label2\" content=\"Tiempo de lectura\" \/>\n\t<meta name=\"twitter:data2\" content=\"6 minutos\" \/>\n<script type=\"application\/ld+json\" class=\"yoast-schema-graph\">{\"@context\":\"https:\\\/\\\/schema.org\",\"@graph\":[{\"@type\":\"Article\",\"@id\":\"https:\\\/\\\/lacolmena.link\\\/cinenjambre\\\/2021\\\/04\\\/26\\\/resena-le-temes-a-la-oscuridad\\\/#article\",\"isPartOf\":{\"@id\":\"https:\\\/\\\/lacolmena.link\\\/cinenjambre\\\/2021\\\/04\\\/26\\\/resena-le-temes-a-la-oscuridad\\\/\"},\"author\":{\"name\":\"Victoria Galindo\",\"@id\":\"https:\\\/\\\/lacolmena.link\\\/cinenjambre\\\/#\\\/schema\\\/person\\\/4ed400a5133f48fc75c6429a6e3fb4c8\"},\"headline\":\"Rese\u00f1a &#8211; \u00bfLe temes a la oscuridad?\",\"datePublished\":\"2021-04-26T14:30:01+00:00\",\"mainEntityOfPage\":{\"@id\":\"https:\\\/\\\/lacolmena.link\\\/cinenjambre\\\/2021\\\/04\\\/26\\\/resena-le-temes-a-la-oscuridad\\\/\"},\"wordCount\":1262,\"commentCount\":0,\"publisher\":{\"@id\":\"https:\\\/\\\/lacolmena.link\\\/cinenjambre\\\/#organization\"},\"image\":{\"@id\":\"https:\\\/\\\/lacolmena.link\\\/cinenjambre\\\/2021\\\/04\\\/26\\\/resena-le-temes-a-la-oscuridad\\\/#primaryimage\"},\"thumbnailUrl\":\"https:\\\/\\\/lacolmena.link\\\/cinenjambre\\\/wp-content\\\/uploads\\\/sites\\\/3\\\/2021\\\/04\\\/portadale-temes.jpeg\",\"keywords\":[\"\u00bfLe temes a la oscuridad?\",\"Are You Afraid of the Dark?\",\"Daniel DeSanto\",\"Dean Israelit\",\"El carnaval de la perdici\u00f3n\",\"Jeremy Taylor\",\"Lyliana Wray y Rafael Casa\",\"Miya Cech\",\"nickelodeon\",\"paramount\",\"Ross Hull\",\"Sam Ashe Arnold\",\"Tamara Smart\"],\"articleSection\":[\"Rese\u00f1as\"],\"inLanguage\":\"es\",\"potentialAction\":[{\"@type\":\"CommentAction\",\"name\":\"Comment\",\"target\":[\"https:\\\/\\\/lacolmena.link\\\/cinenjambre\\\/2021\\\/04\\\/26\\\/resena-le-temes-a-la-oscuridad\\\/#respond\"]}]},{\"@type\":\"WebPage\",\"@id\":\"https:\\\/\\\/lacolmena.link\\\/cinenjambre\\\/2021\\\/04\\\/26\\\/resena-le-temes-a-la-oscuridad\\\/\",\"url\":\"https:\\\/\\\/lacolmena.link\\\/cinenjambre\\\/2021\\\/04\\\/26\\\/resena-le-temes-a-la-oscuridad\\\/\",\"name\":\"Rese\u00f1a - \u00bfLe temes a la oscuridad? - CINENJAMBRE \ud83c\udf7f\",\"isPartOf\":{\"@id\":\"https:\\\/\\\/lacolmena.link\\\/cinenjambre\\\/#website\"},\"primaryImageOfPage\":{\"@id\":\"https:\\\/\\\/lacolmena.link\\\/cinenjambre\\\/2021\\\/04\\\/26\\\/resena-le-temes-a-la-oscuridad\\\/#primaryimage\"},\"image\":{\"@id\":\"https:\\\/\\\/lacolmena.link\\\/cinenjambre\\\/2021\\\/04\\\/26\\\/resena-le-temes-a-la-oscuridad\\\/#primaryimage\"},\"thumbnailUrl\":\"https:\\\/\\\/lacolmena.link\\\/cinenjambre\\\/wp-content\\\/uploads\\\/sites\\\/3\\\/2021\\\/04\\\/portadale-temes.jpeg\",\"datePublished\":\"2021-04-26T14:30:01+00:00\",\"breadcrumb\":{\"@id\":\"https:\\\/\\\/lacolmena.link\\\/cinenjambre\\\/2021\\\/04\\\/26\\\/resena-le-temes-a-la-oscuridad\\\/#breadcrumb\"},\"inLanguage\":\"es\",\"potentialAction\":[{\"@type\":\"ReadAction\",\"target\":[\"https:\\\/\\\/lacolmena.link\\\/cinenjambre\\\/2021\\\/04\\\/26\\\/resena-le-temes-a-la-oscuridad\\\/\"]}]},{\"@type\":\"ImageObject\",\"inLanguage\":\"es\",\"@id\":\"https:\\\/\\\/lacolmena.link\\\/cinenjambre\\\/2021\\\/04\\\/26\\\/resena-le-temes-a-la-oscuridad\\\/#primaryimage\",\"url\":\"https:\\\/\\\/lacolmena.link\\\/cinenjambre\\\/wp-content\\\/uploads\\\/sites\\\/3\\\/2021\\\/04\\\/portadale-temes.jpeg\",\"contentUrl\":\"https:\\\/\\\/lacolmena.link\\\/cinenjambre\\\/wp-content\\\/uploads\\\/sites\\\/3\\\/2021\\\/04\\\/portadale-temes.jpeg\",\"width\":1920,\"height\":1080},{\"@type\":\"BreadcrumbList\",\"@id\":\"https:\\\/\\\/lacolmena.link\\\/cinenjambre\\\/2021\\\/04\\\/26\\\/resena-le-temes-a-la-oscuridad\\\/#breadcrumb\",\"itemListElement\":[{\"@type\":\"ListItem\",\"position\":1,\"name\":\"Portada\",\"item\":\"https:\\\/\\\/lacolmena.link\\\/cinenjambre\\\/\"},{\"@type\":\"ListItem\",\"position\":2,\"name\":\"Rese\u00f1a &#8211; \u00bfLe temes a la oscuridad?\"}]},{\"@type\":\"WebSite\",\"@id\":\"https:\\\/\\\/lacolmena.link\\\/cinenjambre\\\/#website\",\"url\":\"https:\\\/\\\/lacolmena.link\\\/cinenjambre\\\/\",\"name\":\"CINENJAMBRE \ud83c\udf7f\",\"description\":\"Noticias, rese\u00f1as, lanzamientos y m\u00e1s\",\"publisher\":{\"@id\":\"https:\\\/\\\/lacolmena.link\\\/cinenjambre\\\/#organization\"},\"potentialAction\":[{\"@type\":\"SearchAction\",\"target\":{\"@type\":\"EntryPoint\",\"urlTemplate\":\"https:\\\/\\\/lacolmena.link\\\/cinenjambre\\\/?s={search_term_string}\"},\"query-input\":{\"@type\":\"PropertyValueSpecification\",\"valueRequired\":true,\"valueName\":\"search_term_string\"}}],\"inLanguage\":\"es\"},{\"@type\":\"Organization\",\"@id\":\"https:\\\/\\\/lacolmena.link\\\/cinenjambre\\\/#organization\",\"name\":\"CINENJAMBRE \ud83c\udf7f\",\"url\":\"https:\\\/\\\/lacolmena.link\\\/cinenjambre\\\/\",\"logo\":{\"@type\":\"ImageObject\",\"inLanguage\":\"es\",\"@id\":\"https:\\\/\\\/lacolmena.link\\\/cinenjambre\\\/#\\\/schema\\\/logo\\\/image\\\/\",\"url\":\"https:\\\/\\\/lacolmena.link\\\/cinenjambre\\\/wp-content\\\/uploads\\\/sites\\\/3\\\/2021\\\/01\\\/cropped-cinenjambre-1.png\",\"contentUrl\":\"https:\\\/\\\/lacolmena.link\\\/cinenjambre\\\/wp-content\\\/uploads\\\/sites\\\/3\\\/2021\\\/01\\\/cropped-cinenjambre-1.png\",\"width\":512,\"height\":512,\"caption\":\"CINENJAMBRE \ud83c\udf7f\"},\"image\":{\"@id\":\"https:\\\/\\\/lacolmena.link\\\/cinenjambre\\\/#\\\/schema\\\/logo\\\/image\\\/\"}},{\"@type\":\"Person\",\"@id\":\"https:\\\/\\\/lacolmena.link\\\/cinenjambre\\\/#\\\/schema\\\/person\\\/4ed400a5133f48fc75c6429a6e3fb4c8\",\"name\":\"Victoria Galindo\",\"image\":{\"@type\":\"ImageObject\",\"inLanguage\":\"es\",\"@id\":\"https:\\\/\\\/secure.gravatar.com\\\/avatar\\\/0e0d579cbf7483c21b21f93bb5e9924e406a7fefb9703667510e4eb8b2c96a5b?s=96&d=mm&r=g\",\"url\":\"https:\\\/\\\/secure.gravatar.com\\\/avatar\\\/0e0d579cbf7483c21b21f93bb5e9924e406a7fefb9703667510e4eb8b2c96a5b?s=96&d=mm&r=g\",\"contentUrl\":\"https:\\\/\\\/secure.gravatar.com\\\/avatar\\\/0e0d579cbf7483c21b21f93bb5e9924e406a7fefb9703667510e4eb8b2c96a5b?s=96&d=mm&r=g\",\"caption\":\"Victoria Galindo\"},\"url\":\"https:\\\/\\\/lacolmena.link\\\/cinenjambre\\\/author\\\/vicky\\\/\"}]}<\/script>\n<!-- \/ Yoast SEO plugin. -->","yoast_head_json":{"title":"Rese\u00f1a - \u00bfLe temes a la oscuridad? - CINENJAMBRE \ud83c\udf7f","robots":{"index":"index","follow":"follow","max-snippet":"max-snippet:-1","max-image-preview":"max-image-preview:large","max-video-preview":"max-video-preview:-1"},"canonical":"https:\/\/lacolmena.link\/cinenjambre\/2021\/04\/26\/resena-le-temes-a-la-oscuridad\/","og_locale":"es_ES","og_type":"article","og_title":"Rese\u00f1a - \u00bfLe temes a la oscuridad? - CINENJAMBRE \ud83c\udf7f","og_description":"T\u00edtulo original: Are You Afraid of the Dark? G\u00e9nero: Fantas\u00eda, Terror A\u00f1o de estreno: 2019 Pa\u00eds: Canad\u00e1, Estados Unidos Director: Dean Israelit Protagonizan: Sam Ashe Arnold, Miya Cech, Tamara Smart, Jeremy Taylor, Lyliana Wray y Rafael Casa, etc. La encuentras en: Paramount Duraci\u00f3n: 30 minutos por episodio, 3 cap\u00edtulos Hace unos meses llego la plataforma [&hellip;]","og_url":"https:\/\/lacolmena.link\/cinenjambre\/2021\/04\/26\/resena-le-temes-a-la-oscuridad\/","og_site_name":"CINENJAMBRE \ud83c\udf7f","article_published_time":"2021-04-26T14:30:01+00:00","og_image":[{"width":1920,"height":1080,"url":"https:\/\/lacolmena.link\/cinenjambre\/wp-content\/uploads\/sites\/3\/2021\/04\/portadale-temes.jpeg","type":"image\/jpeg"}],"author":"Victoria Galindo","twitter_card":"summary_large_image","twitter_misc":{"Escrito por":"Victoria Galindo","Tiempo de lectura":"6 minutos"},"schema":{"@context":"https:\/\/schema.org","@graph":[{"@type":"Article","@id":"https:\/\/lacolmena.link\/cinenjambre\/2021\/04\/26\/resena-le-temes-a-la-oscuridad\/#article","isPartOf":{"@id":"https:\/\/lacolmena.link\/cinenjambre\/2021\/04\/26\/resena-le-temes-a-la-oscuridad\/"},"author":{"name":"Victoria Galindo","@id":"https:\/\/lacolmena.link\/cinenjambre\/#\/schema\/person\/4ed400a5133f48fc75c6429a6e3fb4c8"},"headline":"Rese\u00f1a &#8211; \u00bfLe temes a la oscuridad?","datePublished":"2021-04-26T14:30:01+00:00","mainEntityOfPage":{"@id":"https:\/\/lacolmena.link\/cinenjambre\/2021\/04\/26\/resena-le-temes-a-la-oscuridad\/"},"wordCount":1262,"commentCount":0,"publisher":{"@id":"https:\/\/lacolmena.link\/cinenjambre\/#organization"},"image":{"@id":"https:\/\/lacolmena.link\/cinenjambre\/2021\/04\/26\/resena-le-temes-a-la-oscuridad\/#primaryimage"},"thumbnailUrl":"https:\/\/lacolmena.link\/cinenjambre\/wp-content\/uploads\/sites\/3\/2021\/04\/portadale-temes.jpeg","keywords":["\u00bfLe temes a la oscuridad?","Are You Afraid of the Dark?","Daniel DeSanto","Dean Israelit","El carnaval de la perdici\u00f3n","Jeremy Taylor","Lyliana Wray y Rafael Casa","Miya Cech","nickelodeon","paramount","Ross Hull","Sam Ashe Arnold","Tamara Smart"],"articleSection":["Rese\u00f1as"],"inLanguage":"es","potentialAction":[{"@type":"CommentAction","name":"Comment","target":["https:\/\/lacolmena.link\/cinenjambre\/2021\/04\/26\/resena-le-temes-a-la-oscuridad\/#respond"]}]},{"@type":"WebPage","@id":"https:\/\/lacolmena.link\/cinenjambre\/2021\/04\/26\/resena-le-temes-a-la-oscuridad\/","url":"https:\/\/lacolmena.link\/cinenjambre\/2021\/04\/26\/resena-le-temes-a-la-oscuridad\/","name":"Rese\u00f1a - \u00bfLe temes a la oscuridad? - CINENJAMBRE \ud83c\udf7f","isPartOf":{"@id":"https:\/\/lacolmena.link\/cinenjambre\/#website"},"primaryImageOfPage":{"@id":"https:\/\/lacolmena.link\/cinenjambre\/2021\/04\/26\/resena-le-temes-a-la-oscuridad\/#primaryimage"},"image":{"@id":"https:\/\/lacolmena.link\/cinenjambre\/2021\/04\/26\/resena-le-temes-a-la-oscuridad\/#primaryimage"},"thumbnailUrl":"https:\/\/lacolmena.link\/cinenjambre\/wp-content\/uploads\/sites\/3\/2021\/04\/portadale-temes.jpeg","datePublished":"2021-04-26T14:30:01+00:00","breadcrumb":{"@id":"https:\/\/lacolmena.link\/cinenjambre\/2021\/04\/26\/resena-le-temes-a-la-oscuridad\/#breadcrumb"},"inLanguage":"es","potentialAction":[{"@type":"ReadAction","target":["https:\/\/lacolmena.link\/cinenjambre\/2021\/04\/26\/resena-le-temes-a-la-oscuridad\/"]}]},{"@type":"ImageObject","inLanguage":"es","@id":"https:\/\/lacolmena.link\/cinenjambre\/2021\/04\/26\/resena-le-temes-a-la-oscuridad\/#primaryimage","url":"https:\/\/lacolmena.link\/cinenjambre\/wp-content\/uploads\/sites\/3\/2021\/04\/portadale-temes.jpeg","contentUrl":"https:\/\/lacolmena.link\/cinenjambre\/wp-content\/uploads\/sites\/3\/2021\/04\/portadale-temes.jpeg","width":1920,"height":1080},{"@type":"BreadcrumbList","@id":"https:\/\/lacolmena.link\/cinenjambre\/2021\/04\/26\/resena-le-temes-a-la-oscuridad\/#breadcrumb","itemListElement":[{"@type":"ListItem","position":1,"name":"Portada","item":"https:\/\/lacolmena.link\/cinenjambre\/"},{"@type":"ListItem","position":2,"name":"Rese\u00f1a &#8211; \u00bfLe temes a la oscuridad?"}]},{"@type":"WebSite","@id":"https:\/\/lacolmena.link\/cinenjambre\/#website","url":"https:\/\/lacolmena.link\/cinenjambre\/","name":"CINENJAMBRE \ud83c\udf7f","description":"Noticias, rese\u00f1as, lanzamientos y m\u00e1s","publisher":{"@id":"https:\/\/lacolmena.link\/cinenjambre\/#organization"},"potentialAction":[{"@type":"SearchAction","target":{"@type":"EntryPoint","urlTemplate":"https:\/\/lacolmena.link\/cinenjambre\/?s={search_term_string}"},"query-input":{"@type":"PropertyValueSpecification","valueRequired":true,"valueName":"search_term_string"}}],"inLanguage":"es"},{"@type":"Organization","@id":"https:\/\/lacolmena.link\/cinenjambre\/#organization","name":"CINENJAMBRE \ud83c\udf7f","url":"https:\/\/lacolmena.link\/cinenjambre\/","logo":{"@type":"ImageObject","inLanguage":"es","@id":"https:\/\/lacolmena.link\/cinenjambre\/#\/schema\/logo\/image\/","url":"https:\/\/lacolmena.link\/cinenjambre\/wp-content\/uploads\/sites\/3\/2021\/01\/cropped-cinenjambre-1.png","contentUrl":"https:\/\/lacolmena.link\/cinenjambre\/wp-content\/uploads\/sites\/3\/2021\/01\/cropped-cinenjambre-1.png","width":512,"height":512,"caption":"CINENJAMBRE \ud83c\udf7f"},"image":{"@id":"https:\/\/lacolmena.link\/cinenjambre\/#\/schema\/logo\/image\/"}},{"@type":"Person","@id":"https:\/\/lacolmena.link\/cinenjambre\/#\/schema\/person\/4ed400a5133f48fc75c6429a6e3fb4c8","name":"Victoria Galindo","image":{"@type":"ImageObject","inLanguage":"es","@id":"https:\/\/secure.gravatar.com\/avatar\/0e0d579cbf7483c21b21f93bb5e9924e406a7fefb9703667510e4eb8b2c96a5b?s=96&d=mm&r=g","url":"https:\/\/secure.gravatar.com\/avatar\/0e0d579cbf7483c21b21f93bb5e9924e406a7fefb9703667510e4eb8b2c96a5b?s=96&d=mm&r=g","contentUrl":"https:\/\/secure.gravatar.com\/avatar\/0e0d579cbf7483c21b21f93bb5e9924e406a7fefb9703667510e4eb8b2c96a5b?s=96&d=mm&r=g","caption":"Victoria Galindo"},"url":"https:\/\/lacolmena.link\/cinenjambre\/author\/vicky\/"}]}},"_links":{"self":[{"href":"https:\/\/lacolmena.link\/cinenjambre\/wp-json\/wp\/v2\/posts\/721","targetHints":{"allow":["GET"]}}],"collection":[{"href":"https:\/\/lacolmena.link\/cinenjambre\/wp-json\/wp\/v2\/posts"}],"about":[{"href":"https:\/\/lacolmena.link\/cinenjambre\/wp-json\/wp\/v2\/types\/post"}],"author":[{"embeddable":true,"href":"https:\/\/lacolmena.link\/cinenjambre\/wp-json\/wp\/v2\/users\/11"}],"replies":[{"embeddable":true,"href":"https:\/\/lacolmena.link\/cinenjambre\/wp-json\/wp\/v2\/comments?post=721"}],"version-history":[{"count":7,"href":"https:\/\/lacolmena.link\/cinenjambre\/wp-json\/wp\/v2\/posts\/721\/revisions"}],"predecessor-version":[{"id":771,"href":"https:\/\/lacolmena.link\/cinenjambre\/wp-json\/wp\/v2\/posts\/721\/revisions\/771"}],"wp:featuredmedia":[{"embeddable":true,"href":"https:\/\/lacolmena.link\/cinenjambre\/wp-json\/wp\/v2\/media\/727"}],"wp:attachment":[{"href":"https:\/\/lacolmena.link\/cinenjambre\/wp-json\/wp\/v2\/media?parent=721"}],"wp:term":[{"taxonomy":"category","embeddable":true,"href":"https:\/\/lacolmena.link\/cinenjambre\/wp-json\/wp\/v2\/categories?post=721"},{"taxonomy":"post_tag","embeddable":true,"href":"https:\/\/lacolmena.link\/cinenjambre\/wp-json\/wp\/v2\/tags?post=721"}],"curies":[{"name":"wp","href":"https:\/\/api.w.org\/{rel}","templated":true}]}}