{"id":794,"date":"2021-05-04T14:30:26","date_gmt":"2021-05-04T19:30:26","guid":{"rendered":"https:\/\/lacolmena.link\/cinenjambre\/?p=794"},"modified":"2021-05-04T14:30:26","modified_gmt":"2021-05-04T19:30:26","slug":"resena-falcon-y-el-soldado-del-invierno","status":"publish","type":"post","link":"https:\/\/lacolmena.link\/cinenjambre\/2021\/05\/04\/resena-falcon-y-el-soldado-del-invierno\/","title":{"rendered":"Rese\u00f1a &#8211; Falcon y el Soldado del Invierno"},"content":{"rendered":"<p style=\"text-align: justify;\">Al final de <em>Avengers: Endgame<\/em>, <strong>Steve Rogers<\/strong> fue a devolver las Gemas del Infinito a sus leg\u00edtimos portadores y, para sorpresa de todos, no regres\u00f3 de su viaje como todos esperaban, tras una vida feliz al lado de <strong>Peggy Carter,<\/strong> <strong>Steve<\/strong> le di\u00f3 el escudo a su compa\u00f1ero de batalla, <strong>Sam Wilson,<\/strong> esperando que pronto <strong>Falcon<\/strong> sea su sucesor ante los ojos de <strong>Bucky Barnes.<\/strong><\/p>\n<p style=\"text-align: justify;\"><em>Falcon y El Soldado del Invierno<\/em> es la serie de <strong>Disney +<\/strong> que da seguimiento a esa l\u00ednea de la trama, la cual nos mostrar\u00e1 que fue lo que hizo Sam con el escudo y las implicaciones que caus\u00f3.<\/p>\n<p style=\"text-align: justify; padding-left: 40px;\">T\u00edtulo original: <em>The Falcon and the Winter Soldier<br \/>\n<\/em>Director: <strong>Kari Skogland<br \/>\n<\/strong>Estreno: 19 de marzo del 2021 (primer episodio), 23 de abril del 2021 (\u00faltimo episodio)<br \/>\nProtagonizan: <strong>Anthony Mackie, Sebastian Stan, Erin Kellyman, Emily VanCamp, Wyatt Russell y Daniel Br\u00fchl<\/strong> entre otros actores.<br \/>\nLa encuentras en: <strong>Disney +<\/strong><\/p>\n<p><iframe loading=\"lazy\" title=\"Official Trailer | The Falcon and the Winter Soldier | Disney+\" width=\"640\" height=\"360\" src=\"https:\/\/www.youtube.com\/embed\/IWBsDaFWyTE?feature=oembed\" frameborder=\"0\" allow=\"accelerometer; autoplay; clipboard-write; encrypted-media; gyroscope; picture-in-picture; web-share\" referrerpolicy=\"strict-origin-when-cross-origin\" allowfullscreen><\/iframe><\/p>\n<p style=\"text-align: justify;\"><strong>Sam Wilson<\/strong> se ve en una encrucijada en su vida, pese a recibir el escudo del mism\u00edsimo <strong>Steve Rogers,<\/strong> se niega a usarlo, don\u00e1ndolo al museo, pero el gobierno tiene otros planes: crear un nuevo <strong>Capit\u00e1n Am\u00e9rica<\/strong> usando al veterano de guerra <strong>John Walker<\/strong> y esto causa un conflicto personal entre <strong>Sam<\/strong> y el otro amigo de <strong>Steve Rogers, Bucky Barnes<\/strong>, pronto ambos se ver\u00e1n involucrados en un conflicto internacional que provoca un grupo de activistas\/terroristas llamados los <strong>Flagsmashers<\/strong>, cuya joven l\u00edder, <strong>Karli Morgenthau,<\/strong> tiene los poderes del suero del s\u00faper soldado en su sangre y esto los involucrara en una misi\u00f3n junto al nuevo <strong>Capit\u00e1n Am\u00e9rica<\/strong> quien pronto dudar\u00e1 de su nuevo trabajo.<\/p>\n<p style=\"text-align: justify;\">Aunque la serie fue filmada entre los a\u00f1os 2019 y 2020, se ve claro que los eventos del 2020 tuvieron efecto en el desarrollo del guion de la serie, al punto de que, similar a lo ocurrido con la pel\u00edcula <em>Capit\u00e1n America: El Soldado del Invierno,<\/em> se toman eventos de actualidad para darle un poco m\u00e1s de profundidad a los conflictos pol\u00edticos que la serie intenta abarcar.<\/p>\n<p style=\"text-align: justify;\">Es cierto, no ocurri\u00f3 una pandemia global en la historia, pero si un <em>Blip<\/em> que diezm\u00f3 a la poblaci\u00f3n y luego caus\u00f3 un problema m\u00e1s complicado cuando <strong>Bruce Banner<\/strong> chasque\u00f3 los dedos con el Guantelete cinco a\u00f1os despu\u00e9s. Quiz\u00e1 no hayan ocurrido eventos similares a los vistos el a\u00f1o pasado, pero la discriminaci\u00f3n y la violencia polic\u00edaca no pasan tampoco desapercibidas en el <strong>Universo Cinem\u00e1tico Marvel<\/strong> y de ah\u00ed que el guion de <strong>Malcolm Spellman<\/strong> sabe dar en los momentos correctos usando esos temas.<\/p>\n<figure id=\"attachment_798\" aria-describedby=\"caption-attachment-798\" style=\"width: 600px\" class=\"wp-caption aligncenter\"><img loading=\"lazy\" decoding=\"async\" class=\"wp-image-798\" src=\"https:\/\/lacolmena.link\/cinenjambre\/wp-content\/uploads\/sites\/3\/2021\/05\/falcon-and-the-winter-soldier-1200-300x167.jpg\" alt=\"\" width=\"600\" height=\"334\" srcset=\"https:\/\/lacolmena.link\/cinenjambre\/wp-content\/uploads\/sites\/3\/2021\/05\/falcon-and-the-winter-soldier-1200-300x167.jpg 300w, https:\/\/lacolmena.link\/cinenjambre\/wp-content\/uploads\/sites\/3\/2021\/05\/falcon-and-the-winter-soldier-1200-1024x569.jpg 1024w, https:\/\/lacolmena.link\/cinenjambre\/wp-content\/uploads\/sites\/3\/2021\/05\/falcon-and-the-winter-soldier-1200-768x427.jpg 768w, https:\/\/lacolmena.link\/cinenjambre\/wp-content\/uploads\/sites\/3\/2021\/05\/falcon-and-the-winter-soldier-1200.jpg 1200w\" sizes=\"auto, (max-width: 600px) 100vw, 600px\" \/><figcaption id=\"caption-attachment-798\" class=\"wp-caption-text\">La cl\u00e1sica buddy cop en un mundo de superh\u00e9roes<\/figcaption><\/figure>\n<p style=\"text-align: justify;\">Lo mejor de la serie fue el seguimiento que le da a los antagonistas de la historia, los <strong>Flagsmashers<\/strong>, que vienen a reflejar al mundo las consecuencias negativas del <em>Blip<\/em> y esto refleja uno de los problemas m\u00e1s actuales que enfrenta el mundo que es la inmigraci\u00f3n que se ha dado por diferentes circunstancias en los \u00faltimos a\u00f1os entre guerras, hambre, el calentamiento global o la epidemia misma, no es dif\u00edcil sentir empat\u00eda por este grupo que tiene buenas intenciones, pero como dicen por ah\u00ed, el infierno est\u00e1 lleno de ellas.<\/p>\n<p>De ah\u00ed que <strong>Erin Kellyman,<\/strong> quien interpreta a la l\u00edder de ellos, queda perfecta para el papel, viniendo a fortificar ese rol de rebelde de coraz\u00f3n de oro que le vimos en la cinta de <em>Han Solo: Una Historia de Star Wars<\/em>, aunque aqu\u00ed con un tono a\u00fan m\u00e1s tr\u00e1gico del que le vimos en la saga de un universo muy muy lejano.<\/p>\n<p style=\"text-align: justify;\">Este desarrollo fortifica un poco la valoraci\u00f3n del rol del <strong>Capit\u00e1n Am\u00e9rica<\/strong> en un mundo distinto al que fue creado por all\u00e1 en los cuarenta cuando era un s\u00edmbolo de la Uni\u00f3n Americana y que <strong>Sam Wilson<\/strong> no quiere tomar as\u00ed nom\u00e1s pues sabe las implicaciones del rol tan grande que dej\u00f3<strong> Steve Rogers,<\/strong> pero pronto lo valorar\u00e1 al interactuar con <strong>Karli<\/strong> y colaborar y enfrentar a un <strong>John Walker<\/strong> que pronto ver\u00e1 el saco enorme que dej\u00f3 <strong>Rogers<\/strong> y que le causar\u00e1 m\u00e1s y mas frustraci\u00f3n.<\/p>\n<figure id=\"attachment_797\" aria-describedby=\"caption-attachment-797\" style=\"width: 600px\" class=\"wp-caption aligncenter\"><img loading=\"lazy\" decoding=\"async\" class=\"wp-image-797\" src=\"https:\/\/lacolmena.link\/cinenjambre\/wp-content\/uploads\/sites\/3\/2021\/05\/falcon-and-winter-mid-season-e1618244419356-1280x720-1-300x169.jpg\" alt=\"\" width=\"600\" height=\"338\" srcset=\"https:\/\/lacolmena.link\/cinenjambre\/wp-content\/uploads\/sites\/3\/2021\/05\/falcon-and-winter-mid-season-e1618244419356-1280x720-1-300x169.jpg 300w, https:\/\/lacolmena.link\/cinenjambre\/wp-content\/uploads\/sites\/3\/2021\/05\/falcon-and-winter-mid-season-e1618244419356-1280x720-1-1024x576.jpg 1024w, https:\/\/lacolmena.link\/cinenjambre\/wp-content\/uploads\/sites\/3\/2021\/05\/falcon-and-winter-mid-season-e1618244419356-1280x720-1-768x432.jpg 768w, https:\/\/lacolmena.link\/cinenjambre\/wp-content\/uploads\/sites\/3\/2021\/05\/falcon-and-winter-mid-season-e1618244419356-1280x720-1.jpg 1280w\" sizes=\"auto, (max-width: 600px) 100vw, 600px\" \/><figcaption id=\"caption-attachment-797\" class=\"wp-caption-text\">\u00bfPuede John Walker cargar con el legado de Steve Rogers?<\/figcaption><\/figure>\n<p style=\"text-align: justify;\"><strong>Disney<\/strong> no escatim\u00f3 recursos para esta serie en cuanto al desarrollo de los efectos visuales y eso se refleja perfectamente en la primera batalla que vemos en la serie y en el final que sin duda, hace notar que no desperdiciaron recurso alguno en su desarrollo. Sin duda andar\u00e1 contendiendo por efectos visuales, aunque a\u00fan estaremos a la espera de como se vea <em>Loki<\/em> en junio.<\/p>\n<p style=\"text-align: justify;\">El mayor problema que le vi a la serie fue esa sensaci\u00f3n de que pierde el ritmo por momentos, quiz\u00e1 relacionado con el hecho de que <strong>Anthony Mackie<\/strong> luce muy d\u00e9bil como el protagonista de la historia, demasiado fr\u00edo, poco carism\u00e1tico, suena dif\u00edcil para mi concebirlo como el h\u00e9roe de esta historia, aunque la qu\u00edmica que desborda con <strong>Sebastian Stan<\/strong> es oro puro, como esas viejas pel\u00edculas de <em>Arma Mortal.<\/em><\/p>\n<p style=\"text-align: justify;\">De hecho, <strong>Stan<\/strong> es quien se roba la serie, mostrando los traumas de su personaje y siendo, si fuera <em>Arma Mortal<\/em>, el <strong>Riggs<\/strong> de esta historia, quien explora esos traumas para intentar superarlos episodio tras episodio, formando una qu\u00edmica que va de lo inc\u00f3modo a lo hilarante con <strong>Mackie<\/strong> haciendo de la serie una historia de polic\u00edas compas o, en este caso, superh\u00e9roes compas.<\/p>\n<figure id=\"attachment_799\" aria-describedby=\"caption-attachment-799\" style=\"width: 600px\" class=\"wp-caption aligncenter\"><img loading=\"lazy\" decoding=\"async\" class=\"wp-image-799\" src=\"https:\/\/lacolmena.link\/cinenjambre\/wp-content\/uploads\/sites\/3\/2021\/05\/Erin-Kellyman-as-Flash-Smasher-in-The-Falcon-and-the-Winter-Soldier-300x150.jpg\" alt=\"\" width=\"600\" height=\"300\" srcset=\"https:\/\/lacolmena.link\/cinenjambre\/wp-content\/uploads\/sites\/3\/2021\/05\/Erin-Kellyman-as-Flash-Smasher-in-The-Falcon-and-the-Winter-Soldier-300x150.jpg 300w, https:\/\/lacolmena.link\/cinenjambre\/wp-content\/uploads\/sites\/3\/2021\/05\/Erin-Kellyman-as-Flash-Smasher-in-The-Falcon-and-the-Winter-Soldier.jpg 740w\" sizes=\"auto, (max-width: 600px) 100vw, 600px\" \/><figcaption id=\"caption-attachment-799\" class=\"wp-caption-text\">Los Flagsmashers, un buen ejemplo de villano social<\/figcaption><\/figure>\n<p style=\"text-align: justify;\">Mientras tanto debemos tambi\u00e9n notar las actuaciones de <strong>Emily VanCamp y Daniel Bruhl<\/strong> quienes realmente le dan saz\u00f3n a la historia, especialmente <strong>Bruhl<\/strong> como el <strong>Baron Zemo<\/strong>, quien nos da m\u00e1s datos de su origen y de sus motivaciones para destruir a los <strong>Avengers<\/strong> en <em>Civil War<\/em> y notar que no era una inocente palomita como se intent\u00f3 vender en aquella cinta, sino un aut\u00e9ntico estuche de maldades. Ya no se diga de\u00a0<strong>Emily VanCamp,\u00a0<\/strong>que regresa como\u00a0<strong>Sharon Carter,\u00a0<\/strong> y que nos deja varias sorpresitas debajo de la manga, para mi un personaje que va a tener mucho peso en las siguientes series y pel\u00edculas de\u00a0<strong>Marvel.<\/strong><\/p>\n<p style=\"text-align: justify;\">No tiene el impacto que tuvo <em>Wandavision<\/em>, pero a diferencia de la aventura de <strong>Wanda<\/strong>, la serie es constante, no hay un episodio que se sienta de relleno y hay momentos sumamente memorables en cada episodio. Es una pena que la inconstancia de <strong>Wyatt Russell<\/strong> le haya costado salirse de las redes sociales, pero cuando tomaba el rol de antagonista lo hac\u00eda perfectamente, finalmente la idea era que odi\u00e1ramos a ese <strong>Capit\u00e1n Am\u00e9rica<\/strong> y <strong>Russell<\/strong> lo logr\u00f3, aunque se pas\u00f3 un poquito de la raya con esa inconsistencia.<\/p>\n<p style=\"text-align: justify;\">Entre lo bien aplicado que estuvo el guion en los temas actuales del mundo y sus secuencias de acci\u00f3n, Falcon y el Soldado del Invierno vale una revisada del espectador, aunque debemos afirmarlo, se qued\u00f3 algo corto de convertirse en un cl\u00e1sico, eso si, no esperen segunda temporada, Disney ya est\u00e1 planeando algo mejor para dar seguimiento al final de lo ocurrido con una serie, centrada en War Machine y una pel\u00edcula cuyo t\u00edtulo revela un spoiler que no debemos mencionar.<\/p>\n<p><strong>Mi calificaci\u00f3n:<\/strong><br \/>\n<strong><img loading=\"lazy\" decoding=\"async\" class=\"alignnone size-full wp-image-494\" src=\"https:\/\/lacolmena.link\/cinenjambre\/wp-content\/uploads\/sites\/3\/2021\/03\/full.png\" alt=\"\" width=\"64\" height=\"64\" \/><img loading=\"lazy\" decoding=\"async\" class=\"alignnone size-full wp-image-494\" src=\"https:\/\/lacolmena.link\/cinenjambre\/wp-content\/uploads\/sites\/3\/2021\/03\/full.png\" alt=\"\" width=\"64\" height=\"64\" \/><img loading=\"lazy\" decoding=\"async\" class=\"alignnone size-full wp-image-494\" src=\"https:\/\/lacolmena.link\/cinenjambre\/wp-content\/uploads\/sites\/3\/2021\/03\/full.png\" alt=\"\" width=\"64\" height=\"64\" \/><img loading=\"lazy\" decoding=\"async\" class=\"alignnone size-full wp-image-495\" src=\"https:\/\/lacolmena.link\/cinenjambre\/wp-content\/uploads\/sites\/3\/2021\/03\/half.png\" alt=\"\" width=\"64\" height=\"64\" \/><img loading=\"lazy\" decoding=\"async\" class=\"alignnone size-full wp-image-697\" src=\"https:\/\/lacolmena.link\/cinenjambre\/wp-content\/uploads\/sites\/3\/2021\/04\/empty.png\" alt=\"\" width=\"64\" height=\"64\" \/><\/strong><\/p>\n","protected":false},"excerpt":{"rendered":"<p>Al final de Avengers: Endgame, Steve Rogers fue a devolver las Gemas del Infinito a sus leg\u00edtimos portadores y, para sorpresa de todos, no regres\u00f3 de su viaje como todos esperaban, tras una vida feliz al lado de Peggy Carter, Steve le di\u00f3 el escudo a su compa\u00f1ero de batalla, Sam Wilson, esperando que pronto [&hellip;]<\/p>\n","protected":false},"author":9,"featured_media":796,"comment_status":"open","ping_status":"open","sticky":false,"template":"","format":"standard","meta":{"footnotes":""},"categories":[4,9],"tags":[480,476,477,482,474,478,479,475,481],"class_list":["post-794","post","type-post","status-publish","format-standard","has-post-thumbnail","hentry","category-abejorros","category-resenas","tag-baron-zemo","tag-bucky-barnes","tag-capitan-america","tag-disney-plus","tag-falcon-y-el-soldado-del-invierno","tag-flagsmashers","tag-john-walker","tag-sam-wilson","tag-sharon-carter"],"yoast_head":"<!-- This site is optimized with the Yoast SEO plugin v27.5 - https:\/\/yoast.com\/product\/yoast-seo-wordpress\/ -->\n<title>Rese\u00f1a - Falcon y el Soldado del Invierno - CINENJAMBRE \ud83c\udf7f<\/title>\n<meta name=\"robots\" content=\"index, follow, max-snippet:-1, max-image-preview:large, max-video-preview:-1\" \/>\n<link rel=\"canonical\" href=\"https:\/\/lacolmena.link\/cinenjambre\/2021\/05\/04\/resena-falcon-y-el-soldado-del-invierno\/\" \/>\n<meta property=\"og:locale\" content=\"es_ES\" \/>\n<meta property=\"og:type\" content=\"article\" \/>\n<meta property=\"og:title\" content=\"Rese\u00f1a - Falcon y el Soldado del Invierno - CINENJAMBRE \ud83c\udf7f\" \/>\n<meta property=\"og:description\" content=\"Al final de Avengers: Endgame, Steve Rogers fue a devolver las Gemas del Infinito a sus leg\u00edtimos portadores y, para sorpresa de todos, no regres\u00f3 de su viaje como todos esperaban, tras una vida feliz al lado de Peggy Carter, Steve le di\u00f3 el escudo a su compa\u00f1ero de batalla, Sam Wilson, esperando que pronto [&hellip;]\" \/>\n<meta property=\"og:url\" content=\"https:\/\/lacolmena.link\/cinenjambre\/2021\/05\/04\/resena-falcon-y-el-soldado-del-invierno\/\" \/>\n<meta property=\"og:site_name\" content=\"CINENJAMBRE \ud83c\udf7f\" \/>\n<meta property=\"article:published_time\" content=\"2021-05-04T19:30:26+00:00\" \/>\n<meta property=\"og:image\" content=\"https:\/\/lacolmena.link\/cinenjambre\/wp-content\/uploads\/sites\/3\/2021\/05\/falcoln-winter-soldier.png\" \/>\n\t<meta property=\"og:image:width\" content=\"780\" \/>\n\t<meta property=\"og:image:height\" content=\"464\" \/>\n\t<meta property=\"og:image:type\" content=\"image\/png\" \/>\n<meta name=\"author\" content=\"Juan Carlos Barbosa Padilla\" \/>\n<meta name=\"twitter:card\" content=\"summary_large_image\" \/>\n<meta name=\"twitter:label1\" content=\"Escrito por\" \/>\n\t<meta name=\"twitter:data1\" content=\"Juan Carlos Barbosa Padilla\" \/>\n\t<meta name=\"twitter:label2\" content=\"Tiempo de lectura\" \/>\n\t<meta name=\"twitter:data2\" content=\"6 minutos\" \/>\n<script type=\"application\/ld+json\" class=\"yoast-schema-graph\">{\"@context\":\"https:\\\/\\\/schema.org\",\"@graph\":[{\"@type\":\"Article\",\"@id\":\"https:\\\/\\\/lacolmena.link\\\/cinenjambre\\\/2021\\\/05\\\/04\\\/resena-falcon-y-el-soldado-del-invierno\\\/#article\",\"isPartOf\":{\"@id\":\"https:\\\/\\\/lacolmena.link\\\/cinenjambre\\\/2021\\\/05\\\/04\\\/resena-falcon-y-el-soldado-del-invierno\\\/\"},\"author\":{\"name\":\"Juan Carlos Barbosa Padilla\",\"@id\":\"https:\\\/\\\/lacolmena.link\\\/cinenjambre\\\/#\\\/schema\\\/person\\\/aa47e7ec26f29e4bf92227a5dfaf0286\"},\"headline\":\"Rese\u00f1a &#8211; Falcon y el Soldado del Invierno\",\"datePublished\":\"2021-05-04T19:30:26+00:00\",\"mainEntityOfPage\":{\"@id\":\"https:\\\/\\\/lacolmena.link\\\/cinenjambre\\\/2021\\\/05\\\/04\\\/resena-falcon-y-el-soldado-del-invierno\\\/\"},\"wordCount\":1268,\"commentCount\":0,\"publisher\":{\"@id\":\"https:\\\/\\\/lacolmena.link\\\/cinenjambre\\\/#organization\"},\"image\":{\"@id\":\"https:\\\/\\\/lacolmena.link\\\/cinenjambre\\\/2021\\\/05\\\/04\\\/resena-falcon-y-el-soldado-del-invierno\\\/#primaryimage\"},\"thumbnailUrl\":\"https:\\\/\\\/lacolmena.link\\\/cinenjambre\\\/wp-content\\\/uploads\\\/sites\\\/3\\\/2021\\\/05\\\/falcoln-winter-soldier.png\",\"keywords\":[\"baron zemo\",\"bucky barnes\",\"capitan america\",\"disney plus\",\"falcon y el soldado del invierno\",\"flagsmashers\",\"john walker\",\"sam wilson\",\"sharon carter\"],\"articleSection\":[\"Abejorros\",\"Rese\u00f1as\"],\"inLanguage\":\"es\",\"potentialAction\":[{\"@type\":\"CommentAction\",\"name\":\"Comment\",\"target\":[\"https:\\\/\\\/lacolmena.link\\\/cinenjambre\\\/2021\\\/05\\\/04\\\/resena-falcon-y-el-soldado-del-invierno\\\/#respond\"]}]},{\"@type\":\"WebPage\",\"@id\":\"https:\\\/\\\/lacolmena.link\\\/cinenjambre\\\/2021\\\/05\\\/04\\\/resena-falcon-y-el-soldado-del-invierno\\\/\",\"url\":\"https:\\\/\\\/lacolmena.link\\\/cinenjambre\\\/2021\\\/05\\\/04\\\/resena-falcon-y-el-soldado-del-invierno\\\/\",\"name\":\"Rese\u00f1a - Falcon y el Soldado del Invierno - CINENJAMBRE \ud83c\udf7f\",\"isPartOf\":{\"@id\":\"https:\\\/\\\/lacolmena.link\\\/cinenjambre\\\/#website\"},\"primaryImageOfPage\":{\"@id\":\"https:\\\/\\\/lacolmena.link\\\/cinenjambre\\\/2021\\\/05\\\/04\\\/resena-falcon-y-el-soldado-del-invierno\\\/#primaryimage\"},\"image\":{\"@id\":\"https:\\\/\\\/lacolmena.link\\\/cinenjambre\\\/2021\\\/05\\\/04\\\/resena-falcon-y-el-soldado-del-invierno\\\/#primaryimage\"},\"thumbnailUrl\":\"https:\\\/\\\/lacolmena.link\\\/cinenjambre\\\/wp-content\\\/uploads\\\/sites\\\/3\\\/2021\\\/05\\\/falcoln-winter-soldier.png\",\"datePublished\":\"2021-05-04T19:30:26+00:00\",\"breadcrumb\":{\"@id\":\"https:\\\/\\\/lacolmena.link\\\/cinenjambre\\\/2021\\\/05\\\/04\\\/resena-falcon-y-el-soldado-del-invierno\\\/#breadcrumb\"},\"inLanguage\":\"es\",\"potentialAction\":[{\"@type\":\"ReadAction\",\"target\":[\"https:\\\/\\\/lacolmena.link\\\/cinenjambre\\\/2021\\\/05\\\/04\\\/resena-falcon-y-el-soldado-del-invierno\\\/\"]}]},{\"@type\":\"ImageObject\",\"inLanguage\":\"es\",\"@id\":\"https:\\\/\\\/lacolmena.link\\\/cinenjambre\\\/2021\\\/05\\\/04\\\/resena-falcon-y-el-soldado-del-invierno\\\/#primaryimage\",\"url\":\"https:\\\/\\\/lacolmena.link\\\/cinenjambre\\\/wp-content\\\/uploads\\\/sites\\\/3\\\/2021\\\/05\\\/falcoln-winter-soldier.png\",\"contentUrl\":\"https:\\\/\\\/lacolmena.link\\\/cinenjambre\\\/wp-content\\\/uploads\\\/sites\\\/3\\\/2021\\\/05\\\/falcoln-winter-soldier.png\",\"width\":780,\"height\":464},{\"@type\":\"BreadcrumbList\",\"@id\":\"https:\\\/\\\/lacolmena.link\\\/cinenjambre\\\/2021\\\/05\\\/04\\\/resena-falcon-y-el-soldado-del-invierno\\\/#breadcrumb\",\"itemListElement\":[{\"@type\":\"ListItem\",\"position\":1,\"name\":\"Portada\",\"item\":\"https:\\\/\\\/lacolmena.link\\\/cinenjambre\\\/\"},{\"@type\":\"ListItem\",\"position\":2,\"name\":\"Rese\u00f1a &#8211; Falcon y el Soldado del Invierno\"}]},{\"@type\":\"WebSite\",\"@id\":\"https:\\\/\\\/lacolmena.link\\\/cinenjambre\\\/#website\",\"url\":\"https:\\\/\\\/lacolmena.link\\\/cinenjambre\\\/\",\"name\":\"CINENJAMBRE \ud83c\udf7f\",\"description\":\"Noticias, rese\u00f1as, lanzamientos y m\u00e1s\",\"publisher\":{\"@id\":\"https:\\\/\\\/lacolmena.link\\\/cinenjambre\\\/#organization\"},\"potentialAction\":[{\"@type\":\"SearchAction\",\"target\":{\"@type\":\"EntryPoint\",\"urlTemplate\":\"https:\\\/\\\/lacolmena.link\\\/cinenjambre\\\/?s={search_term_string}\"},\"query-input\":{\"@type\":\"PropertyValueSpecification\",\"valueRequired\":true,\"valueName\":\"search_term_string\"}}],\"inLanguage\":\"es\"},{\"@type\":\"Organization\",\"@id\":\"https:\\\/\\\/lacolmena.link\\\/cinenjambre\\\/#organization\",\"name\":\"CINENJAMBRE \ud83c\udf7f\",\"url\":\"https:\\\/\\\/lacolmena.link\\\/cinenjambre\\\/\",\"logo\":{\"@type\":\"ImageObject\",\"inLanguage\":\"es\",\"@id\":\"https:\\\/\\\/lacolmena.link\\\/cinenjambre\\\/#\\\/schema\\\/logo\\\/image\\\/\",\"url\":\"https:\\\/\\\/lacolmena.link\\\/cinenjambre\\\/wp-content\\\/uploads\\\/sites\\\/3\\\/2021\\\/01\\\/cropped-cinenjambre-1.png\",\"contentUrl\":\"https:\\\/\\\/lacolmena.link\\\/cinenjambre\\\/wp-content\\\/uploads\\\/sites\\\/3\\\/2021\\\/01\\\/cropped-cinenjambre-1.png\",\"width\":512,\"height\":512,\"caption\":\"CINENJAMBRE \ud83c\udf7f\"},\"image\":{\"@id\":\"https:\\\/\\\/lacolmena.link\\\/cinenjambre\\\/#\\\/schema\\\/logo\\\/image\\\/\"}},{\"@type\":\"Person\",\"@id\":\"https:\\\/\\\/lacolmena.link\\\/cinenjambre\\\/#\\\/schema\\\/person\\\/aa47e7ec26f29e4bf92227a5dfaf0286\",\"name\":\"Juan Carlos Barbosa Padilla\",\"image\":{\"@type\":\"ImageObject\",\"inLanguage\":\"es\",\"@id\":\"https:\\\/\\\/secure.gravatar.com\\\/avatar\\\/f5f701552d9b768736106901f96287b05c508ebc1f6af3a0ed1e4e5e84426bb9?s=96&d=mm&r=g\",\"url\":\"https:\\\/\\\/secure.gravatar.com\\\/avatar\\\/f5f701552d9b768736106901f96287b05c508ebc1f6af3a0ed1e4e5e84426bb9?s=96&d=mm&r=g\",\"contentUrl\":\"https:\\\/\\\/secure.gravatar.com\\\/avatar\\\/f5f701552d9b768736106901f96287b05c508ebc1f6af3a0ed1e4e5e84426bb9?s=96&d=mm&r=g\",\"caption\":\"Juan Carlos Barbosa Padilla\"},\"url\":\"https:\\\/\\\/lacolmena.link\\\/cinenjambre\\\/author\\\/travsam\\\/\"}]}<\/script>\n<!-- \/ Yoast SEO plugin. -->","yoast_head_json":{"title":"Rese\u00f1a - Falcon y el Soldado del Invierno - CINENJAMBRE \ud83c\udf7f","robots":{"index":"index","follow":"follow","max-snippet":"max-snippet:-1","max-image-preview":"max-image-preview:large","max-video-preview":"max-video-preview:-1"},"canonical":"https:\/\/lacolmena.link\/cinenjambre\/2021\/05\/04\/resena-falcon-y-el-soldado-del-invierno\/","og_locale":"es_ES","og_type":"article","og_title":"Rese\u00f1a - Falcon y el Soldado del Invierno - CINENJAMBRE \ud83c\udf7f","og_description":"Al final de Avengers: Endgame, Steve Rogers fue a devolver las Gemas del Infinito a sus leg\u00edtimos portadores y, para sorpresa de todos, no regres\u00f3 de su viaje como todos esperaban, tras una vida feliz al lado de Peggy Carter, Steve le di\u00f3 el escudo a su compa\u00f1ero de batalla, Sam Wilson, esperando que pronto [&hellip;]","og_url":"https:\/\/lacolmena.link\/cinenjambre\/2021\/05\/04\/resena-falcon-y-el-soldado-del-invierno\/","og_site_name":"CINENJAMBRE \ud83c\udf7f","article_published_time":"2021-05-04T19:30:26+00:00","og_image":[{"width":780,"height":464,"url":"https:\/\/lacolmena.link\/cinenjambre\/wp-content\/uploads\/sites\/3\/2021\/05\/falcoln-winter-soldier.png","type":"image\/png"}],"author":"Juan Carlos Barbosa Padilla","twitter_card":"summary_large_image","twitter_misc":{"Escrito por":"Juan Carlos Barbosa Padilla","Tiempo de lectura":"6 minutos"},"schema":{"@context":"https:\/\/schema.org","@graph":[{"@type":"Article","@id":"https:\/\/lacolmena.link\/cinenjambre\/2021\/05\/04\/resena-falcon-y-el-soldado-del-invierno\/#article","isPartOf":{"@id":"https:\/\/lacolmena.link\/cinenjambre\/2021\/05\/04\/resena-falcon-y-el-soldado-del-invierno\/"},"author":{"name":"Juan Carlos Barbosa Padilla","@id":"https:\/\/lacolmena.link\/cinenjambre\/#\/schema\/person\/aa47e7ec26f29e4bf92227a5dfaf0286"},"headline":"Rese\u00f1a &#8211; Falcon y el Soldado del Invierno","datePublished":"2021-05-04T19:30:26+00:00","mainEntityOfPage":{"@id":"https:\/\/lacolmena.link\/cinenjambre\/2021\/05\/04\/resena-falcon-y-el-soldado-del-invierno\/"},"wordCount":1268,"commentCount":0,"publisher":{"@id":"https:\/\/lacolmena.link\/cinenjambre\/#organization"},"image":{"@id":"https:\/\/lacolmena.link\/cinenjambre\/2021\/05\/04\/resena-falcon-y-el-soldado-del-invierno\/#primaryimage"},"thumbnailUrl":"https:\/\/lacolmena.link\/cinenjambre\/wp-content\/uploads\/sites\/3\/2021\/05\/falcoln-winter-soldier.png","keywords":["baron zemo","bucky barnes","capitan america","disney plus","falcon y el soldado del invierno","flagsmashers","john walker","sam wilson","sharon carter"],"articleSection":["Abejorros","Rese\u00f1as"],"inLanguage":"es","potentialAction":[{"@type":"CommentAction","name":"Comment","target":["https:\/\/lacolmena.link\/cinenjambre\/2021\/05\/04\/resena-falcon-y-el-soldado-del-invierno\/#respond"]}]},{"@type":"WebPage","@id":"https:\/\/lacolmena.link\/cinenjambre\/2021\/05\/04\/resena-falcon-y-el-soldado-del-invierno\/","url":"https:\/\/lacolmena.link\/cinenjambre\/2021\/05\/04\/resena-falcon-y-el-soldado-del-invierno\/","name":"Rese\u00f1a - Falcon y el Soldado del Invierno - CINENJAMBRE \ud83c\udf7f","isPartOf":{"@id":"https:\/\/lacolmena.link\/cinenjambre\/#website"},"primaryImageOfPage":{"@id":"https:\/\/lacolmena.link\/cinenjambre\/2021\/05\/04\/resena-falcon-y-el-soldado-del-invierno\/#primaryimage"},"image":{"@id":"https:\/\/lacolmena.link\/cinenjambre\/2021\/05\/04\/resena-falcon-y-el-soldado-del-invierno\/#primaryimage"},"thumbnailUrl":"https:\/\/lacolmena.link\/cinenjambre\/wp-content\/uploads\/sites\/3\/2021\/05\/falcoln-winter-soldier.png","datePublished":"2021-05-04T19:30:26+00:00","breadcrumb":{"@id":"https:\/\/lacolmena.link\/cinenjambre\/2021\/05\/04\/resena-falcon-y-el-soldado-del-invierno\/#breadcrumb"},"inLanguage":"es","potentialAction":[{"@type":"ReadAction","target":["https:\/\/lacolmena.link\/cinenjambre\/2021\/05\/04\/resena-falcon-y-el-soldado-del-invierno\/"]}]},{"@type":"ImageObject","inLanguage":"es","@id":"https:\/\/lacolmena.link\/cinenjambre\/2021\/05\/04\/resena-falcon-y-el-soldado-del-invierno\/#primaryimage","url":"https:\/\/lacolmena.link\/cinenjambre\/wp-content\/uploads\/sites\/3\/2021\/05\/falcoln-winter-soldier.png","contentUrl":"https:\/\/lacolmena.link\/cinenjambre\/wp-content\/uploads\/sites\/3\/2021\/05\/falcoln-winter-soldier.png","width":780,"height":464},{"@type":"BreadcrumbList","@id":"https:\/\/lacolmena.link\/cinenjambre\/2021\/05\/04\/resena-falcon-y-el-soldado-del-invierno\/#breadcrumb","itemListElement":[{"@type":"ListItem","position":1,"name":"Portada","item":"https:\/\/lacolmena.link\/cinenjambre\/"},{"@type":"ListItem","position":2,"name":"Rese\u00f1a &#8211; Falcon y el Soldado del Invierno"}]},{"@type":"WebSite","@id":"https:\/\/lacolmena.link\/cinenjambre\/#website","url":"https:\/\/lacolmena.link\/cinenjambre\/","name":"CINENJAMBRE \ud83c\udf7f","description":"Noticias, rese\u00f1as, lanzamientos y m\u00e1s","publisher":{"@id":"https:\/\/lacolmena.link\/cinenjambre\/#organization"},"potentialAction":[{"@type":"SearchAction","target":{"@type":"EntryPoint","urlTemplate":"https:\/\/lacolmena.link\/cinenjambre\/?s={search_term_string}"},"query-input":{"@type":"PropertyValueSpecification","valueRequired":true,"valueName":"search_term_string"}}],"inLanguage":"es"},{"@type":"Organization","@id":"https:\/\/lacolmena.link\/cinenjambre\/#organization","name":"CINENJAMBRE \ud83c\udf7f","url":"https:\/\/lacolmena.link\/cinenjambre\/","logo":{"@type":"ImageObject","inLanguage":"es","@id":"https:\/\/lacolmena.link\/cinenjambre\/#\/schema\/logo\/image\/","url":"https:\/\/lacolmena.link\/cinenjambre\/wp-content\/uploads\/sites\/3\/2021\/01\/cropped-cinenjambre-1.png","contentUrl":"https:\/\/lacolmena.link\/cinenjambre\/wp-content\/uploads\/sites\/3\/2021\/01\/cropped-cinenjambre-1.png","width":512,"height":512,"caption":"CINENJAMBRE \ud83c\udf7f"},"image":{"@id":"https:\/\/lacolmena.link\/cinenjambre\/#\/schema\/logo\/image\/"}},{"@type":"Person","@id":"https:\/\/lacolmena.link\/cinenjambre\/#\/schema\/person\/aa47e7ec26f29e4bf92227a5dfaf0286","name":"Juan Carlos Barbosa Padilla","image":{"@type":"ImageObject","inLanguage":"es","@id":"https:\/\/secure.gravatar.com\/avatar\/f5f701552d9b768736106901f96287b05c508ebc1f6af3a0ed1e4e5e84426bb9?s=96&d=mm&r=g","url":"https:\/\/secure.gravatar.com\/avatar\/f5f701552d9b768736106901f96287b05c508ebc1f6af3a0ed1e4e5e84426bb9?s=96&d=mm&r=g","contentUrl":"https:\/\/secure.gravatar.com\/avatar\/f5f701552d9b768736106901f96287b05c508ebc1f6af3a0ed1e4e5e84426bb9?s=96&d=mm&r=g","caption":"Juan Carlos Barbosa Padilla"},"url":"https:\/\/lacolmena.link\/cinenjambre\/author\/travsam\/"}]}},"_links":{"self":[{"href":"https:\/\/lacolmena.link\/cinenjambre\/wp-json\/wp\/v2\/posts\/794","targetHints":{"allow":["GET"]}}],"collection":[{"href":"https:\/\/lacolmena.link\/cinenjambre\/wp-json\/wp\/v2\/posts"}],"about":[{"href":"https:\/\/lacolmena.link\/cinenjambre\/wp-json\/wp\/v2\/types\/post"}],"author":[{"embeddable":true,"href":"https:\/\/lacolmena.link\/cinenjambre\/wp-json\/wp\/v2\/users\/9"}],"replies":[{"embeddable":true,"href":"https:\/\/lacolmena.link\/cinenjambre\/wp-json\/wp\/v2\/comments?post=794"}],"version-history":[{"count":5,"href":"https:\/\/lacolmena.link\/cinenjambre\/wp-json\/wp\/v2\/posts\/794\/revisions"}],"predecessor-version":[{"id":809,"href":"https:\/\/lacolmena.link\/cinenjambre\/wp-json\/wp\/v2\/posts\/794\/revisions\/809"}],"wp:featuredmedia":[{"embeddable":true,"href":"https:\/\/lacolmena.link\/cinenjambre\/wp-json\/wp\/v2\/media\/796"}],"wp:attachment":[{"href":"https:\/\/lacolmena.link\/cinenjambre\/wp-json\/wp\/v2\/media?parent=794"}],"wp:term":[{"taxonomy":"category","embeddable":true,"href":"https:\/\/lacolmena.link\/cinenjambre\/wp-json\/wp\/v2\/categories?post=794"},{"taxonomy":"post_tag","embeddable":true,"href":"https:\/\/lacolmena.link\/cinenjambre\/wp-json\/wp\/v2\/tags?post=794"}],"curies":[{"name":"wp","href":"https:\/\/api.w.org\/{rel}","templated":true}]}}