{"id":239,"date":"2017-05-17T09:00:08","date_gmt":"2017-05-17T14:00:08","guid":{"rendered":"http:\/\/gamerscamp.space\/?p=239"},"modified":"2017-05-17T09:00:08","modified_gmt":"2017-05-17T14:00:08","slug":"d-va-se-une-al-nexo-en-heroes-of-the-storm","status":"publish","type":"post","link":"https:\/\/lacolmena.link\/gamerscamp\/2017\/05\/17\/d-va-se-une-al-nexo-en-heroes-of-the-storm\/","title":{"rendered":"D.Va se une al Nexo en Heroes of the Storm"},"content":{"rendered":"\n<p>La \u00faltima actualizaci\u00f3n de <em>Heroes of the Storm<\/em> integra a un nuevo h\u00e9roe de carga al Nexo \u2014 \u00a1<strong>D.Va<\/strong>, de <strong>Overwatch<\/strong> se ha unido a la lucha! D.Va se une a la lista de h\u00e9roes este 17 de mayo. Checa la cinem\u00e1tica para verla en acci\u00f3n al lado de Genji atacando a Diablo.<\/p>\n\n\n\n<figure class=\"wp-block-embed-youtube wp-block-embed is-type-video is-provider-youtube wp-has-aspect-ratio wp-embed-aspect-16-9\"><div class=\"wp-block-embed__wrapper\">\n<iframe loading=\"lazy\" title=\"Heroes of the Storm 2.0 \u2013 Hanamura Showdown\" width=\"640\" height=\"360\" src=\"https:\/\/www.youtube.com\/embed\/UgJLvtx5PzI?feature=oembed\" frameborder=\"0\" allow=\"accelerometer; autoplay; clipboard-write; encrypted-media; gyroscope; picture-in-picture; web-share\" referrerpolicy=\"strict-origin-when-cross-origin\" allowfullscreen><\/iframe>\n<\/div><\/figure>\n\n\n\n<p><strong>Hana Song<\/strong>, campeona profesional en videojuegos y floresciente icono global, tambi\u00e9n conocida como D.Va, pelea para proteger su patria como miembro de la elite sudcoreana de unidades MEKA. Sus habilidades incluyen:<\/p>\n\n\n\n<ul class=\"wp-block-list\"><li><strong>Modo Mecha \/ Modo Piloto<\/strong> \u2014 D.Va pilota su MEKA en batalla; cuando este es destruido, se eyecta y continua en la pelea en modo Piloto.<\/li><li><strong>Llamar Mecha<\/strong> \u2014 Llama a un nuevo Mecha y entra en el Modo Mecha; cada Ataque Basico en el Modo Piloto reduce el enfriamiento de la habilidad.<\/li><li><strong>Defensa Matrix<\/strong> \u2014 Mientras se encuentra en Modo Mecha, canaliza un campo defensivo en la direcci\u00f3n de destino, reduciendo el da\u00f1o infligido por los h\u00e9roes enemigos.<\/li><li><strong>Auto-Destrucci\u00f3n<\/strong> \u2014 Se eyecta del Mecha, activando la autodestrucci\u00f3n y causando da\u00f1o de medio a masivo en una gran \u00e1rea<\/li><\/ul>\n\n\n\n<figure class=\"wp-block-embed-youtube wp-block-embed is-type-video is-provider-youtube wp-has-aspect-ratio wp-embed-aspect-16-9\"><div class=\"wp-block-embed__wrapper\">\n<iframe loading=\"lazy\" title=\"D.Va Spotlight \u2013 Heroes of the Storm\" width=\"640\" height=\"360\" src=\"https:\/\/www.youtube.com\/embed\/HlrAD_fkZ74?feature=oembed\" frameborder=\"0\" allow=\"accelerometer; autoplay; clipboard-write; encrypted-media; gyroscope; picture-in-picture; web-share\" referrerpolicy=\"strict-origin-when-cross-origin\" allowfullscreen><\/iframe>\n<\/div><\/figure>\n","protected":false},"excerpt":{"rendered":"<p>La \u00faltima actualizaci\u00f3n de Heroes of the Storm integra a un nuevo h\u00e9roe de carga al Nexo \u2014 \u00a1D.Va, de Overwatch se ha unido a la lucha! D.Va se une a la lista de h\u00e9roes este 17 de mayo. Checa la cinem\u00e1tica para verla en acci\u00f3n al lado de Genji atacando a Diablo. Hana Song, [&hellip;]<\/p>\n","protected":false},"author":1,"featured_media":4515,"comment_status":"open","ping_status":"open","sticky":false,"template":"","format":"standard","meta":{"footnotes":""},"categories":[],"tags":[],"class_list":["post-239","post","type-post","status-publish","format-standard","has-post-thumbnail","hentry"],"yoast_head":"<!-- This site is optimized with the Yoast SEO plugin v27.5 - https:\/\/yoast.com\/product\/yoast-seo-wordpress\/ -->\n<title>D.Va se une al Nexo en Heroes of the Storm - GAMERSCAMP<\/title>\n<meta name=\"robots\" content=\"index, follow, max-snippet:-1, max-image-preview:large, max-video-preview:-1\" \/>\n<link rel=\"canonical\" href=\"https:\/\/lacolmena.link\/gamerscamp\/2017\/05\/17\/d-va-se-une-al-nexo-en-heroes-of-the-storm\/\" \/>\n<meta property=\"og:locale\" content=\"es_ES\" \/>\n<meta property=\"og:type\" content=\"article\" \/>\n<meta property=\"og:title\" content=\"D.Va se une al Nexo en Heroes of the Storm - GAMERSCAMP\" \/>\n<meta property=\"og:description\" content=\"La \u00faltima actualizaci\u00f3n de Heroes of the Storm integra a un nuevo h\u00e9roe de carga al Nexo \u2014 \u00a1D.Va, de Overwatch se ha unido a la lucha! D.Va se une a la lista de h\u00e9roes este 17 de mayo. Checa la cinem\u00e1tica para verla en acci\u00f3n al lado de Genji atacando a Diablo. Hana Song, [&hellip;]\" \/>\n<meta property=\"og:url\" content=\"https:\/\/lacolmena.link\/gamerscamp\/2017\/05\/17\/d-va-se-une-al-nexo-en-heroes-of-the-storm\/\" \/>\n<meta property=\"og:site_name\" content=\"GAMERSCAMP\" \/>\n<meta property=\"article:published_time\" content=\"2017-05-17T14:00:08+00:00\" \/>\n<meta property=\"og:image\" content=\"https:\/\/lacolmena.link\/gamerscamp\/wp-content\/uploads\/sites\/4\/2018\/09\/noimage.jpg\" \/>\n\t<meta property=\"og:image:width\" content=\"800\" \/>\n\t<meta property=\"og:image:height\" content=\"450\" \/>\n\t<meta property=\"og:image:type\" content=\"image\/jpeg\" \/>\n<meta name=\"twitter:card\" content=\"summary_large_image\" \/>\n<meta name=\"twitter:label1\" content=\"Escrito por\" \/>\n\t<meta name=\"twitter:data1\" content=\"\" \/>\n\t<meta name=\"twitter:label2\" content=\"Tiempo de lectura\" \/>\n\t<meta name=\"twitter:data2\" content=\"1 minuto\" \/>\n<script type=\"application\/ld+json\" class=\"yoast-schema-graph\">{\"@context\":\"https:\\\/\\\/schema.org\",\"@graph\":[{\"@type\":\"Article\",\"@id\":\"https:\\\/\\\/lacolmena.link\\\/gamerscamp\\\/2017\\\/05\\\/17\\\/d-va-se-une-al-nexo-en-heroes-of-the-storm\\\/#article\",\"isPartOf\":{\"@id\":\"https:\\\/\\\/lacolmena.link\\\/gamerscamp\\\/2017\\\/05\\\/17\\\/d-va-se-une-al-nexo-en-heroes-of-the-storm\\\/\"},\"author\":{\"name\":\"\",\"@id\":\"\"},\"headline\":\"D.Va se une al Nexo en Heroes of the Storm\",\"datePublished\":\"2017-05-17T14:00:08+00:00\",\"mainEntityOfPage\":{\"@id\":\"https:\\\/\\\/lacolmena.link\\\/gamerscamp\\\/2017\\\/05\\\/17\\\/d-va-se-une-al-nexo-en-heroes-of-the-storm\\\/\"},\"wordCount\":219,\"commentCount\":0,\"image\":{\"@id\":\"https:\\\/\\\/lacolmena.link\\\/gamerscamp\\\/2017\\\/05\\\/17\\\/d-va-se-une-al-nexo-en-heroes-of-the-storm\\\/#primaryimage\"},\"thumbnailUrl\":\"https:\\\/\\\/lacolmena.link\\\/gamerscamp\\\/wp-content\\\/uploads\\\/sites\\\/4\\\/2018\\\/09\\\/noimage.jpg\",\"inLanguage\":\"es\",\"potentialAction\":[{\"@type\":\"CommentAction\",\"name\":\"Comment\",\"target\":[\"https:\\\/\\\/lacolmena.link\\\/gamerscamp\\\/2017\\\/05\\\/17\\\/d-va-se-une-al-nexo-en-heroes-of-the-storm\\\/#respond\"]}]},{\"@type\":\"WebPage\",\"@id\":\"https:\\\/\\\/lacolmena.link\\\/gamerscamp\\\/2017\\\/05\\\/17\\\/d-va-se-une-al-nexo-en-heroes-of-the-storm\\\/\",\"url\":\"https:\\\/\\\/lacolmena.link\\\/gamerscamp\\\/2017\\\/05\\\/17\\\/d-va-se-une-al-nexo-en-heroes-of-the-storm\\\/\",\"name\":\"D.Va se une al Nexo en Heroes of the Storm - GAMERSCAMP\",\"isPartOf\":{\"@id\":\"https:\\\/\\\/lacolmena.link\\\/gamerscamp\\\/#website\"},\"primaryImageOfPage\":{\"@id\":\"https:\\\/\\\/lacolmena.link\\\/gamerscamp\\\/2017\\\/05\\\/17\\\/d-va-se-une-al-nexo-en-heroes-of-the-storm\\\/#primaryimage\"},\"image\":{\"@id\":\"https:\\\/\\\/lacolmena.link\\\/gamerscamp\\\/2017\\\/05\\\/17\\\/d-va-se-une-al-nexo-en-heroes-of-the-storm\\\/#primaryimage\"},\"thumbnailUrl\":\"https:\\\/\\\/lacolmena.link\\\/gamerscamp\\\/wp-content\\\/uploads\\\/sites\\\/4\\\/2018\\\/09\\\/noimage.jpg\",\"datePublished\":\"2017-05-17T14:00:08+00:00\",\"author\":{\"@id\":\"\"},\"breadcrumb\":{\"@id\":\"https:\\\/\\\/lacolmena.link\\\/gamerscamp\\\/2017\\\/05\\\/17\\\/d-va-se-une-al-nexo-en-heroes-of-the-storm\\\/#breadcrumb\"},\"inLanguage\":\"es\",\"potentialAction\":[{\"@type\":\"ReadAction\",\"target\":[\"https:\\\/\\\/lacolmena.link\\\/gamerscamp\\\/2017\\\/05\\\/17\\\/d-va-se-une-al-nexo-en-heroes-of-the-storm\\\/\"]}]},{\"@type\":\"ImageObject\",\"inLanguage\":\"es\",\"@id\":\"https:\\\/\\\/lacolmena.link\\\/gamerscamp\\\/2017\\\/05\\\/17\\\/d-va-se-une-al-nexo-en-heroes-of-the-storm\\\/#primaryimage\",\"url\":\"https:\\\/\\\/lacolmena.link\\\/gamerscamp\\\/wp-content\\\/uploads\\\/sites\\\/4\\\/2018\\\/09\\\/noimage.jpg\",\"contentUrl\":\"https:\\\/\\\/lacolmena.link\\\/gamerscamp\\\/wp-content\\\/uploads\\\/sites\\\/4\\\/2018\\\/09\\\/noimage.jpg\",\"width\":800,\"height\":450},{\"@type\":\"BreadcrumbList\",\"@id\":\"https:\\\/\\\/lacolmena.link\\\/gamerscamp\\\/2017\\\/05\\\/17\\\/d-va-se-une-al-nexo-en-heroes-of-the-storm\\\/#breadcrumb\",\"itemListElement\":[{\"@type\":\"ListItem\",\"position\":1,\"name\":\"Portada\",\"item\":\"https:\\\/\\\/lacolmena.link\\\/gamerscamp\\\/\"},{\"@type\":\"ListItem\",\"position\":2,\"name\":\"D.Va se une al Nexo en Heroes of the Storm\"}]},{\"@type\":\"WebSite\",\"@id\":\"https:\\\/\\\/lacolmena.link\\\/gamerscamp\\\/#website\",\"url\":\"https:\\\/\\\/lacolmena.link\\\/gamerscamp\\\/\",\"name\":\"GAMERSCAMP\",\"description\":\"Archivo muerto (s\u00f3lo consulta) | Otro sitio m\u00e1s de LaColmena.link\",\"potentialAction\":[{\"@type\":\"SearchAction\",\"target\":{\"@type\":\"EntryPoint\",\"urlTemplate\":\"https:\\\/\\\/lacolmena.link\\\/gamerscamp\\\/?s={search_term_string}\"},\"query-input\":{\"@type\":\"PropertyValueSpecification\",\"valueRequired\":true,\"valueName\":\"search_term_string\"}}],\"inLanguage\":\"es\"},{\"@type\":\"Person\",\"@id\":\"\",\"url\":\"https:\\\/\\\/lacolmena.link\\\/gamerscamp\\\/author\\\/\"}]}<\/script>\n<!-- \/ Yoast SEO plugin. -->","yoast_head_json":{"title":"D.Va se une al Nexo en Heroes of the Storm - GAMERSCAMP","robots":{"index":"index","follow":"follow","max-snippet":"max-snippet:-1","max-image-preview":"max-image-preview:large","max-video-preview":"max-video-preview:-1"},"canonical":"https:\/\/lacolmena.link\/gamerscamp\/2017\/05\/17\/d-va-se-une-al-nexo-en-heroes-of-the-storm\/","og_locale":"es_ES","og_type":"article","og_title":"D.Va se une al Nexo en Heroes of the Storm - GAMERSCAMP","og_description":"La \u00faltima actualizaci\u00f3n de Heroes of the Storm integra a un nuevo h\u00e9roe de carga al Nexo \u2014 \u00a1D.Va, de Overwatch se ha unido a la lucha! D.Va se une a la lista de h\u00e9roes este 17 de mayo. Checa la cinem\u00e1tica para verla en acci\u00f3n al lado de Genji atacando a Diablo. Hana Song, [&hellip;]","og_url":"https:\/\/lacolmena.link\/gamerscamp\/2017\/05\/17\/d-va-se-une-al-nexo-en-heroes-of-the-storm\/","og_site_name":"GAMERSCAMP","article_published_time":"2017-05-17T14:00:08+00:00","og_image":[{"width":800,"height":450,"url":"https:\/\/lacolmena.link\/gamerscamp\/wp-content\/uploads\/sites\/4\/2018\/09\/noimage.jpg","type":"image\/jpeg"}],"twitter_card":"summary_large_image","twitter_misc":{"Escrito por":"","Tiempo de lectura":"1 minuto"},"schema":{"@context":"https:\/\/schema.org","@graph":[{"@type":"Article","@id":"https:\/\/lacolmena.link\/gamerscamp\/2017\/05\/17\/d-va-se-une-al-nexo-en-heroes-of-the-storm\/#article","isPartOf":{"@id":"https:\/\/lacolmena.link\/gamerscamp\/2017\/05\/17\/d-va-se-une-al-nexo-en-heroes-of-the-storm\/"},"author":{"name":"","@id":""},"headline":"D.Va se une al Nexo en Heroes of the Storm","datePublished":"2017-05-17T14:00:08+00:00","mainEntityOfPage":{"@id":"https:\/\/lacolmena.link\/gamerscamp\/2017\/05\/17\/d-va-se-une-al-nexo-en-heroes-of-the-storm\/"},"wordCount":219,"commentCount":0,"image":{"@id":"https:\/\/lacolmena.link\/gamerscamp\/2017\/05\/17\/d-va-se-une-al-nexo-en-heroes-of-the-storm\/#primaryimage"},"thumbnailUrl":"https:\/\/lacolmena.link\/gamerscamp\/wp-content\/uploads\/sites\/4\/2018\/09\/noimage.jpg","inLanguage":"es","potentialAction":[{"@type":"CommentAction","name":"Comment","target":["https:\/\/lacolmena.link\/gamerscamp\/2017\/05\/17\/d-va-se-une-al-nexo-en-heroes-of-the-storm\/#respond"]}]},{"@type":"WebPage","@id":"https:\/\/lacolmena.link\/gamerscamp\/2017\/05\/17\/d-va-se-une-al-nexo-en-heroes-of-the-storm\/","url":"https:\/\/lacolmena.link\/gamerscamp\/2017\/05\/17\/d-va-se-une-al-nexo-en-heroes-of-the-storm\/","name":"D.Va se une al Nexo en Heroes of the Storm - GAMERSCAMP","isPartOf":{"@id":"https:\/\/lacolmena.link\/gamerscamp\/#website"},"primaryImageOfPage":{"@id":"https:\/\/lacolmena.link\/gamerscamp\/2017\/05\/17\/d-va-se-une-al-nexo-en-heroes-of-the-storm\/#primaryimage"},"image":{"@id":"https:\/\/lacolmena.link\/gamerscamp\/2017\/05\/17\/d-va-se-une-al-nexo-en-heroes-of-the-storm\/#primaryimage"},"thumbnailUrl":"https:\/\/lacolmena.link\/gamerscamp\/wp-content\/uploads\/sites\/4\/2018\/09\/noimage.jpg","datePublished":"2017-05-17T14:00:08+00:00","author":{"@id":""},"breadcrumb":{"@id":"https:\/\/lacolmena.link\/gamerscamp\/2017\/05\/17\/d-va-se-une-al-nexo-en-heroes-of-the-storm\/#breadcrumb"},"inLanguage":"es","potentialAction":[{"@type":"ReadAction","target":["https:\/\/lacolmena.link\/gamerscamp\/2017\/05\/17\/d-va-se-une-al-nexo-en-heroes-of-the-storm\/"]}]},{"@type":"ImageObject","inLanguage":"es","@id":"https:\/\/lacolmena.link\/gamerscamp\/2017\/05\/17\/d-va-se-une-al-nexo-en-heroes-of-the-storm\/#primaryimage","url":"https:\/\/lacolmena.link\/gamerscamp\/wp-content\/uploads\/sites\/4\/2018\/09\/noimage.jpg","contentUrl":"https:\/\/lacolmena.link\/gamerscamp\/wp-content\/uploads\/sites\/4\/2018\/09\/noimage.jpg","width":800,"height":450},{"@type":"BreadcrumbList","@id":"https:\/\/lacolmena.link\/gamerscamp\/2017\/05\/17\/d-va-se-une-al-nexo-en-heroes-of-the-storm\/#breadcrumb","itemListElement":[{"@type":"ListItem","position":1,"name":"Portada","item":"https:\/\/lacolmena.link\/gamerscamp\/"},{"@type":"ListItem","position":2,"name":"D.Va se une al Nexo en Heroes of the Storm"}]},{"@type":"WebSite","@id":"https:\/\/lacolmena.link\/gamerscamp\/#website","url":"https:\/\/lacolmena.link\/gamerscamp\/","name":"GAMERSCAMP","description":"Archivo muerto (s\u00f3lo consulta) | Otro sitio m\u00e1s de LaColmena.link","potentialAction":[{"@type":"SearchAction","target":{"@type":"EntryPoint","urlTemplate":"https:\/\/lacolmena.link\/gamerscamp\/?s={search_term_string}"},"query-input":{"@type":"PropertyValueSpecification","valueRequired":true,"valueName":"search_term_string"}}],"inLanguage":"es"},{"@type":"Person","@id":"","url":"https:\/\/lacolmena.link\/gamerscamp\/author\/"}]}},"_links":{"self":[{"href":"https:\/\/lacolmena.link\/gamerscamp\/wp-json\/wp\/v2\/posts\/239","targetHints":{"allow":["GET"]}}],"collection":[{"href":"https:\/\/lacolmena.link\/gamerscamp\/wp-json\/wp\/v2\/posts"}],"about":[{"href":"https:\/\/lacolmena.link\/gamerscamp\/wp-json\/wp\/v2\/types\/post"}],"author":[{"embeddable":true,"href":"https:\/\/lacolmena.link\/gamerscamp\/wp-json\/wp\/v2\/users\/1"}],"replies":[{"embeddable":true,"href":"https:\/\/lacolmena.link\/gamerscamp\/wp-json\/wp\/v2\/comments?post=239"}],"version-history":[{"count":0,"href":"https:\/\/lacolmena.link\/gamerscamp\/wp-json\/wp\/v2\/posts\/239\/revisions"}],"wp:featuredmedia":[{"embeddable":true,"href":"https:\/\/lacolmena.link\/gamerscamp\/wp-json\/wp\/v2\/media\/4515"}],"wp:attachment":[{"href":"https:\/\/lacolmena.link\/gamerscamp\/wp-json\/wp\/v2\/media?parent=239"}],"wp:term":[{"taxonomy":"category","embeddable":true,"href":"https:\/\/lacolmena.link\/gamerscamp\/wp-json\/wp\/v2\/categories?post=239"},{"taxonomy":"post_tag","embeddable":true,"href":"https:\/\/lacolmena.link\/gamerscamp\/wp-json\/wp\/v2\/tags?post=239"}],"curies":[{"name":"wp","href":"https:\/\/api.w.org\/{rel}","templated":true}]}}