{"id":218,"date":"2021-03-15T14:01:03","date_gmt":"2021-03-15T19:01:03","guid":{"rendered":"https:\/\/lacolmena.link\/letrassobrecubierta\/?p=218"},"modified":"2021-03-15T16:17:02","modified_gmt":"2021-03-15T21:17:02","slug":"diario-de-una-ansiolitica-nuevas-modas","status":"publish","type":"post","link":"https:\/\/lacolmena.link\/letrassobrecubierta\/2021\/03\/15\/diario-de-una-ansiolitica-nuevas-modas\/","title":{"rendered":"Diario de una Ansiolitica &#8211; Nuevas modas"},"content":{"rendered":"<p style=\"text-align: justify\">Llega la temporada en la que tom\u00f3 la decisi\u00f3n de cambiar mi corte de cabello y aunque a\u00fan no he podido encontrar un estilista que deje mi cabellera como de artista aqu\u00ed en Chicago, cre\u00ed haber tenido la fortuna de tener buena suerte en eso.<\/p>\n<p style=\"text-align: justify\">As\u00ed que anoche, mi esposo y yo fuimos a cambiarnos el look, seg\u00fan nosotros para vernos m\u00e1s j\u00f3venes y frescos (no es que lo necesitemos), y como sabr\u00e1n cuando se me mete algo se me mete.<\/p>\n<p style=\"text-align: justify\">As\u00ed que decid\u00ed escoger el lugar, seg\u00fan los <em>reviews<\/em> en Internet (s\u00ed, mi hija me ense\u00f1a como buscarlos) est\u00e1 est\u00e9tica era la mejor de la zona, y as\u00ed era, el lugar era acogedor, limpio, los empleados muy atentos, muy monos.<\/p>\n<p style=\"text-align: justify\">La se\u00f1orita que me atendi\u00f3 me habl\u00f3 en un ingles, que casi no le entend\u00eda, era Ukraniana; comenz\u00f3 a decirme que hab\u00eda un nuevo corte, que era el de moda, que me ver\u00eda excelente, que iba conmigo que ver\u00eda a la nueva yo.<\/p>\n<p style=\"text-align: justify\">As\u00ed que con lo poco que entend\u00ed acepte y me puse en sus manos, as\u00ed la mujer comenz\u00f3 a cortar. Y como he tenido d\u00edas largos, comenc\u00e9 a cabecear y cuando me d\u00ed cuenta que me quede dormida, ya ten\u00eda una maquina pegada a mi cabello.<\/p>\n<p style=\"text-align: justify\">Confiada cerr\u00e9 de nuevo los ojos, esperando a esa nueva yo.<\/p>\n<p style=\"text-align: justify\">Cuando por fin termin\u00f3 la chica de hacerme ese moderno corte, mi reacci\u00f3n lo dijo todo, ten\u00eda un nido de p\u00e1jaro en la cabeza, no ten\u00eda forma, el color era espantoso, me ve\u00eda vieja y mi esposo ri\u00e9ndose a carcajadas.<\/p>\n<p style=\"text-align: justify\">La mujer muy decidida de su gran trabajo, comenz\u00f3 a tomarme fotos que para su portafolio, ella muy orgullosa del resultado y yo estaba a punto de entrar en p\u00e1nico, bueno ya estaba en p\u00e1nico.<\/p>\n<p style=\"text-align: justify\">Comenc\u00e9 a maldecir en espa\u00f1ol; nunca pens\u00e9 que mi florido vocabulario saldr\u00eda a flote, mi esposo me saco de ah\u00ed como pudo.<\/p>\n<p style=\"text-align: justify\">As\u00ed que hoy estoy en otra est\u00e9tica, a punto de casi raparme y con la esperanza de que mi cabello crezca r\u00e1pido (espero a mi edad as\u00ed sea), y de verdad comienzo a creer que las nuevas modas tampoco van conmigo.<\/p>\n<p style=\"text-align: justify\">Y mi esposo ahora me dice de cari\u00f1o, mi lindo ruise\u00f1or (casi lo mato).<\/p>\n<p><img loading=\"lazy\" decoding=\"async\" class=\"aligncenter wp-image-219 size-full\" src=\"https:\/\/lacolmena.link\/letrassobrecubierta\/wp-content\/uploads\/sites\/5\/2021\/03\/estetica.jpg\" alt=\"\" width=\"1024\" height=\"665\" srcset=\"https:\/\/lacolmena.link\/letrassobrecubierta\/wp-content\/uploads\/sites\/5\/2021\/03\/estetica.jpg 1024w, https:\/\/lacolmena.link\/letrassobrecubierta\/wp-content\/uploads\/sites\/5\/2021\/03\/estetica-300x195.jpg 300w, https:\/\/lacolmena.link\/letrassobrecubierta\/wp-content\/uploads\/sites\/5\/2021\/03\/estetica-768x499.jpg 768w\" sizes=\"auto, (max-width: 1024px) 100vw, 1024px\" \/><\/p>\n<p>&nbsp;<\/p>\n<p>&nbsp;<\/p>\n","protected":false},"excerpt":{"rendered":"<p>Llega la temporada en la que tom\u00f3 la decisi\u00f3n de cambiar mi corte de cabello y aunque a\u00fan no he podido encontrar un estilista que deje mi cabellera como de artista aqu\u00ed en Chicago, cre\u00ed haber tenido la fortuna de tener buena suerte en eso. As\u00ed que anoche, mi esposo y yo fuimos a cambiarnos [&hellip;]<\/p>\n","protected":false},"author":11,"featured_media":0,"comment_status":"open","ping_status":"open","sticky":false,"template":"","format":"standard","meta":{"footnotes":""},"categories":[4],"tags":[],"class_list":["post-218","post","type-post","status-publish","format-standard","hentry","category-diario-ansiolitica"],"yoast_head":"<!-- This site is optimized with the Yoast SEO plugin v27.5 - https:\/\/yoast.com\/product\/yoast-seo-wordpress\/ -->\n<title>Diario de una Ansiolitica - Nuevas modas - LetrasSobrecubierta<\/title>\n<meta name=\"robots\" content=\"index, follow, max-snippet:-1, max-image-preview:large, max-video-preview:-1\" \/>\n<link rel=\"canonical\" href=\"https:\/\/lacolmena.link\/letrassobrecubierta\/2021\/03\/15\/diario-de-una-ansiolitica-nuevas-modas\/\" \/>\n<meta property=\"og:locale\" content=\"es_ES\" \/>\n<meta property=\"og:type\" content=\"article\" \/>\n<meta property=\"og:title\" content=\"Diario de una Ansiolitica - Nuevas modas - LetrasSobrecubierta\" \/>\n<meta property=\"og:description\" content=\"Llega la temporada en la que tom\u00f3 la decisi\u00f3n de cambiar mi corte de cabello y aunque a\u00fan no he podido encontrar un estilista que deje mi cabellera como de artista aqu\u00ed en Chicago, cre\u00ed haber tenido la fortuna de tener buena suerte en eso. As\u00ed que anoche, mi esposo y yo fuimos a cambiarnos [&hellip;]\" \/>\n<meta property=\"og:url\" content=\"https:\/\/lacolmena.link\/letrassobrecubierta\/2021\/03\/15\/diario-de-una-ansiolitica-nuevas-modas\/\" \/>\n<meta property=\"og:site_name\" content=\"LetrasSobrecubierta\" \/>\n<meta property=\"article:published_time\" content=\"2021-03-15T19:01:03+00:00\" \/>\n<meta property=\"article:modified_time\" content=\"2021-03-15T21:17:02+00:00\" \/>\n<meta property=\"og:image\" content=\"https:\/\/lacolmena.link\/letrassobrecubierta\/wp-content\/uploads\/sites\/5\/2021\/03\/estetica.jpg\" \/>\n\t<meta property=\"og:image:width\" content=\"1024\" \/>\n\t<meta property=\"og:image:height\" content=\"665\" \/>\n\t<meta property=\"og:image:type\" content=\"image\/jpeg\" \/>\n<meta name=\"author\" content=\"Victoria Galindo\" \/>\n<meta name=\"twitter:card\" content=\"summary_large_image\" \/>\n<meta name=\"twitter:label1\" content=\"Escrito por\" \/>\n\t<meta name=\"twitter:data1\" content=\"Victoria Galindo\" \/>\n\t<meta name=\"twitter:label2\" content=\"Tiempo de lectura\" \/>\n\t<meta name=\"twitter:data2\" content=\"2 minutos\" \/>\n<script type=\"application\/ld+json\" class=\"yoast-schema-graph\">{\"@context\":\"https:\\\/\\\/schema.org\",\"@graph\":[{\"@type\":\"Article\",\"@id\":\"https:\\\/\\\/lacolmena.link\\\/letrassobrecubierta\\\/2021\\\/03\\\/15\\\/diario-de-una-ansiolitica-nuevas-modas\\\/#article\",\"isPartOf\":{\"@id\":\"https:\\\/\\\/lacolmena.link\\\/letrassobrecubierta\\\/2021\\\/03\\\/15\\\/diario-de-una-ansiolitica-nuevas-modas\\\/\"},\"author\":{\"name\":\"Victoria Galindo\",\"@id\":\"https:\\\/\\\/lacolmena.link\\\/letrassobrecubierta\\\/#\\\/schema\\\/person\\\/4ed400a5133f48fc75c6429a6e3fb4c8\"},\"headline\":\"Diario de una Ansiolitica &#8211; Nuevas modas\",\"datePublished\":\"2021-03-15T19:01:03+00:00\",\"dateModified\":\"2021-03-15T21:17:02+00:00\",\"mainEntityOfPage\":{\"@id\":\"https:\\\/\\\/lacolmena.link\\\/letrassobrecubierta\\\/2021\\\/03\\\/15\\\/diario-de-una-ansiolitica-nuevas-modas\\\/\"},\"wordCount\":412,\"commentCount\":0,\"image\":{\"@id\":\"https:\\\/\\\/lacolmena.link\\\/letrassobrecubierta\\\/2021\\\/03\\\/15\\\/diario-de-una-ansiolitica-nuevas-modas\\\/#primaryimage\"},\"thumbnailUrl\":\"https:\\\/\\\/lacolmena.link\\\/letrassobrecubierta\\\/wp-content\\\/uploads\\\/sites\\\/5\\\/2021\\\/03\\\/estetica.jpg\",\"articleSection\":[\"Diario de una Ansiolitica\"],\"inLanguage\":\"es\",\"potentialAction\":[{\"@type\":\"CommentAction\",\"name\":\"Comment\",\"target\":[\"https:\\\/\\\/lacolmena.link\\\/letrassobrecubierta\\\/2021\\\/03\\\/15\\\/diario-de-una-ansiolitica-nuevas-modas\\\/#respond\"]}]},{\"@type\":\"WebPage\",\"@id\":\"https:\\\/\\\/lacolmena.link\\\/letrassobrecubierta\\\/2021\\\/03\\\/15\\\/diario-de-una-ansiolitica-nuevas-modas\\\/\",\"url\":\"https:\\\/\\\/lacolmena.link\\\/letrassobrecubierta\\\/2021\\\/03\\\/15\\\/diario-de-una-ansiolitica-nuevas-modas\\\/\",\"name\":\"Diario de una Ansiolitica - Nuevas modas - LetrasSobrecubierta\",\"isPartOf\":{\"@id\":\"https:\\\/\\\/lacolmena.link\\\/letrassobrecubierta\\\/#website\"},\"primaryImageOfPage\":{\"@id\":\"https:\\\/\\\/lacolmena.link\\\/letrassobrecubierta\\\/2021\\\/03\\\/15\\\/diario-de-una-ansiolitica-nuevas-modas\\\/#primaryimage\"},\"image\":{\"@id\":\"https:\\\/\\\/lacolmena.link\\\/letrassobrecubierta\\\/2021\\\/03\\\/15\\\/diario-de-una-ansiolitica-nuevas-modas\\\/#primaryimage\"},\"thumbnailUrl\":\"https:\\\/\\\/lacolmena.link\\\/letrassobrecubierta\\\/wp-content\\\/uploads\\\/sites\\\/5\\\/2021\\\/03\\\/estetica.jpg\",\"datePublished\":\"2021-03-15T19:01:03+00:00\",\"dateModified\":\"2021-03-15T21:17:02+00:00\",\"author\":{\"@id\":\"https:\\\/\\\/lacolmena.link\\\/letrassobrecubierta\\\/#\\\/schema\\\/person\\\/4ed400a5133f48fc75c6429a6e3fb4c8\"},\"breadcrumb\":{\"@id\":\"https:\\\/\\\/lacolmena.link\\\/letrassobrecubierta\\\/2021\\\/03\\\/15\\\/diario-de-una-ansiolitica-nuevas-modas\\\/#breadcrumb\"},\"inLanguage\":\"es\",\"potentialAction\":[{\"@type\":\"ReadAction\",\"target\":[\"https:\\\/\\\/lacolmena.link\\\/letrassobrecubierta\\\/2021\\\/03\\\/15\\\/diario-de-una-ansiolitica-nuevas-modas\\\/\"]}]},{\"@type\":\"ImageObject\",\"inLanguage\":\"es\",\"@id\":\"https:\\\/\\\/lacolmena.link\\\/letrassobrecubierta\\\/2021\\\/03\\\/15\\\/diario-de-una-ansiolitica-nuevas-modas\\\/#primaryimage\",\"url\":\"https:\\\/\\\/lacolmena.link\\\/letrassobrecubierta\\\/wp-content\\\/uploads\\\/sites\\\/5\\\/2021\\\/03\\\/estetica.jpg\",\"contentUrl\":\"https:\\\/\\\/lacolmena.link\\\/letrassobrecubierta\\\/wp-content\\\/uploads\\\/sites\\\/5\\\/2021\\\/03\\\/estetica.jpg\",\"width\":1024,\"height\":665},{\"@type\":\"BreadcrumbList\",\"@id\":\"https:\\\/\\\/lacolmena.link\\\/letrassobrecubierta\\\/2021\\\/03\\\/15\\\/diario-de-una-ansiolitica-nuevas-modas\\\/#breadcrumb\",\"itemListElement\":[{\"@type\":\"ListItem\",\"position\":1,\"name\":\"Portada\",\"item\":\"https:\\\/\\\/lacolmena.link\\\/letrassobrecubierta\\\/\"},{\"@type\":\"ListItem\",\"position\":2,\"name\":\"Diario de una Ansiolitica &#8211; Nuevas modas\"}]},{\"@type\":\"WebSite\",\"@id\":\"https:\\\/\\\/lacolmena.link\\\/letrassobrecubierta\\\/#website\",\"url\":\"https:\\\/\\\/lacolmena.link\\\/letrassobrecubierta\\\/\",\"name\":\"LetrasSobrecubierta\",\"description\":\"Blog de prosa l\u00edrica, cuentos, microrrelatos, historias cortas y m\u00e1s...\",\"potentialAction\":[{\"@type\":\"SearchAction\",\"target\":{\"@type\":\"EntryPoint\",\"urlTemplate\":\"https:\\\/\\\/lacolmena.link\\\/letrassobrecubierta\\\/?s={search_term_string}\"},\"query-input\":{\"@type\":\"PropertyValueSpecification\",\"valueRequired\":true,\"valueName\":\"search_term_string\"}}],\"inLanguage\":\"es\"},{\"@type\":\"Person\",\"@id\":\"https:\\\/\\\/lacolmena.link\\\/letrassobrecubierta\\\/#\\\/schema\\\/person\\\/4ed400a5133f48fc75c6429a6e3fb4c8\",\"name\":\"Victoria Galindo\",\"image\":{\"@type\":\"ImageObject\",\"inLanguage\":\"es\",\"@id\":\"https:\\\/\\\/secure.gravatar.com\\\/avatar\\\/0e0d579cbf7483c21b21f93bb5e9924e406a7fefb9703667510e4eb8b2c96a5b?s=96&d=mm&r=g\",\"url\":\"https:\\\/\\\/secure.gravatar.com\\\/avatar\\\/0e0d579cbf7483c21b21f93bb5e9924e406a7fefb9703667510e4eb8b2c96a5b?s=96&d=mm&r=g\",\"contentUrl\":\"https:\\\/\\\/secure.gravatar.com\\\/avatar\\\/0e0d579cbf7483c21b21f93bb5e9924e406a7fefb9703667510e4eb8b2c96a5b?s=96&d=mm&r=g\",\"caption\":\"Victoria Galindo\"},\"url\":\"https:\\\/\\\/lacolmena.link\\\/letrassobrecubierta\\\/author\\\/vicky\\\/\"}]}<\/script>\n<!-- \/ Yoast SEO plugin. -->","yoast_head_json":{"title":"Diario de una Ansiolitica - Nuevas modas - LetrasSobrecubierta","robots":{"index":"index","follow":"follow","max-snippet":"max-snippet:-1","max-image-preview":"max-image-preview:large","max-video-preview":"max-video-preview:-1"},"canonical":"https:\/\/lacolmena.link\/letrassobrecubierta\/2021\/03\/15\/diario-de-una-ansiolitica-nuevas-modas\/","og_locale":"es_ES","og_type":"article","og_title":"Diario de una Ansiolitica - Nuevas modas - LetrasSobrecubierta","og_description":"Llega la temporada en la que tom\u00f3 la decisi\u00f3n de cambiar mi corte de cabello y aunque a\u00fan no he podido encontrar un estilista que deje mi cabellera como de artista aqu\u00ed en Chicago, cre\u00ed haber tenido la fortuna de tener buena suerte en eso. As\u00ed que anoche, mi esposo y yo fuimos a cambiarnos [&hellip;]","og_url":"https:\/\/lacolmena.link\/letrassobrecubierta\/2021\/03\/15\/diario-de-una-ansiolitica-nuevas-modas\/","og_site_name":"LetrasSobrecubierta","article_published_time":"2021-03-15T19:01:03+00:00","article_modified_time":"2021-03-15T21:17:02+00:00","og_image":[{"width":1024,"height":665,"url":"https:\/\/lacolmena.link\/letrassobrecubierta\/wp-content\/uploads\/sites\/5\/2021\/03\/estetica.jpg","type":"image\/jpeg"}],"author":"Victoria Galindo","twitter_card":"summary_large_image","twitter_misc":{"Escrito por":"Victoria Galindo","Tiempo de lectura":"2 minutos"},"schema":{"@context":"https:\/\/schema.org","@graph":[{"@type":"Article","@id":"https:\/\/lacolmena.link\/letrassobrecubierta\/2021\/03\/15\/diario-de-una-ansiolitica-nuevas-modas\/#article","isPartOf":{"@id":"https:\/\/lacolmena.link\/letrassobrecubierta\/2021\/03\/15\/diario-de-una-ansiolitica-nuevas-modas\/"},"author":{"name":"Victoria Galindo","@id":"https:\/\/lacolmena.link\/letrassobrecubierta\/#\/schema\/person\/4ed400a5133f48fc75c6429a6e3fb4c8"},"headline":"Diario de una Ansiolitica &#8211; Nuevas modas","datePublished":"2021-03-15T19:01:03+00:00","dateModified":"2021-03-15T21:17:02+00:00","mainEntityOfPage":{"@id":"https:\/\/lacolmena.link\/letrassobrecubierta\/2021\/03\/15\/diario-de-una-ansiolitica-nuevas-modas\/"},"wordCount":412,"commentCount":0,"image":{"@id":"https:\/\/lacolmena.link\/letrassobrecubierta\/2021\/03\/15\/diario-de-una-ansiolitica-nuevas-modas\/#primaryimage"},"thumbnailUrl":"https:\/\/lacolmena.link\/letrassobrecubierta\/wp-content\/uploads\/sites\/5\/2021\/03\/estetica.jpg","articleSection":["Diario de una Ansiolitica"],"inLanguage":"es","potentialAction":[{"@type":"CommentAction","name":"Comment","target":["https:\/\/lacolmena.link\/letrassobrecubierta\/2021\/03\/15\/diario-de-una-ansiolitica-nuevas-modas\/#respond"]}]},{"@type":"WebPage","@id":"https:\/\/lacolmena.link\/letrassobrecubierta\/2021\/03\/15\/diario-de-una-ansiolitica-nuevas-modas\/","url":"https:\/\/lacolmena.link\/letrassobrecubierta\/2021\/03\/15\/diario-de-una-ansiolitica-nuevas-modas\/","name":"Diario de una Ansiolitica - Nuevas modas - LetrasSobrecubierta","isPartOf":{"@id":"https:\/\/lacolmena.link\/letrassobrecubierta\/#website"},"primaryImageOfPage":{"@id":"https:\/\/lacolmena.link\/letrassobrecubierta\/2021\/03\/15\/diario-de-una-ansiolitica-nuevas-modas\/#primaryimage"},"image":{"@id":"https:\/\/lacolmena.link\/letrassobrecubierta\/2021\/03\/15\/diario-de-una-ansiolitica-nuevas-modas\/#primaryimage"},"thumbnailUrl":"https:\/\/lacolmena.link\/letrassobrecubierta\/wp-content\/uploads\/sites\/5\/2021\/03\/estetica.jpg","datePublished":"2021-03-15T19:01:03+00:00","dateModified":"2021-03-15T21:17:02+00:00","author":{"@id":"https:\/\/lacolmena.link\/letrassobrecubierta\/#\/schema\/person\/4ed400a5133f48fc75c6429a6e3fb4c8"},"breadcrumb":{"@id":"https:\/\/lacolmena.link\/letrassobrecubierta\/2021\/03\/15\/diario-de-una-ansiolitica-nuevas-modas\/#breadcrumb"},"inLanguage":"es","potentialAction":[{"@type":"ReadAction","target":["https:\/\/lacolmena.link\/letrassobrecubierta\/2021\/03\/15\/diario-de-una-ansiolitica-nuevas-modas\/"]}]},{"@type":"ImageObject","inLanguage":"es","@id":"https:\/\/lacolmena.link\/letrassobrecubierta\/2021\/03\/15\/diario-de-una-ansiolitica-nuevas-modas\/#primaryimage","url":"https:\/\/lacolmena.link\/letrassobrecubierta\/wp-content\/uploads\/sites\/5\/2021\/03\/estetica.jpg","contentUrl":"https:\/\/lacolmena.link\/letrassobrecubierta\/wp-content\/uploads\/sites\/5\/2021\/03\/estetica.jpg","width":1024,"height":665},{"@type":"BreadcrumbList","@id":"https:\/\/lacolmena.link\/letrassobrecubierta\/2021\/03\/15\/diario-de-una-ansiolitica-nuevas-modas\/#breadcrumb","itemListElement":[{"@type":"ListItem","position":1,"name":"Portada","item":"https:\/\/lacolmena.link\/letrassobrecubierta\/"},{"@type":"ListItem","position":2,"name":"Diario de una Ansiolitica &#8211; Nuevas modas"}]},{"@type":"WebSite","@id":"https:\/\/lacolmena.link\/letrassobrecubierta\/#website","url":"https:\/\/lacolmena.link\/letrassobrecubierta\/","name":"LetrasSobrecubierta","description":"Blog de prosa l\u00edrica, cuentos, microrrelatos, historias cortas y m\u00e1s...","potentialAction":[{"@type":"SearchAction","target":{"@type":"EntryPoint","urlTemplate":"https:\/\/lacolmena.link\/letrassobrecubierta\/?s={search_term_string}"},"query-input":{"@type":"PropertyValueSpecification","valueRequired":true,"valueName":"search_term_string"}}],"inLanguage":"es"},{"@type":"Person","@id":"https:\/\/lacolmena.link\/letrassobrecubierta\/#\/schema\/person\/4ed400a5133f48fc75c6429a6e3fb4c8","name":"Victoria Galindo","image":{"@type":"ImageObject","inLanguage":"es","@id":"https:\/\/secure.gravatar.com\/avatar\/0e0d579cbf7483c21b21f93bb5e9924e406a7fefb9703667510e4eb8b2c96a5b?s=96&d=mm&r=g","url":"https:\/\/secure.gravatar.com\/avatar\/0e0d579cbf7483c21b21f93bb5e9924e406a7fefb9703667510e4eb8b2c96a5b?s=96&d=mm&r=g","contentUrl":"https:\/\/secure.gravatar.com\/avatar\/0e0d579cbf7483c21b21f93bb5e9924e406a7fefb9703667510e4eb8b2c96a5b?s=96&d=mm&r=g","caption":"Victoria Galindo"},"url":"https:\/\/lacolmena.link\/letrassobrecubierta\/author\/vicky\/"}]}},"_links":{"self":[{"href":"https:\/\/lacolmena.link\/letrassobrecubierta\/wp-json\/wp\/v2\/posts\/218","targetHints":{"allow":["GET"]}}],"collection":[{"href":"https:\/\/lacolmena.link\/letrassobrecubierta\/wp-json\/wp\/v2\/posts"}],"about":[{"href":"https:\/\/lacolmena.link\/letrassobrecubierta\/wp-json\/wp\/v2\/types\/post"}],"author":[{"embeddable":true,"href":"https:\/\/lacolmena.link\/letrassobrecubierta\/wp-json\/wp\/v2\/users\/11"}],"replies":[{"embeddable":true,"href":"https:\/\/lacolmena.link\/letrassobrecubierta\/wp-json\/wp\/v2\/comments?post=218"}],"version-history":[{"count":2,"href":"https:\/\/lacolmena.link\/letrassobrecubierta\/wp-json\/wp\/v2\/posts\/218\/revisions"}],"predecessor-version":[{"id":224,"href":"https:\/\/lacolmena.link\/letrassobrecubierta\/wp-json\/wp\/v2\/posts\/218\/revisions\/224"}],"wp:attachment":[{"href":"https:\/\/lacolmena.link\/letrassobrecubierta\/wp-json\/wp\/v2\/media?parent=218"}],"wp:term":[{"taxonomy":"category","embeddable":true,"href":"https:\/\/lacolmena.link\/letrassobrecubierta\/wp-json\/wp\/v2\/categories?post=218"},{"taxonomy":"post_tag","embeddable":true,"href":"https:\/\/lacolmena.link\/letrassobrecubierta\/wp-json\/wp\/v2\/tags?post=218"}],"curies":[{"name":"wp","href":"https:\/\/api.w.org\/{rel}","templated":true}]}}