{"id":292,"date":"2021-04-23T13:17:24","date_gmt":"2021-04-23T18:17:24","guid":{"rendered":"https:\/\/lacolmena.link\/letrassobrecubierta\/?p=292"},"modified":"2021-04-23T13:17:24","modified_gmt":"2021-04-23T18:17:24","slug":"diario-de-una-ansiolitica-y-mi-cordura","status":"publish","type":"post","link":"https:\/\/lacolmena.link\/letrassobrecubierta\/2021\/04\/23\/diario-de-una-ansiolitica-y-mi-cordura\/","title":{"rendered":"Diario de una Ansiolitica &#8211; \u00bfY mi cordura?"},"content":{"rendered":"<p style=\"text-align: justify\">Sabr\u00e1n que esto de las tecnolog\u00edas aun no se me da y estoy segura que nunca se me dar\u00e1n. Me he preguntado tantas veces del porque tengo que depender de una computadora o celular, y asusta ver a tanto chiquillo perdidos en ellos, de verdad he visto tantos accidentes que me asusta pensar que me puedo volver en uno m\u00e1s de ellos y me imagino que me saldr\u00e1n antenas y me comportare como un robot loco y raro pero robotizado.<\/p>\n<p style=\"text-align: justify\">Bueno es incre\u00edble que actualmente mi trabajo dependa de un servidor (que cr\u00e9anme a la fecha aun no se que signifique eso), antes es verdad si perd\u00eda mi libreta de notaciones no solo perd\u00eda mis escritos si no que con ella se iba toda mi cordura (aclaro aun me queda algo) y aunque mi chico tecnol\u00f3gico me explica de tantos t\u00e9rminos, que mi cabeza ha terminado con unos dolores de cabeza, peores a los que me invento en la cama.<\/p>\n<p style=\"text-align: justify\">Soy sincera yo soy de esas mujeres que con un cuaderno, pluma y a veces con una maquina de escribir, siento que es todo lo que necesito para que mi trabajo est\u00e9 como me guste, pero muchos me ven como bicho raro, y debo aceptarlo a veces las computadoras tienen su lado bueno y c\u00f3modo.<\/p>\n<p style=\"text-align: justify\">Lo que si no debe nuca faltar es el espacio, y m\u00e1s ahora que con la pandemia a mi esposo lo tengo rondando mi espacio las 24 horas y tambi\u00e9n a nuestro perro, ah y s\u00famenle a mi hija tomando clases aqu\u00ed, pues mi espacio para concentrarme mas bien parece un campo de batalla.<\/p>\n<p style=\"text-align: justify\">Pero como buena guerrera, siempre termino ganando la disputa y me quedo con el espacio la mayor parte del tiempo (esta bien, lo gano porque lloro, pataleo, hago berrinche y mi marido e hija prefieren darse por vencidos para que me calle).<\/p>\n<p style=\"text-align: justify\">Mi rutina es tan preciada y tan religiosamente estricta que si me la mueven por algo, mi d\u00eda se vuelve un caos as\u00ed que como todos los d\u00edas me sent\u00e9 con mi taza de caf\u00e9 la puse a un lado mi laptop (a veces le pongo piquete al caf\u00e9)\u00a0 hice mis ejercicios de concentraci\u00f3n (es gritar lo primero que me venga a la cabeza, super relajante) lista para escribir, prend\u00ed mi computadora, entre a mi blog para subir algunos escritos y&#8230; creo que mi grito se escucho hasta China, no estaba la maldita pagina, y juro que est\u00e1 vez no toque nada.<\/p>\n<p style=\"text-align: justify\">Como ya comenzaba a hiperventilar y por mas que picaba aqu\u00ed y all\u00e1 la dichosa p\u00e1gina no aparec\u00eda, no tuve mas opci\u00f3n que marcarle, intente conservar la calma, pero est\u00e1 ves mi ejercicio relajante no hizo efecto en mi, y le dije cuanta palabra\u00a0 salio de mi floreada boca.<\/p>\n<p style=\"text-align: justify\">El pobre por m\u00e1s que explicaba y dec\u00eda, yo no pod\u00eda entenderlo y me enfurec\u00eda y me estresaba m\u00e1s, hasta que lo escuche decir: <em>Tu pagina est\u00e1 muerta&#8230;<\/em><\/p>\n<p style=\"text-align: justify\">Colgu\u00e9 sin pensarlo y me eche a llorar como Magdalena, mi p\u00e1gina estaba muerta, mi trabajo, mi vida, ah\u00ed estaba todo&#8230; Sude, llore, grite, hasta que por fin recobre y entre en mis cabales, vi que mi esposo entro a la habitaci\u00f3n tan despacio y con la mirada de !ohh por Dios!, s\u00ed digo algo malo morir\u00e9 lentamente o me aventara por esa ventana.<\/p>\n<p style=\"text-align: justify\">Me comento que Luis (as\u00ed se llama el chico tecnol\u00f3gico) hab\u00eda manejado a la casa y estaba aqu\u00ed, que era importante verme, para no hacer largo el cuento, mi p\u00e1gina sigue viva, solo era un termino inform\u00e1tico, la restableci\u00f3 y todo y todos estuvimos en paz.<\/p>\n<p style=\"text-align: justify\">La verdad es que si lo rega\u00f1e un poco al pobre. Por que me dice t\u00e9rminos que en mi vocabulario significan otra cosa. En fin, pude subir mis escritos, mis avances y todo segu\u00eda ah\u00ed; as\u00ed mismo me explico que todo tiene resguardo y no se que m\u00e1s, porque con la felicidad que sent\u00eda no le preste atenci\u00f3n.<\/p>\n<p style=\"text-align: justify\">As\u00ed que algo aprendido el d\u00eda de hoy, no tomarme tan literal lo que me diga \u00e9l y mejor preguntar o investigar antes de que en realidad yo termine estirando la pata.<\/p>\n<p style=\"text-align: justify\">Nota: mis vecinos llamaron a la polic\u00eda porque creyeron que mi hab\u00eda pasado algo malo. Hubiesen visto mi cara y la explicaci\u00f3n que le di a los oficiales&#8230;<\/p>\n<p><img loading=\"lazy\" decoding=\"async\" class=\"aligncenter wp-image-294 size-full\" src=\"https:\/\/lacolmena.link\/letrassobrecubierta\/wp-content\/uploads\/sites\/5\/2021\/04\/locura.jpg\" alt=\"\" width=\"626\" height=\"417\" srcset=\"https:\/\/lacolmena.link\/letrassobrecubierta\/wp-content\/uploads\/sites\/5\/2021\/04\/locura.jpg 626w, https:\/\/lacolmena.link\/letrassobrecubierta\/wp-content\/uploads\/sites\/5\/2021\/04\/locura-300x200.jpg 300w\" sizes=\"auto, (max-width: 626px) 100vw, 626px\" \/><\/p>\n<p>&nbsp;<\/p>\n<p>&nbsp;<\/p>\n","protected":false},"excerpt":{"rendered":"<p>Sabr\u00e1n que esto de las tecnolog\u00edas aun no se me da y estoy segura que nunca se me dar\u00e1n. Me he preguntado tantas veces del porque tengo que depender de una computadora o celular, y asusta ver a tanto chiquillo perdidos en ellos, de verdad he visto tantos accidentes que me asusta pensar que me [&hellip;]<\/p>\n","protected":false},"author":11,"featured_media":0,"comment_status":"open","ping_status":"open","sticky":false,"template":"","format":"standard","meta":{"footnotes":""},"categories":[4],"tags":[],"class_list":["post-292","post","type-post","status-publish","format-standard","hentry","category-diario-ansiolitica"],"yoast_head":"<!-- This site is optimized with the Yoast SEO plugin v27.5 - https:\/\/yoast.com\/product\/yoast-seo-wordpress\/ -->\n<title>Diario de una Ansiolitica - \u00bfY mi cordura? - LetrasSobrecubierta<\/title>\n<meta name=\"robots\" content=\"index, follow, max-snippet:-1, max-image-preview:large, max-video-preview:-1\" \/>\n<link rel=\"canonical\" href=\"https:\/\/lacolmena.link\/letrassobrecubierta\/2021\/04\/23\/diario-de-una-ansiolitica-y-mi-cordura\/\" \/>\n<meta property=\"og:locale\" content=\"es_ES\" \/>\n<meta property=\"og:type\" content=\"article\" \/>\n<meta property=\"og:title\" content=\"Diario de una Ansiolitica - \u00bfY mi cordura? - LetrasSobrecubierta\" \/>\n<meta property=\"og:description\" content=\"Sabr\u00e1n que esto de las tecnolog\u00edas aun no se me da y estoy segura que nunca se me dar\u00e1n. Me he preguntado tantas veces del porque tengo que depender de una computadora o celular, y asusta ver a tanto chiquillo perdidos en ellos, de verdad he visto tantos accidentes que me asusta pensar que me [&hellip;]\" \/>\n<meta property=\"og:url\" content=\"https:\/\/lacolmena.link\/letrassobrecubierta\/2021\/04\/23\/diario-de-una-ansiolitica-y-mi-cordura\/\" \/>\n<meta property=\"og:site_name\" content=\"LetrasSobrecubierta\" \/>\n<meta property=\"article:published_time\" content=\"2021-04-23T18:17:24+00:00\" \/>\n<meta property=\"og:image\" content=\"https:\/\/lacolmena.link\/letrassobrecubierta\/wp-content\/uploads\/sites\/5\/2021\/04\/locura.jpg\" \/>\n\t<meta property=\"og:image:width\" content=\"626\" \/>\n\t<meta property=\"og:image:height\" content=\"417\" \/>\n\t<meta property=\"og:image:type\" content=\"image\/jpeg\" \/>\n<meta name=\"author\" content=\"Victoria Galindo\" \/>\n<meta name=\"twitter:card\" content=\"summary_large_image\" \/>\n<meta name=\"twitter:label1\" content=\"Escrito por\" \/>\n\t<meta name=\"twitter:data1\" content=\"Victoria Galindo\" \/>\n\t<meta name=\"twitter:label2\" content=\"Tiempo de lectura\" \/>\n\t<meta name=\"twitter:data2\" content=\"4 minutos\" \/>\n<script type=\"application\/ld+json\" class=\"yoast-schema-graph\">{\"@context\":\"https:\\\/\\\/schema.org\",\"@graph\":[{\"@type\":\"Article\",\"@id\":\"https:\\\/\\\/lacolmena.link\\\/letrassobrecubierta\\\/2021\\\/04\\\/23\\\/diario-de-una-ansiolitica-y-mi-cordura\\\/#article\",\"isPartOf\":{\"@id\":\"https:\\\/\\\/lacolmena.link\\\/letrassobrecubierta\\\/2021\\\/04\\\/23\\\/diario-de-una-ansiolitica-y-mi-cordura\\\/\"},\"author\":{\"name\":\"Victoria Galindo\",\"@id\":\"https:\\\/\\\/lacolmena.link\\\/letrassobrecubierta\\\/#\\\/schema\\\/person\\\/4ed400a5133f48fc75c6429a6e3fb4c8\"},\"headline\":\"Diario de una Ansiolitica &#8211; \u00bfY mi cordura?\",\"datePublished\":\"2021-04-23T18:17:24+00:00\",\"mainEntityOfPage\":{\"@id\":\"https:\\\/\\\/lacolmena.link\\\/letrassobrecubierta\\\/2021\\\/04\\\/23\\\/diario-de-una-ansiolitica-y-mi-cordura\\\/\"},\"wordCount\":769,\"commentCount\":0,\"image\":{\"@id\":\"https:\\\/\\\/lacolmena.link\\\/letrassobrecubierta\\\/2021\\\/04\\\/23\\\/diario-de-una-ansiolitica-y-mi-cordura\\\/#primaryimage\"},\"thumbnailUrl\":\"https:\\\/\\\/lacolmena.link\\\/letrassobrecubierta\\\/wp-content\\\/uploads\\\/sites\\\/5\\\/2021\\\/04\\\/locura.jpg\",\"articleSection\":[\"Diario de una Ansiolitica\"],\"inLanguage\":\"es\",\"potentialAction\":[{\"@type\":\"CommentAction\",\"name\":\"Comment\",\"target\":[\"https:\\\/\\\/lacolmena.link\\\/letrassobrecubierta\\\/2021\\\/04\\\/23\\\/diario-de-una-ansiolitica-y-mi-cordura\\\/#respond\"]}]},{\"@type\":\"WebPage\",\"@id\":\"https:\\\/\\\/lacolmena.link\\\/letrassobrecubierta\\\/2021\\\/04\\\/23\\\/diario-de-una-ansiolitica-y-mi-cordura\\\/\",\"url\":\"https:\\\/\\\/lacolmena.link\\\/letrassobrecubierta\\\/2021\\\/04\\\/23\\\/diario-de-una-ansiolitica-y-mi-cordura\\\/\",\"name\":\"Diario de una Ansiolitica - \u00bfY mi cordura? - LetrasSobrecubierta\",\"isPartOf\":{\"@id\":\"https:\\\/\\\/lacolmena.link\\\/letrassobrecubierta\\\/#website\"},\"primaryImageOfPage\":{\"@id\":\"https:\\\/\\\/lacolmena.link\\\/letrassobrecubierta\\\/2021\\\/04\\\/23\\\/diario-de-una-ansiolitica-y-mi-cordura\\\/#primaryimage\"},\"image\":{\"@id\":\"https:\\\/\\\/lacolmena.link\\\/letrassobrecubierta\\\/2021\\\/04\\\/23\\\/diario-de-una-ansiolitica-y-mi-cordura\\\/#primaryimage\"},\"thumbnailUrl\":\"https:\\\/\\\/lacolmena.link\\\/letrassobrecubierta\\\/wp-content\\\/uploads\\\/sites\\\/5\\\/2021\\\/04\\\/locura.jpg\",\"datePublished\":\"2021-04-23T18:17:24+00:00\",\"author\":{\"@id\":\"https:\\\/\\\/lacolmena.link\\\/letrassobrecubierta\\\/#\\\/schema\\\/person\\\/4ed400a5133f48fc75c6429a6e3fb4c8\"},\"breadcrumb\":{\"@id\":\"https:\\\/\\\/lacolmena.link\\\/letrassobrecubierta\\\/2021\\\/04\\\/23\\\/diario-de-una-ansiolitica-y-mi-cordura\\\/#breadcrumb\"},\"inLanguage\":\"es\",\"potentialAction\":[{\"@type\":\"ReadAction\",\"target\":[\"https:\\\/\\\/lacolmena.link\\\/letrassobrecubierta\\\/2021\\\/04\\\/23\\\/diario-de-una-ansiolitica-y-mi-cordura\\\/\"]}]},{\"@type\":\"ImageObject\",\"inLanguage\":\"es\",\"@id\":\"https:\\\/\\\/lacolmena.link\\\/letrassobrecubierta\\\/2021\\\/04\\\/23\\\/diario-de-una-ansiolitica-y-mi-cordura\\\/#primaryimage\",\"url\":\"https:\\\/\\\/lacolmena.link\\\/letrassobrecubierta\\\/wp-content\\\/uploads\\\/sites\\\/5\\\/2021\\\/04\\\/locura.jpg\",\"contentUrl\":\"https:\\\/\\\/lacolmena.link\\\/letrassobrecubierta\\\/wp-content\\\/uploads\\\/sites\\\/5\\\/2021\\\/04\\\/locura.jpg\",\"width\":626,\"height\":417},{\"@type\":\"BreadcrumbList\",\"@id\":\"https:\\\/\\\/lacolmena.link\\\/letrassobrecubierta\\\/2021\\\/04\\\/23\\\/diario-de-una-ansiolitica-y-mi-cordura\\\/#breadcrumb\",\"itemListElement\":[{\"@type\":\"ListItem\",\"position\":1,\"name\":\"Portada\",\"item\":\"https:\\\/\\\/lacolmena.link\\\/letrassobrecubierta\\\/\"},{\"@type\":\"ListItem\",\"position\":2,\"name\":\"Diario de una Ansiolitica &#8211; \u00bfY mi cordura?\"}]},{\"@type\":\"WebSite\",\"@id\":\"https:\\\/\\\/lacolmena.link\\\/letrassobrecubierta\\\/#website\",\"url\":\"https:\\\/\\\/lacolmena.link\\\/letrassobrecubierta\\\/\",\"name\":\"LetrasSobrecubierta\",\"description\":\"Blog de prosa l\u00edrica, cuentos, microrrelatos, historias cortas y m\u00e1s...\",\"potentialAction\":[{\"@type\":\"SearchAction\",\"target\":{\"@type\":\"EntryPoint\",\"urlTemplate\":\"https:\\\/\\\/lacolmena.link\\\/letrassobrecubierta\\\/?s={search_term_string}\"},\"query-input\":{\"@type\":\"PropertyValueSpecification\",\"valueRequired\":true,\"valueName\":\"search_term_string\"}}],\"inLanguage\":\"es\"},{\"@type\":\"Person\",\"@id\":\"https:\\\/\\\/lacolmena.link\\\/letrassobrecubierta\\\/#\\\/schema\\\/person\\\/4ed400a5133f48fc75c6429a6e3fb4c8\",\"name\":\"Victoria Galindo\",\"image\":{\"@type\":\"ImageObject\",\"inLanguage\":\"es\",\"@id\":\"https:\\\/\\\/secure.gravatar.com\\\/avatar\\\/0e0d579cbf7483c21b21f93bb5e9924e406a7fefb9703667510e4eb8b2c96a5b?s=96&d=mm&r=g\",\"url\":\"https:\\\/\\\/secure.gravatar.com\\\/avatar\\\/0e0d579cbf7483c21b21f93bb5e9924e406a7fefb9703667510e4eb8b2c96a5b?s=96&d=mm&r=g\",\"contentUrl\":\"https:\\\/\\\/secure.gravatar.com\\\/avatar\\\/0e0d579cbf7483c21b21f93bb5e9924e406a7fefb9703667510e4eb8b2c96a5b?s=96&d=mm&r=g\",\"caption\":\"Victoria Galindo\"},\"url\":\"https:\\\/\\\/lacolmena.link\\\/letrassobrecubierta\\\/author\\\/vicky\\\/\"}]}<\/script>\n<!-- \/ Yoast SEO plugin. -->","yoast_head_json":{"title":"Diario de una Ansiolitica - \u00bfY mi cordura? - LetrasSobrecubierta","robots":{"index":"index","follow":"follow","max-snippet":"max-snippet:-1","max-image-preview":"max-image-preview:large","max-video-preview":"max-video-preview:-1"},"canonical":"https:\/\/lacolmena.link\/letrassobrecubierta\/2021\/04\/23\/diario-de-una-ansiolitica-y-mi-cordura\/","og_locale":"es_ES","og_type":"article","og_title":"Diario de una Ansiolitica - \u00bfY mi cordura? - LetrasSobrecubierta","og_description":"Sabr\u00e1n que esto de las tecnolog\u00edas aun no se me da y estoy segura que nunca se me dar\u00e1n. Me he preguntado tantas veces del porque tengo que depender de una computadora o celular, y asusta ver a tanto chiquillo perdidos en ellos, de verdad he visto tantos accidentes que me asusta pensar que me [&hellip;]","og_url":"https:\/\/lacolmena.link\/letrassobrecubierta\/2021\/04\/23\/diario-de-una-ansiolitica-y-mi-cordura\/","og_site_name":"LetrasSobrecubierta","article_published_time":"2021-04-23T18:17:24+00:00","og_image":[{"width":626,"height":417,"url":"https:\/\/lacolmena.link\/letrassobrecubierta\/wp-content\/uploads\/sites\/5\/2021\/04\/locura.jpg","type":"image\/jpeg"}],"author":"Victoria Galindo","twitter_card":"summary_large_image","twitter_misc":{"Escrito por":"Victoria Galindo","Tiempo de lectura":"4 minutos"},"schema":{"@context":"https:\/\/schema.org","@graph":[{"@type":"Article","@id":"https:\/\/lacolmena.link\/letrassobrecubierta\/2021\/04\/23\/diario-de-una-ansiolitica-y-mi-cordura\/#article","isPartOf":{"@id":"https:\/\/lacolmena.link\/letrassobrecubierta\/2021\/04\/23\/diario-de-una-ansiolitica-y-mi-cordura\/"},"author":{"name":"Victoria Galindo","@id":"https:\/\/lacolmena.link\/letrassobrecubierta\/#\/schema\/person\/4ed400a5133f48fc75c6429a6e3fb4c8"},"headline":"Diario de una Ansiolitica &#8211; \u00bfY mi cordura?","datePublished":"2021-04-23T18:17:24+00:00","mainEntityOfPage":{"@id":"https:\/\/lacolmena.link\/letrassobrecubierta\/2021\/04\/23\/diario-de-una-ansiolitica-y-mi-cordura\/"},"wordCount":769,"commentCount":0,"image":{"@id":"https:\/\/lacolmena.link\/letrassobrecubierta\/2021\/04\/23\/diario-de-una-ansiolitica-y-mi-cordura\/#primaryimage"},"thumbnailUrl":"https:\/\/lacolmena.link\/letrassobrecubierta\/wp-content\/uploads\/sites\/5\/2021\/04\/locura.jpg","articleSection":["Diario de una Ansiolitica"],"inLanguage":"es","potentialAction":[{"@type":"CommentAction","name":"Comment","target":["https:\/\/lacolmena.link\/letrassobrecubierta\/2021\/04\/23\/diario-de-una-ansiolitica-y-mi-cordura\/#respond"]}]},{"@type":"WebPage","@id":"https:\/\/lacolmena.link\/letrassobrecubierta\/2021\/04\/23\/diario-de-una-ansiolitica-y-mi-cordura\/","url":"https:\/\/lacolmena.link\/letrassobrecubierta\/2021\/04\/23\/diario-de-una-ansiolitica-y-mi-cordura\/","name":"Diario de una Ansiolitica - \u00bfY mi cordura? - LetrasSobrecubierta","isPartOf":{"@id":"https:\/\/lacolmena.link\/letrassobrecubierta\/#website"},"primaryImageOfPage":{"@id":"https:\/\/lacolmena.link\/letrassobrecubierta\/2021\/04\/23\/diario-de-una-ansiolitica-y-mi-cordura\/#primaryimage"},"image":{"@id":"https:\/\/lacolmena.link\/letrassobrecubierta\/2021\/04\/23\/diario-de-una-ansiolitica-y-mi-cordura\/#primaryimage"},"thumbnailUrl":"https:\/\/lacolmena.link\/letrassobrecubierta\/wp-content\/uploads\/sites\/5\/2021\/04\/locura.jpg","datePublished":"2021-04-23T18:17:24+00:00","author":{"@id":"https:\/\/lacolmena.link\/letrassobrecubierta\/#\/schema\/person\/4ed400a5133f48fc75c6429a6e3fb4c8"},"breadcrumb":{"@id":"https:\/\/lacolmena.link\/letrassobrecubierta\/2021\/04\/23\/diario-de-una-ansiolitica-y-mi-cordura\/#breadcrumb"},"inLanguage":"es","potentialAction":[{"@type":"ReadAction","target":["https:\/\/lacolmena.link\/letrassobrecubierta\/2021\/04\/23\/diario-de-una-ansiolitica-y-mi-cordura\/"]}]},{"@type":"ImageObject","inLanguage":"es","@id":"https:\/\/lacolmena.link\/letrassobrecubierta\/2021\/04\/23\/diario-de-una-ansiolitica-y-mi-cordura\/#primaryimage","url":"https:\/\/lacolmena.link\/letrassobrecubierta\/wp-content\/uploads\/sites\/5\/2021\/04\/locura.jpg","contentUrl":"https:\/\/lacolmena.link\/letrassobrecubierta\/wp-content\/uploads\/sites\/5\/2021\/04\/locura.jpg","width":626,"height":417},{"@type":"BreadcrumbList","@id":"https:\/\/lacolmena.link\/letrassobrecubierta\/2021\/04\/23\/diario-de-una-ansiolitica-y-mi-cordura\/#breadcrumb","itemListElement":[{"@type":"ListItem","position":1,"name":"Portada","item":"https:\/\/lacolmena.link\/letrassobrecubierta\/"},{"@type":"ListItem","position":2,"name":"Diario de una Ansiolitica &#8211; \u00bfY mi cordura?"}]},{"@type":"WebSite","@id":"https:\/\/lacolmena.link\/letrassobrecubierta\/#website","url":"https:\/\/lacolmena.link\/letrassobrecubierta\/","name":"LetrasSobrecubierta","description":"Blog de prosa l\u00edrica, cuentos, microrrelatos, historias cortas y m\u00e1s...","potentialAction":[{"@type":"SearchAction","target":{"@type":"EntryPoint","urlTemplate":"https:\/\/lacolmena.link\/letrassobrecubierta\/?s={search_term_string}"},"query-input":{"@type":"PropertyValueSpecification","valueRequired":true,"valueName":"search_term_string"}}],"inLanguage":"es"},{"@type":"Person","@id":"https:\/\/lacolmena.link\/letrassobrecubierta\/#\/schema\/person\/4ed400a5133f48fc75c6429a6e3fb4c8","name":"Victoria Galindo","image":{"@type":"ImageObject","inLanguage":"es","@id":"https:\/\/secure.gravatar.com\/avatar\/0e0d579cbf7483c21b21f93bb5e9924e406a7fefb9703667510e4eb8b2c96a5b?s=96&d=mm&r=g","url":"https:\/\/secure.gravatar.com\/avatar\/0e0d579cbf7483c21b21f93bb5e9924e406a7fefb9703667510e4eb8b2c96a5b?s=96&d=mm&r=g","contentUrl":"https:\/\/secure.gravatar.com\/avatar\/0e0d579cbf7483c21b21f93bb5e9924e406a7fefb9703667510e4eb8b2c96a5b?s=96&d=mm&r=g","caption":"Victoria Galindo"},"url":"https:\/\/lacolmena.link\/letrassobrecubierta\/author\/vicky\/"}]}},"_links":{"self":[{"href":"https:\/\/lacolmena.link\/letrassobrecubierta\/wp-json\/wp\/v2\/posts\/292","targetHints":{"allow":["GET"]}}],"collection":[{"href":"https:\/\/lacolmena.link\/letrassobrecubierta\/wp-json\/wp\/v2\/posts"}],"about":[{"href":"https:\/\/lacolmena.link\/letrassobrecubierta\/wp-json\/wp\/v2\/types\/post"}],"author":[{"embeddable":true,"href":"https:\/\/lacolmena.link\/letrassobrecubierta\/wp-json\/wp\/v2\/users\/11"}],"replies":[{"embeddable":true,"href":"https:\/\/lacolmena.link\/letrassobrecubierta\/wp-json\/wp\/v2\/comments?post=292"}],"version-history":[{"count":2,"href":"https:\/\/lacolmena.link\/letrassobrecubierta\/wp-json\/wp\/v2\/posts\/292\/revisions"}],"predecessor-version":[{"id":295,"href":"https:\/\/lacolmena.link\/letrassobrecubierta\/wp-json\/wp\/v2\/posts\/292\/revisions\/295"}],"wp:attachment":[{"href":"https:\/\/lacolmena.link\/letrassobrecubierta\/wp-json\/wp\/v2\/media?parent=292"}],"wp:term":[{"taxonomy":"category","embeddable":true,"href":"https:\/\/lacolmena.link\/letrassobrecubierta\/wp-json\/wp\/v2\/categories?post=292"},{"taxonomy":"post_tag","embeddable":true,"href":"https:\/\/lacolmena.link\/letrassobrecubierta\/wp-json\/wp\/v2\/tags?post=292"}],"curies":[{"name":"wp","href":"https:\/\/api.w.org\/{rel}","templated":true}]}}