{"id":301,"date":"2021-04-23T15:38:25","date_gmt":"2021-04-23T20:38:25","guid":{"rendered":"https:\/\/lacolmena.link\/letrassobrecubierta\/?p=301"},"modified":"2021-04-23T15:38:25","modified_gmt":"2021-04-23T20:38:25","slug":"un-libro-especial","status":"publish","type":"post","link":"https:\/\/lacolmena.link\/letrassobrecubierta\/2021\/04\/23\/un-libro-especial\/","title":{"rendered":"Un libro especial"},"content":{"rendered":"<p style=\"text-align: justify\">He estado pensando en dejar mi actual puesto, no es que no me guste, lo amo, pero los libros me han afectado tanto, que ya no se que es realidad y que es ficci\u00f3n.<\/p>\n<p style=\"text-align: justify\">Desde muy peque\u00f1o he trabajado para mi familia, tienen librer\u00edas y bibliotecas por todo el estado, realmente son famosos. Mi trabajo favorito es en la biblioteca, es tan silencioso y personal, que he podido hacer y deshacer ah\u00ed.<\/p>\n<p style=\"text-align: justify\">Mis libros favoritos son lo de terror, despu\u00e9s los de fantas\u00eda, despues los de misterio, mis gustos culposos son lo de temas historicos aburridos pero interesantes, pero los que no puedo ver son los cursis, esos que pintan todo de color rosa y los cuales terminan siempre en y vivieron felices para siempre.<\/p>\n<p style=\"text-align: justify\">A mi me gusta las historias que te muevan, que hagan que tu cabeza imagine mundos imaginarios, personajes surrealistas, villanos atemorizantes y h\u00e9roes de todos los tama\u00f1os y sabores, me gustan que tengan frases que te marquen y que los finales dejen sin habla.<\/p>\n<p style=\"text-align: justify\">Hoy le comente a mi t\u00edo de mi decisi\u00f3n, que est\u00e1 ser\u00e1 la ultima semana que trabajare para ellos, que necesito ver el mundo en persona y no a trav\u00e9s de un libro, y aunque no lo tomo tan bien, al final cedi\u00f3 con una condici\u00f3n, que leyera por ultima vez un libro, uno que seg\u00fan el nunca he le\u00eddo.<\/p>\n<p style=\"text-align: justify\">As\u00ed que acepte el reto y aqu\u00ed estoy en la biblioteca que se encuentra frente al tren, un lugar realmente pacifico; estoy sentado entre los libros de Harry Potter y entre los de 50 sombras de Grey. Decid\u00ed leer el libro una noche antes de partir.<\/p>\n<p style=\"text-align: justify\">Parece ser un libro interesante; soy de esas personas que siente a los libros, que los escucha que los piensa, tienen tanto que decirnos que es interesante observarlos primero y darles su tiempo a que se acostumbren tus manos, a tu olor, a ti.<\/p>\n<p style=\"text-align: justify\">Un lomo bien hecho, encuadernaci\u00f3n perfecta, un libro muy viejo y con una vibra interesante, fuerte y extra\u00f1a a la vez. No ten\u00eda nombre en el lomo, es un libro que compendie de 999 paginas y la ultima est\u00e1 en blanco, es un dato un poco raro. Buen tama\u00f1o de letra, olor delicioso, suave al tacto.<\/p>\n<p style=\"text-align: justify\">Comenc\u00e9 a leerlo, normalmente un libro as\u00ed de ese grosor me lleva no m\u00e1s de 2 d\u00edas, as\u00ed que me propuse en terminarlo antes, ya que tenia la maleta hecha y boleto para agarrar el tren a primera hora y mi primera parada esta para Barcelona.<\/p>\n<p style=\"text-align: justify\">Son las 3 de la ma\u00f1ana, no he dormido anda casi ni com\u00ed, pero el libro es bastante interesante, tanto que no he podido parar de leerlo.<\/p>\n<p style=\"text-align: justify\">He llegado a la ultima p\u00e1gina y no se si mi vista est\u00e1 fallando, pero pienso que es el cansancio; son las 6 de la ma\u00f1ana y no pegue ojo, pero lo curioso es que dice mi nombre en esa hoja, pero recuerdo que al inicio esa hoja estaba vac\u00eda.<\/p>\n<p style=\"text-align: justify\">Le marque a mi t\u00edo, le dije que era un buen libro, que lo disfrute pero que ya lo hab\u00eda terminado y que en pocas horas sal\u00eda mi tren rumbo a Barcelona, no dijo nada y solo se despidi\u00f3.<\/p>\n<p style=\"text-align: justify\">Aborde el tren con el coraz\u00f3n en la mano, iba a ver el mundo de otra manera; a pesar de la emoci\u00f3n, no pod\u00eda dejar de pensar en el libro de mi t\u00edo. Recuerdo haber dejado el libro en la biblioteca, no recuerdo donde exactamente pero mi sorpresa fue cunado iba a sacar mi c\u00e1mara ah\u00ed estaba el libro.<\/p>\n<p style=\"text-align: justify\">Es probable que de la emoci\u00f3n, lo empaque con mis cosas, comenc\u00e9 a hojearlo y algo extra\u00f1o vi: ahora el libro llevaba como nombre en la portado mi nombre y un subtitulo que dec\u00eda atrapado en el mundo, me quede sin habla.<\/p>\n<p style=\"text-align: justify\">De repente sent\u00ed unas manos, una nariz que me respiraba, alguien que me hablaba suave, sent\u00ed su aliento y en voz muy tenue escuche que dijo <em>gracias por dejarme leerte<\/em>, eres un buen libro y se que me sorprender\u00e1s, no se quien te habr\u00e1 dejado tirado de esa manera en la biblioteca pero yo te he rescatado; era una mujer no mayor a mi; y as\u00ed fue como comenz\u00f3 mi gran aventura por el mundo.<\/p>\n<p><img loading=\"lazy\" decoding=\"async\" class=\"aligncenter wp-image-302\" src=\"https:\/\/lacolmena.link\/letrassobrecubierta\/wp-content\/uploads\/sites\/5\/2021\/04\/libros-300x225.jpg\" alt=\"\" width=\"600\" height=\"450\" srcset=\"https:\/\/lacolmena.link\/letrassobrecubierta\/wp-content\/uploads\/sites\/5\/2021\/04\/libros-300x225.jpg 300w, https:\/\/lacolmena.link\/letrassobrecubierta\/wp-content\/uploads\/sites\/5\/2021\/04\/libros-768x576.jpg 768w, https:\/\/lacolmena.link\/letrassobrecubierta\/wp-content\/uploads\/sites\/5\/2021\/04\/libros.jpg 1000w\" sizes=\"auto, (max-width: 600px) 100vw, 600px\" \/><\/p>\n","protected":false},"excerpt":{"rendered":"<p>He estado pensando en dejar mi actual puesto, no es que no me guste, lo amo, pero los libros me han afectado tanto, que ya no se que es realidad y que es ficci\u00f3n. Desde muy peque\u00f1o he trabajado para mi familia, tienen librer\u00edas y bibliotecas por todo el estado, realmente son famosos. Mi trabajo [&hellip;]<\/p>\n","protected":false},"author":11,"featured_media":0,"comment_status":"open","ping_status":"open","sticky":false,"template":"","format":"standard","meta":{"footnotes":""},"categories":[6],"tags":[],"class_list":["post-301","post","type-post","status-publish","format-standard","hentry","category-finales-inesperados"],"yoast_head":"<!-- This site is optimized with the Yoast SEO plugin v27.5 - https:\/\/yoast.com\/product\/yoast-seo-wordpress\/ -->\n<title>Un libro especial - LetrasSobrecubierta<\/title>\n<meta name=\"robots\" content=\"index, follow, max-snippet:-1, max-image-preview:large, max-video-preview:-1\" \/>\n<link rel=\"canonical\" href=\"https:\/\/lacolmena.link\/letrassobrecubierta\/2021\/04\/23\/un-libro-especial\/\" \/>\n<meta property=\"og:locale\" content=\"es_ES\" \/>\n<meta property=\"og:type\" content=\"article\" \/>\n<meta property=\"og:title\" content=\"Un libro especial - LetrasSobrecubierta\" \/>\n<meta property=\"og:description\" content=\"He estado pensando en dejar mi actual puesto, no es que no me guste, lo amo, pero los libros me han afectado tanto, que ya no se que es realidad y que es ficci\u00f3n. Desde muy peque\u00f1o he trabajado para mi familia, tienen librer\u00edas y bibliotecas por todo el estado, realmente son famosos. Mi trabajo [&hellip;]\" \/>\n<meta property=\"og:url\" content=\"https:\/\/lacolmena.link\/letrassobrecubierta\/2021\/04\/23\/un-libro-especial\/\" \/>\n<meta property=\"og:site_name\" content=\"LetrasSobrecubierta\" \/>\n<meta property=\"article:published_time\" content=\"2021-04-23T20:38:25+00:00\" \/>\n<meta property=\"og:image\" content=\"https:\/\/lacolmena.link\/letrassobrecubierta\/wp-content\/uploads\/sites\/5\/2021\/04\/libros.jpg\" \/>\n\t<meta property=\"og:image:width\" content=\"1000\" \/>\n\t<meta property=\"og:image:height\" content=\"750\" \/>\n\t<meta property=\"og:image:type\" content=\"image\/jpeg\" \/>\n<meta name=\"author\" content=\"Victoria Galindo\" \/>\n<meta name=\"twitter:card\" content=\"summary_large_image\" \/>\n<meta name=\"twitter:label1\" content=\"Escrito por\" \/>\n\t<meta name=\"twitter:data1\" content=\"Victoria Galindo\" \/>\n\t<meta name=\"twitter:label2\" content=\"Tiempo de lectura\" \/>\n\t<meta name=\"twitter:data2\" content=\"4 minutos\" \/>\n<script type=\"application\/ld+json\" class=\"yoast-schema-graph\">{\"@context\":\"https:\\\/\\\/schema.org\",\"@graph\":[{\"@type\":\"Article\",\"@id\":\"https:\\\/\\\/lacolmena.link\\\/letrassobrecubierta\\\/2021\\\/04\\\/23\\\/un-libro-especial\\\/#article\",\"isPartOf\":{\"@id\":\"https:\\\/\\\/lacolmena.link\\\/letrassobrecubierta\\\/2021\\\/04\\\/23\\\/un-libro-especial\\\/\"},\"author\":{\"name\":\"Victoria Galindo\",\"@id\":\"https:\\\/\\\/lacolmena.link\\\/letrassobrecubierta\\\/#\\\/schema\\\/person\\\/4ed400a5133f48fc75c6429a6e3fb4c8\"},\"headline\":\"Un libro especial\",\"datePublished\":\"2021-04-23T20:38:25+00:00\",\"mainEntityOfPage\":{\"@id\":\"https:\\\/\\\/lacolmena.link\\\/letrassobrecubierta\\\/2021\\\/04\\\/23\\\/un-libro-especial\\\/\"},\"wordCount\":746,\"commentCount\":0,\"image\":{\"@id\":\"https:\\\/\\\/lacolmena.link\\\/letrassobrecubierta\\\/2021\\\/04\\\/23\\\/un-libro-especial\\\/#primaryimage\"},\"thumbnailUrl\":\"https:\\\/\\\/lacolmena.link\\\/letrassobrecubierta\\\/wp-content\\\/uploads\\\/sites\\\/5\\\/2021\\\/04\\\/libros-300x225.jpg\",\"articleSection\":[\"Finales Inesperados\"],\"inLanguage\":\"es\",\"potentialAction\":[{\"@type\":\"CommentAction\",\"name\":\"Comment\",\"target\":[\"https:\\\/\\\/lacolmena.link\\\/letrassobrecubierta\\\/2021\\\/04\\\/23\\\/un-libro-especial\\\/#respond\"]}]},{\"@type\":\"WebPage\",\"@id\":\"https:\\\/\\\/lacolmena.link\\\/letrassobrecubierta\\\/2021\\\/04\\\/23\\\/un-libro-especial\\\/\",\"url\":\"https:\\\/\\\/lacolmena.link\\\/letrassobrecubierta\\\/2021\\\/04\\\/23\\\/un-libro-especial\\\/\",\"name\":\"Un libro especial - LetrasSobrecubierta\",\"isPartOf\":{\"@id\":\"https:\\\/\\\/lacolmena.link\\\/letrassobrecubierta\\\/#website\"},\"primaryImageOfPage\":{\"@id\":\"https:\\\/\\\/lacolmena.link\\\/letrassobrecubierta\\\/2021\\\/04\\\/23\\\/un-libro-especial\\\/#primaryimage\"},\"image\":{\"@id\":\"https:\\\/\\\/lacolmena.link\\\/letrassobrecubierta\\\/2021\\\/04\\\/23\\\/un-libro-especial\\\/#primaryimage\"},\"thumbnailUrl\":\"https:\\\/\\\/lacolmena.link\\\/letrassobrecubierta\\\/wp-content\\\/uploads\\\/sites\\\/5\\\/2021\\\/04\\\/libros-300x225.jpg\",\"datePublished\":\"2021-04-23T20:38:25+00:00\",\"author\":{\"@id\":\"https:\\\/\\\/lacolmena.link\\\/letrassobrecubierta\\\/#\\\/schema\\\/person\\\/4ed400a5133f48fc75c6429a6e3fb4c8\"},\"breadcrumb\":{\"@id\":\"https:\\\/\\\/lacolmena.link\\\/letrassobrecubierta\\\/2021\\\/04\\\/23\\\/un-libro-especial\\\/#breadcrumb\"},\"inLanguage\":\"es\",\"potentialAction\":[{\"@type\":\"ReadAction\",\"target\":[\"https:\\\/\\\/lacolmena.link\\\/letrassobrecubierta\\\/2021\\\/04\\\/23\\\/un-libro-especial\\\/\"]}]},{\"@type\":\"ImageObject\",\"inLanguage\":\"es\",\"@id\":\"https:\\\/\\\/lacolmena.link\\\/letrassobrecubierta\\\/2021\\\/04\\\/23\\\/un-libro-especial\\\/#primaryimage\",\"url\":\"https:\\\/\\\/lacolmena.link\\\/letrassobrecubierta\\\/wp-content\\\/uploads\\\/sites\\\/5\\\/2021\\\/04\\\/libros.jpg\",\"contentUrl\":\"https:\\\/\\\/lacolmena.link\\\/letrassobrecubierta\\\/wp-content\\\/uploads\\\/sites\\\/5\\\/2021\\\/04\\\/libros.jpg\",\"width\":1000,\"height\":750},{\"@type\":\"BreadcrumbList\",\"@id\":\"https:\\\/\\\/lacolmena.link\\\/letrassobrecubierta\\\/2021\\\/04\\\/23\\\/un-libro-especial\\\/#breadcrumb\",\"itemListElement\":[{\"@type\":\"ListItem\",\"position\":1,\"name\":\"Portada\",\"item\":\"https:\\\/\\\/lacolmena.link\\\/letrassobrecubierta\\\/\"},{\"@type\":\"ListItem\",\"position\":2,\"name\":\"Un libro especial\"}]},{\"@type\":\"WebSite\",\"@id\":\"https:\\\/\\\/lacolmena.link\\\/letrassobrecubierta\\\/#website\",\"url\":\"https:\\\/\\\/lacolmena.link\\\/letrassobrecubierta\\\/\",\"name\":\"LetrasSobrecubierta\",\"description\":\"Blog de prosa l\u00edrica, cuentos, microrrelatos, historias cortas y m\u00e1s...\",\"potentialAction\":[{\"@type\":\"SearchAction\",\"target\":{\"@type\":\"EntryPoint\",\"urlTemplate\":\"https:\\\/\\\/lacolmena.link\\\/letrassobrecubierta\\\/?s={search_term_string}\"},\"query-input\":{\"@type\":\"PropertyValueSpecification\",\"valueRequired\":true,\"valueName\":\"search_term_string\"}}],\"inLanguage\":\"es\"},{\"@type\":\"Person\",\"@id\":\"https:\\\/\\\/lacolmena.link\\\/letrassobrecubierta\\\/#\\\/schema\\\/person\\\/4ed400a5133f48fc75c6429a6e3fb4c8\",\"name\":\"Victoria Galindo\",\"image\":{\"@type\":\"ImageObject\",\"inLanguage\":\"es\",\"@id\":\"https:\\\/\\\/secure.gravatar.com\\\/avatar\\\/0e0d579cbf7483c21b21f93bb5e9924e406a7fefb9703667510e4eb8b2c96a5b?s=96&d=mm&r=g\",\"url\":\"https:\\\/\\\/secure.gravatar.com\\\/avatar\\\/0e0d579cbf7483c21b21f93bb5e9924e406a7fefb9703667510e4eb8b2c96a5b?s=96&d=mm&r=g\",\"contentUrl\":\"https:\\\/\\\/secure.gravatar.com\\\/avatar\\\/0e0d579cbf7483c21b21f93bb5e9924e406a7fefb9703667510e4eb8b2c96a5b?s=96&d=mm&r=g\",\"caption\":\"Victoria Galindo\"},\"url\":\"https:\\\/\\\/lacolmena.link\\\/letrassobrecubierta\\\/author\\\/vicky\\\/\"}]}<\/script>\n<!-- \/ Yoast SEO plugin. -->","yoast_head_json":{"title":"Un libro especial - LetrasSobrecubierta","robots":{"index":"index","follow":"follow","max-snippet":"max-snippet:-1","max-image-preview":"max-image-preview:large","max-video-preview":"max-video-preview:-1"},"canonical":"https:\/\/lacolmena.link\/letrassobrecubierta\/2021\/04\/23\/un-libro-especial\/","og_locale":"es_ES","og_type":"article","og_title":"Un libro especial - LetrasSobrecubierta","og_description":"He estado pensando en dejar mi actual puesto, no es que no me guste, lo amo, pero los libros me han afectado tanto, que ya no se que es realidad y que es ficci\u00f3n. Desde muy peque\u00f1o he trabajado para mi familia, tienen librer\u00edas y bibliotecas por todo el estado, realmente son famosos. Mi trabajo [&hellip;]","og_url":"https:\/\/lacolmena.link\/letrassobrecubierta\/2021\/04\/23\/un-libro-especial\/","og_site_name":"LetrasSobrecubierta","article_published_time":"2021-04-23T20:38:25+00:00","og_image":[{"width":1000,"height":750,"url":"https:\/\/lacolmena.link\/letrassobrecubierta\/wp-content\/uploads\/sites\/5\/2021\/04\/libros.jpg","type":"image\/jpeg"}],"author":"Victoria Galindo","twitter_card":"summary_large_image","twitter_misc":{"Escrito por":"Victoria Galindo","Tiempo de lectura":"4 minutos"},"schema":{"@context":"https:\/\/schema.org","@graph":[{"@type":"Article","@id":"https:\/\/lacolmena.link\/letrassobrecubierta\/2021\/04\/23\/un-libro-especial\/#article","isPartOf":{"@id":"https:\/\/lacolmena.link\/letrassobrecubierta\/2021\/04\/23\/un-libro-especial\/"},"author":{"name":"Victoria Galindo","@id":"https:\/\/lacolmena.link\/letrassobrecubierta\/#\/schema\/person\/4ed400a5133f48fc75c6429a6e3fb4c8"},"headline":"Un libro especial","datePublished":"2021-04-23T20:38:25+00:00","mainEntityOfPage":{"@id":"https:\/\/lacolmena.link\/letrassobrecubierta\/2021\/04\/23\/un-libro-especial\/"},"wordCount":746,"commentCount":0,"image":{"@id":"https:\/\/lacolmena.link\/letrassobrecubierta\/2021\/04\/23\/un-libro-especial\/#primaryimage"},"thumbnailUrl":"https:\/\/lacolmena.link\/letrassobrecubierta\/wp-content\/uploads\/sites\/5\/2021\/04\/libros-300x225.jpg","articleSection":["Finales Inesperados"],"inLanguage":"es","potentialAction":[{"@type":"CommentAction","name":"Comment","target":["https:\/\/lacolmena.link\/letrassobrecubierta\/2021\/04\/23\/un-libro-especial\/#respond"]}]},{"@type":"WebPage","@id":"https:\/\/lacolmena.link\/letrassobrecubierta\/2021\/04\/23\/un-libro-especial\/","url":"https:\/\/lacolmena.link\/letrassobrecubierta\/2021\/04\/23\/un-libro-especial\/","name":"Un libro especial - LetrasSobrecubierta","isPartOf":{"@id":"https:\/\/lacolmena.link\/letrassobrecubierta\/#website"},"primaryImageOfPage":{"@id":"https:\/\/lacolmena.link\/letrassobrecubierta\/2021\/04\/23\/un-libro-especial\/#primaryimage"},"image":{"@id":"https:\/\/lacolmena.link\/letrassobrecubierta\/2021\/04\/23\/un-libro-especial\/#primaryimage"},"thumbnailUrl":"https:\/\/lacolmena.link\/letrassobrecubierta\/wp-content\/uploads\/sites\/5\/2021\/04\/libros-300x225.jpg","datePublished":"2021-04-23T20:38:25+00:00","author":{"@id":"https:\/\/lacolmena.link\/letrassobrecubierta\/#\/schema\/person\/4ed400a5133f48fc75c6429a6e3fb4c8"},"breadcrumb":{"@id":"https:\/\/lacolmena.link\/letrassobrecubierta\/2021\/04\/23\/un-libro-especial\/#breadcrumb"},"inLanguage":"es","potentialAction":[{"@type":"ReadAction","target":["https:\/\/lacolmena.link\/letrassobrecubierta\/2021\/04\/23\/un-libro-especial\/"]}]},{"@type":"ImageObject","inLanguage":"es","@id":"https:\/\/lacolmena.link\/letrassobrecubierta\/2021\/04\/23\/un-libro-especial\/#primaryimage","url":"https:\/\/lacolmena.link\/letrassobrecubierta\/wp-content\/uploads\/sites\/5\/2021\/04\/libros.jpg","contentUrl":"https:\/\/lacolmena.link\/letrassobrecubierta\/wp-content\/uploads\/sites\/5\/2021\/04\/libros.jpg","width":1000,"height":750},{"@type":"BreadcrumbList","@id":"https:\/\/lacolmena.link\/letrassobrecubierta\/2021\/04\/23\/un-libro-especial\/#breadcrumb","itemListElement":[{"@type":"ListItem","position":1,"name":"Portada","item":"https:\/\/lacolmena.link\/letrassobrecubierta\/"},{"@type":"ListItem","position":2,"name":"Un libro especial"}]},{"@type":"WebSite","@id":"https:\/\/lacolmena.link\/letrassobrecubierta\/#website","url":"https:\/\/lacolmena.link\/letrassobrecubierta\/","name":"LetrasSobrecubierta","description":"Blog de prosa l\u00edrica, cuentos, microrrelatos, historias cortas y m\u00e1s...","potentialAction":[{"@type":"SearchAction","target":{"@type":"EntryPoint","urlTemplate":"https:\/\/lacolmena.link\/letrassobrecubierta\/?s={search_term_string}"},"query-input":{"@type":"PropertyValueSpecification","valueRequired":true,"valueName":"search_term_string"}}],"inLanguage":"es"},{"@type":"Person","@id":"https:\/\/lacolmena.link\/letrassobrecubierta\/#\/schema\/person\/4ed400a5133f48fc75c6429a6e3fb4c8","name":"Victoria Galindo","image":{"@type":"ImageObject","inLanguage":"es","@id":"https:\/\/secure.gravatar.com\/avatar\/0e0d579cbf7483c21b21f93bb5e9924e406a7fefb9703667510e4eb8b2c96a5b?s=96&d=mm&r=g","url":"https:\/\/secure.gravatar.com\/avatar\/0e0d579cbf7483c21b21f93bb5e9924e406a7fefb9703667510e4eb8b2c96a5b?s=96&d=mm&r=g","contentUrl":"https:\/\/secure.gravatar.com\/avatar\/0e0d579cbf7483c21b21f93bb5e9924e406a7fefb9703667510e4eb8b2c96a5b?s=96&d=mm&r=g","caption":"Victoria Galindo"},"url":"https:\/\/lacolmena.link\/letrassobrecubierta\/author\/vicky\/"}]}},"_links":{"self":[{"href":"https:\/\/lacolmena.link\/letrassobrecubierta\/wp-json\/wp\/v2\/posts\/301","targetHints":{"allow":["GET"]}}],"collection":[{"href":"https:\/\/lacolmena.link\/letrassobrecubierta\/wp-json\/wp\/v2\/posts"}],"about":[{"href":"https:\/\/lacolmena.link\/letrassobrecubierta\/wp-json\/wp\/v2\/types\/post"}],"author":[{"embeddable":true,"href":"https:\/\/lacolmena.link\/letrassobrecubierta\/wp-json\/wp\/v2\/users\/11"}],"replies":[{"embeddable":true,"href":"https:\/\/lacolmena.link\/letrassobrecubierta\/wp-json\/wp\/v2\/comments?post=301"}],"version-history":[{"count":1,"href":"https:\/\/lacolmena.link\/letrassobrecubierta\/wp-json\/wp\/v2\/posts\/301\/revisions"}],"predecessor-version":[{"id":303,"href":"https:\/\/lacolmena.link\/letrassobrecubierta\/wp-json\/wp\/v2\/posts\/301\/revisions\/303"}],"wp:attachment":[{"href":"https:\/\/lacolmena.link\/letrassobrecubierta\/wp-json\/wp\/v2\/media?parent=301"}],"wp:term":[{"taxonomy":"category","embeddable":true,"href":"https:\/\/lacolmena.link\/letrassobrecubierta\/wp-json\/wp\/v2\/categories?post=301"},{"taxonomy":"post_tag","embeddable":true,"href":"https:\/\/lacolmena.link\/letrassobrecubierta\/wp-json\/wp\/v2\/tags?post=301"}],"curies":[{"name":"wp","href":"https:\/\/api.w.org\/{rel}","templated":true}]}}