{"id":316,"date":"2021-05-06T11:37:41","date_gmt":"2021-05-06T16:37:41","guid":{"rendered":"https:\/\/lacolmena.link\/letrassobrecubierta\/?p=316"},"modified":"2021-05-06T11:42:57","modified_gmt":"2021-05-06T16:42:57","slug":"maldad-en-sus-ojos","status":"publish","type":"post","link":"https:\/\/lacolmena.link\/letrassobrecubierta\/2021\/05\/06\/maldad-en-sus-ojos\/","title":{"rendered":"Maldad en sus ojos"},"content":{"rendered":"<p style=\"text-align: justify\"><span style=\"font-weight: 400\">Era una tarde como cualquiera, Dennis caminaba cerca del lago, hab\u00eda nieve por todos lados, pasaba un invierno muy crudo. Llevaba puestos sus aud\u00edfonos, sus guantes desgastados, unos pantalones caf\u00e9 que no hac\u00edan juego con su playera y su chamarra que en realidad estaba deshaci\u00e9ndose a pedazos, pero era su favorita. Como siempre llevaba un caf\u00e9 a medio tomar. Le gustaba salir a caminar, era su manera de centrarse, de ser libre pero especialmente lo hac\u00eda sentirse el mismo.\u00a0<\/span><\/p>\n<p style=\"text-align: justify\"><span style=\"font-weight: 400\">No pasaban de las dieciocho horas, el viento calaba los huesos, pero Dennis lo disfrutaba, aunque sab\u00eda que no era el \u00fanico.<\/span><\/p>\n<p style=\"text-align: justify\"><span style=\"font-weight: 400\">Estaba harto de las cosas banales, la vida cotidiana le fastidiaba, solo cuando caminaba pod\u00eda liberarse por un instante, regresar a lo que era y deseaba,\u00a0 ah\u00ed no sent\u00eda miedo, dolor ni ahogamiento, pero sab\u00eda que pasando 20 minutos su vida regresar\u00eda a lo mismo.<\/span><\/p>\n<p style=\"text-align: justify\"><span style=\"font-weight: 400\">Siempre dec\u00eda que esa era su \u00faltima tarde, que cambiar\u00eda y tomar\u00eda valor, m\u00e1s sab\u00eda que todo se quedar\u00eda ah\u00ed, en esas pisadas largas y pesadas, en ese inmenso lago.<\/span><\/p>\n<p style=\"text-align: justify\"><span style=\"font-weight: 400\">Siempre sinti\u00f3 o dedujo que a esa misma hora y lugar, hab\u00eda un chico tan parecido a \u00e9l, id\u00e9ntico en todo, pero sab\u00eda muy profundamente que \u00e9l era diferente, respiraba algo m\u00e1s, algo que \u00e9l tambi\u00e9n anhelaba.<\/span><\/p>\n<p style=\"text-align: justify\"><span style=\"font-weight: 400\">Esa tarde Dennis decidi\u00f3 acercarse a esa persona, pero se qued\u00f3 pasmado.\u00a0<\/span><\/p>\n<p style=\"text-align: justify\"><span style=\"font-weight: 400\">Pasando sus habituales 20 minutos de caminata Dennis regres\u00f3 a su vida habitual, pero la verdad es que el real Dennis hab\u00eda quedado atrapado en aquel andador frente al lago junto a sus pisadas largas y pesadas, y aquel chico que era tan similar a \u00e9l, fue quien regres\u00f3, pero retorn\u00f3 con una maldad que pod\u00eda leerse en sus ojos.<\/span><\/p>\n<p><img loading=\"lazy\" decoding=\"async\" class=\"aligncenter wp-image-317 size-full\" src=\"https:\/\/lacolmena.link\/letrassobrecubierta\/wp-content\/uploads\/sites\/5\/2021\/05\/ojo.jpg\" alt=\"\" width=\"958\" height=\"596\" srcset=\"https:\/\/lacolmena.link\/letrassobrecubierta\/wp-content\/uploads\/sites\/5\/2021\/05\/ojo.jpg 958w, https:\/\/lacolmena.link\/letrassobrecubierta\/wp-content\/uploads\/sites\/5\/2021\/05\/ojo-300x187.jpg 300w, https:\/\/lacolmena.link\/letrassobrecubierta\/wp-content\/uploads\/sites\/5\/2021\/05\/ojo-768x478.jpg 768w\" sizes=\"auto, (max-width: 958px) 100vw, 958px\" \/><\/p>\n<p style=\"text-align: justify\">\n","protected":false},"excerpt":{"rendered":"<p>Era una tarde como cualquiera, Dennis caminaba cerca del lago, hab\u00eda nieve por todos lados, pasaba un invierno muy crudo. Llevaba puestos sus aud\u00edfonos, sus guantes desgastados, unos pantalones caf\u00e9 que no hac\u00edan juego con su playera y su chamarra que en realidad estaba deshaci\u00e9ndose a pedazos, pero era su favorita. Como siempre llevaba un [&hellip;]<\/p>\n","protected":false},"author":11,"featured_media":0,"comment_status":"open","ping_status":"open","sticky":false,"template":"","format":"standard","meta":{"footnotes":""},"categories":[6],"tags":[],"class_list":["post-316","post","type-post","status-publish","format-standard","hentry","category-finales-inesperados"],"yoast_head":"<!-- This site is optimized with the Yoast SEO plugin v27.5 - https:\/\/yoast.com\/product\/yoast-seo-wordpress\/ -->\n<title>Maldad en sus ojos - LetrasSobrecubierta<\/title>\n<meta name=\"robots\" content=\"index, follow, max-snippet:-1, max-image-preview:large, max-video-preview:-1\" \/>\n<link rel=\"canonical\" href=\"https:\/\/lacolmena.link\/letrassobrecubierta\/2021\/05\/06\/maldad-en-sus-ojos\/\" \/>\n<meta property=\"og:locale\" content=\"es_ES\" \/>\n<meta property=\"og:type\" content=\"article\" \/>\n<meta property=\"og:title\" content=\"Maldad en sus ojos - LetrasSobrecubierta\" \/>\n<meta property=\"og:description\" content=\"Era una tarde como cualquiera, Dennis caminaba cerca del lago, hab\u00eda nieve por todos lados, pasaba un invierno muy crudo. Llevaba puestos sus aud\u00edfonos, sus guantes desgastados, unos pantalones caf\u00e9 que no hac\u00edan juego con su playera y su chamarra que en realidad estaba deshaci\u00e9ndose a pedazos, pero era su favorita. Como siempre llevaba un [&hellip;]\" \/>\n<meta property=\"og:url\" content=\"https:\/\/lacolmena.link\/letrassobrecubierta\/2021\/05\/06\/maldad-en-sus-ojos\/\" \/>\n<meta property=\"og:site_name\" content=\"LetrasSobrecubierta\" \/>\n<meta property=\"article:published_time\" content=\"2021-05-06T16:37:41+00:00\" \/>\n<meta property=\"article:modified_time\" content=\"2021-05-06T16:42:57+00:00\" \/>\n<meta property=\"og:image\" content=\"https:\/\/lacolmena.link\/letrassobrecubierta\/wp-content\/uploads\/sites\/5\/2021\/05\/ojo.jpg\" \/>\n\t<meta property=\"og:image:width\" content=\"958\" \/>\n\t<meta property=\"og:image:height\" content=\"596\" \/>\n\t<meta property=\"og:image:type\" content=\"image\/jpeg\" \/>\n<meta name=\"author\" content=\"Victoria Galindo\" \/>\n<meta name=\"twitter:card\" content=\"summary_large_image\" \/>\n<meta name=\"twitter:label1\" content=\"Escrito por\" \/>\n\t<meta name=\"twitter:data1\" content=\"Victoria Galindo\" \/>\n\t<meta name=\"twitter:label2\" content=\"Tiempo de lectura\" \/>\n\t<meta name=\"twitter:data2\" content=\"2 minutos\" \/>\n<script type=\"application\/ld+json\" class=\"yoast-schema-graph\">{\"@context\":\"https:\\\/\\\/schema.org\",\"@graph\":[{\"@type\":\"Article\",\"@id\":\"https:\\\/\\\/lacolmena.link\\\/letrassobrecubierta\\\/2021\\\/05\\\/06\\\/maldad-en-sus-ojos\\\/#article\",\"isPartOf\":{\"@id\":\"https:\\\/\\\/lacolmena.link\\\/letrassobrecubierta\\\/2021\\\/05\\\/06\\\/maldad-en-sus-ojos\\\/\"},\"author\":{\"name\":\"Victoria Galindo\",\"@id\":\"https:\\\/\\\/lacolmena.link\\\/letrassobrecubierta\\\/#\\\/schema\\\/person\\\/4ed400a5133f48fc75c6429a6e3fb4c8\"},\"headline\":\"Maldad en sus ojos\",\"datePublished\":\"2021-05-06T16:37:41+00:00\",\"dateModified\":\"2021-05-06T16:42:57+00:00\",\"mainEntityOfPage\":{\"@id\":\"https:\\\/\\\/lacolmena.link\\\/letrassobrecubierta\\\/2021\\\/05\\\/06\\\/maldad-en-sus-ojos\\\/\"},\"wordCount\":310,\"commentCount\":0,\"image\":{\"@id\":\"https:\\\/\\\/lacolmena.link\\\/letrassobrecubierta\\\/2021\\\/05\\\/06\\\/maldad-en-sus-ojos\\\/#primaryimage\"},\"thumbnailUrl\":\"https:\\\/\\\/lacolmena.link\\\/letrassobrecubierta\\\/wp-content\\\/uploads\\\/sites\\\/5\\\/2021\\\/05\\\/ojo.jpg\",\"articleSection\":[\"Finales Inesperados\"],\"inLanguage\":\"es\",\"potentialAction\":[{\"@type\":\"CommentAction\",\"name\":\"Comment\",\"target\":[\"https:\\\/\\\/lacolmena.link\\\/letrassobrecubierta\\\/2021\\\/05\\\/06\\\/maldad-en-sus-ojos\\\/#respond\"]}]},{\"@type\":\"WebPage\",\"@id\":\"https:\\\/\\\/lacolmena.link\\\/letrassobrecubierta\\\/2021\\\/05\\\/06\\\/maldad-en-sus-ojos\\\/\",\"url\":\"https:\\\/\\\/lacolmena.link\\\/letrassobrecubierta\\\/2021\\\/05\\\/06\\\/maldad-en-sus-ojos\\\/\",\"name\":\"Maldad en sus ojos - LetrasSobrecubierta\",\"isPartOf\":{\"@id\":\"https:\\\/\\\/lacolmena.link\\\/letrassobrecubierta\\\/#website\"},\"primaryImageOfPage\":{\"@id\":\"https:\\\/\\\/lacolmena.link\\\/letrassobrecubierta\\\/2021\\\/05\\\/06\\\/maldad-en-sus-ojos\\\/#primaryimage\"},\"image\":{\"@id\":\"https:\\\/\\\/lacolmena.link\\\/letrassobrecubierta\\\/2021\\\/05\\\/06\\\/maldad-en-sus-ojos\\\/#primaryimage\"},\"thumbnailUrl\":\"https:\\\/\\\/lacolmena.link\\\/letrassobrecubierta\\\/wp-content\\\/uploads\\\/sites\\\/5\\\/2021\\\/05\\\/ojo.jpg\",\"datePublished\":\"2021-05-06T16:37:41+00:00\",\"dateModified\":\"2021-05-06T16:42:57+00:00\",\"author\":{\"@id\":\"https:\\\/\\\/lacolmena.link\\\/letrassobrecubierta\\\/#\\\/schema\\\/person\\\/4ed400a5133f48fc75c6429a6e3fb4c8\"},\"breadcrumb\":{\"@id\":\"https:\\\/\\\/lacolmena.link\\\/letrassobrecubierta\\\/2021\\\/05\\\/06\\\/maldad-en-sus-ojos\\\/#breadcrumb\"},\"inLanguage\":\"es\",\"potentialAction\":[{\"@type\":\"ReadAction\",\"target\":[\"https:\\\/\\\/lacolmena.link\\\/letrassobrecubierta\\\/2021\\\/05\\\/06\\\/maldad-en-sus-ojos\\\/\"]}]},{\"@type\":\"ImageObject\",\"inLanguage\":\"es\",\"@id\":\"https:\\\/\\\/lacolmena.link\\\/letrassobrecubierta\\\/2021\\\/05\\\/06\\\/maldad-en-sus-ojos\\\/#primaryimage\",\"url\":\"https:\\\/\\\/lacolmena.link\\\/letrassobrecubierta\\\/wp-content\\\/uploads\\\/sites\\\/5\\\/2021\\\/05\\\/ojo.jpg\",\"contentUrl\":\"https:\\\/\\\/lacolmena.link\\\/letrassobrecubierta\\\/wp-content\\\/uploads\\\/sites\\\/5\\\/2021\\\/05\\\/ojo.jpg\",\"width\":958,\"height\":596},{\"@type\":\"BreadcrumbList\",\"@id\":\"https:\\\/\\\/lacolmena.link\\\/letrassobrecubierta\\\/2021\\\/05\\\/06\\\/maldad-en-sus-ojos\\\/#breadcrumb\",\"itemListElement\":[{\"@type\":\"ListItem\",\"position\":1,\"name\":\"Portada\",\"item\":\"https:\\\/\\\/lacolmena.link\\\/letrassobrecubierta\\\/\"},{\"@type\":\"ListItem\",\"position\":2,\"name\":\"Maldad en sus ojos\"}]},{\"@type\":\"WebSite\",\"@id\":\"https:\\\/\\\/lacolmena.link\\\/letrassobrecubierta\\\/#website\",\"url\":\"https:\\\/\\\/lacolmena.link\\\/letrassobrecubierta\\\/\",\"name\":\"LetrasSobrecubierta\",\"description\":\"Blog de prosa l\u00edrica, cuentos, microrrelatos, historias cortas y m\u00e1s...\",\"potentialAction\":[{\"@type\":\"SearchAction\",\"target\":{\"@type\":\"EntryPoint\",\"urlTemplate\":\"https:\\\/\\\/lacolmena.link\\\/letrassobrecubierta\\\/?s={search_term_string}\"},\"query-input\":{\"@type\":\"PropertyValueSpecification\",\"valueRequired\":true,\"valueName\":\"search_term_string\"}}],\"inLanguage\":\"es\"},{\"@type\":\"Person\",\"@id\":\"https:\\\/\\\/lacolmena.link\\\/letrassobrecubierta\\\/#\\\/schema\\\/person\\\/4ed400a5133f48fc75c6429a6e3fb4c8\",\"name\":\"Victoria Galindo\",\"image\":{\"@type\":\"ImageObject\",\"inLanguage\":\"es\",\"@id\":\"https:\\\/\\\/secure.gravatar.com\\\/avatar\\\/0e0d579cbf7483c21b21f93bb5e9924e406a7fefb9703667510e4eb8b2c96a5b?s=96&d=mm&r=g\",\"url\":\"https:\\\/\\\/secure.gravatar.com\\\/avatar\\\/0e0d579cbf7483c21b21f93bb5e9924e406a7fefb9703667510e4eb8b2c96a5b?s=96&d=mm&r=g\",\"contentUrl\":\"https:\\\/\\\/secure.gravatar.com\\\/avatar\\\/0e0d579cbf7483c21b21f93bb5e9924e406a7fefb9703667510e4eb8b2c96a5b?s=96&d=mm&r=g\",\"caption\":\"Victoria Galindo\"},\"url\":\"https:\\\/\\\/lacolmena.link\\\/letrassobrecubierta\\\/author\\\/vicky\\\/\"}]}<\/script>\n<!-- \/ Yoast SEO plugin. -->","yoast_head_json":{"title":"Maldad en sus ojos - LetrasSobrecubierta","robots":{"index":"index","follow":"follow","max-snippet":"max-snippet:-1","max-image-preview":"max-image-preview:large","max-video-preview":"max-video-preview:-1"},"canonical":"https:\/\/lacolmena.link\/letrassobrecubierta\/2021\/05\/06\/maldad-en-sus-ojos\/","og_locale":"es_ES","og_type":"article","og_title":"Maldad en sus ojos - LetrasSobrecubierta","og_description":"Era una tarde como cualquiera, Dennis caminaba cerca del lago, hab\u00eda nieve por todos lados, pasaba un invierno muy crudo. Llevaba puestos sus aud\u00edfonos, sus guantes desgastados, unos pantalones caf\u00e9 que no hac\u00edan juego con su playera y su chamarra que en realidad estaba deshaci\u00e9ndose a pedazos, pero era su favorita. Como siempre llevaba un [&hellip;]","og_url":"https:\/\/lacolmena.link\/letrassobrecubierta\/2021\/05\/06\/maldad-en-sus-ojos\/","og_site_name":"LetrasSobrecubierta","article_published_time":"2021-05-06T16:37:41+00:00","article_modified_time":"2021-05-06T16:42:57+00:00","og_image":[{"width":958,"height":596,"url":"https:\/\/lacolmena.link\/letrassobrecubierta\/wp-content\/uploads\/sites\/5\/2021\/05\/ojo.jpg","type":"image\/jpeg"}],"author":"Victoria Galindo","twitter_card":"summary_large_image","twitter_misc":{"Escrito por":"Victoria Galindo","Tiempo de lectura":"2 minutos"},"schema":{"@context":"https:\/\/schema.org","@graph":[{"@type":"Article","@id":"https:\/\/lacolmena.link\/letrassobrecubierta\/2021\/05\/06\/maldad-en-sus-ojos\/#article","isPartOf":{"@id":"https:\/\/lacolmena.link\/letrassobrecubierta\/2021\/05\/06\/maldad-en-sus-ojos\/"},"author":{"name":"Victoria Galindo","@id":"https:\/\/lacolmena.link\/letrassobrecubierta\/#\/schema\/person\/4ed400a5133f48fc75c6429a6e3fb4c8"},"headline":"Maldad en sus ojos","datePublished":"2021-05-06T16:37:41+00:00","dateModified":"2021-05-06T16:42:57+00:00","mainEntityOfPage":{"@id":"https:\/\/lacolmena.link\/letrassobrecubierta\/2021\/05\/06\/maldad-en-sus-ojos\/"},"wordCount":310,"commentCount":0,"image":{"@id":"https:\/\/lacolmena.link\/letrassobrecubierta\/2021\/05\/06\/maldad-en-sus-ojos\/#primaryimage"},"thumbnailUrl":"https:\/\/lacolmena.link\/letrassobrecubierta\/wp-content\/uploads\/sites\/5\/2021\/05\/ojo.jpg","articleSection":["Finales Inesperados"],"inLanguage":"es","potentialAction":[{"@type":"CommentAction","name":"Comment","target":["https:\/\/lacolmena.link\/letrassobrecubierta\/2021\/05\/06\/maldad-en-sus-ojos\/#respond"]}]},{"@type":"WebPage","@id":"https:\/\/lacolmena.link\/letrassobrecubierta\/2021\/05\/06\/maldad-en-sus-ojos\/","url":"https:\/\/lacolmena.link\/letrassobrecubierta\/2021\/05\/06\/maldad-en-sus-ojos\/","name":"Maldad en sus ojos - LetrasSobrecubierta","isPartOf":{"@id":"https:\/\/lacolmena.link\/letrassobrecubierta\/#website"},"primaryImageOfPage":{"@id":"https:\/\/lacolmena.link\/letrassobrecubierta\/2021\/05\/06\/maldad-en-sus-ojos\/#primaryimage"},"image":{"@id":"https:\/\/lacolmena.link\/letrassobrecubierta\/2021\/05\/06\/maldad-en-sus-ojos\/#primaryimage"},"thumbnailUrl":"https:\/\/lacolmena.link\/letrassobrecubierta\/wp-content\/uploads\/sites\/5\/2021\/05\/ojo.jpg","datePublished":"2021-05-06T16:37:41+00:00","dateModified":"2021-05-06T16:42:57+00:00","author":{"@id":"https:\/\/lacolmena.link\/letrassobrecubierta\/#\/schema\/person\/4ed400a5133f48fc75c6429a6e3fb4c8"},"breadcrumb":{"@id":"https:\/\/lacolmena.link\/letrassobrecubierta\/2021\/05\/06\/maldad-en-sus-ojos\/#breadcrumb"},"inLanguage":"es","potentialAction":[{"@type":"ReadAction","target":["https:\/\/lacolmena.link\/letrassobrecubierta\/2021\/05\/06\/maldad-en-sus-ojos\/"]}]},{"@type":"ImageObject","inLanguage":"es","@id":"https:\/\/lacolmena.link\/letrassobrecubierta\/2021\/05\/06\/maldad-en-sus-ojos\/#primaryimage","url":"https:\/\/lacolmena.link\/letrassobrecubierta\/wp-content\/uploads\/sites\/5\/2021\/05\/ojo.jpg","contentUrl":"https:\/\/lacolmena.link\/letrassobrecubierta\/wp-content\/uploads\/sites\/5\/2021\/05\/ojo.jpg","width":958,"height":596},{"@type":"BreadcrumbList","@id":"https:\/\/lacolmena.link\/letrassobrecubierta\/2021\/05\/06\/maldad-en-sus-ojos\/#breadcrumb","itemListElement":[{"@type":"ListItem","position":1,"name":"Portada","item":"https:\/\/lacolmena.link\/letrassobrecubierta\/"},{"@type":"ListItem","position":2,"name":"Maldad en sus ojos"}]},{"@type":"WebSite","@id":"https:\/\/lacolmena.link\/letrassobrecubierta\/#website","url":"https:\/\/lacolmena.link\/letrassobrecubierta\/","name":"LetrasSobrecubierta","description":"Blog de prosa l\u00edrica, cuentos, microrrelatos, historias cortas y m\u00e1s...","potentialAction":[{"@type":"SearchAction","target":{"@type":"EntryPoint","urlTemplate":"https:\/\/lacolmena.link\/letrassobrecubierta\/?s={search_term_string}"},"query-input":{"@type":"PropertyValueSpecification","valueRequired":true,"valueName":"search_term_string"}}],"inLanguage":"es"},{"@type":"Person","@id":"https:\/\/lacolmena.link\/letrassobrecubierta\/#\/schema\/person\/4ed400a5133f48fc75c6429a6e3fb4c8","name":"Victoria Galindo","image":{"@type":"ImageObject","inLanguage":"es","@id":"https:\/\/secure.gravatar.com\/avatar\/0e0d579cbf7483c21b21f93bb5e9924e406a7fefb9703667510e4eb8b2c96a5b?s=96&d=mm&r=g","url":"https:\/\/secure.gravatar.com\/avatar\/0e0d579cbf7483c21b21f93bb5e9924e406a7fefb9703667510e4eb8b2c96a5b?s=96&d=mm&r=g","contentUrl":"https:\/\/secure.gravatar.com\/avatar\/0e0d579cbf7483c21b21f93bb5e9924e406a7fefb9703667510e4eb8b2c96a5b?s=96&d=mm&r=g","caption":"Victoria Galindo"},"url":"https:\/\/lacolmena.link\/letrassobrecubierta\/author\/vicky\/"}]}},"_links":{"self":[{"href":"https:\/\/lacolmena.link\/letrassobrecubierta\/wp-json\/wp\/v2\/posts\/316","targetHints":{"allow":["GET"]}}],"collection":[{"href":"https:\/\/lacolmena.link\/letrassobrecubierta\/wp-json\/wp\/v2\/posts"}],"about":[{"href":"https:\/\/lacolmena.link\/letrassobrecubierta\/wp-json\/wp\/v2\/types\/post"}],"author":[{"embeddable":true,"href":"https:\/\/lacolmena.link\/letrassobrecubierta\/wp-json\/wp\/v2\/users\/11"}],"replies":[{"embeddable":true,"href":"https:\/\/lacolmena.link\/letrassobrecubierta\/wp-json\/wp\/v2\/comments?post=316"}],"version-history":[{"count":1,"href":"https:\/\/lacolmena.link\/letrassobrecubierta\/wp-json\/wp\/v2\/posts\/316\/revisions"}],"predecessor-version":[{"id":318,"href":"https:\/\/lacolmena.link\/letrassobrecubierta\/wp-json\/wp\/v2\/posts\/316\/revisions\/318"}],"wp:attachment":[{"href":"https:\/\/lacolmena.link\/letrassobrecubierta\/wp-json\/wp\/v2\/media?parent=316"}],"wp:term":[{"taxonomy":"category","embeddable":true,"href":"https:\/\/lacolmena.link\/letrassobrecubierta\/wp-json\/wp\/v2\/categories?post=316"},{"taxonomy":"post_tag","embeddable":true,"href":"https:\/\/lacolmena.link\/letrassobrecubierta\/wp-json\/wp\/v2\/tags?post=316"}],"curies":[{"name":"wp","href":"https:\/\/api.w.org\/{rel}","templated":true}]}}