{"id":319,"date":"2021-05-06T12:38:04","date_gmt":"2021-05-06T17:38:04","guid":{"rendered":"https:\/\/lacolmena.link\/letrassobrecubierta\/?p=319"},"modified":"2021-05-06T19:28:03","modified_gmt":"2021-05-07T00:28:03","slug":"carta-de-amor","status":"publish","type":"post","link":"https:\/\/lacolmena.link\/letrassobrecubierta\/2021\/05\/06\/carta-de-amor\/","title":{"rendered":"Carta de amor"},"content":{"rendered":"<p style=\"text-align:left\">Querido y mi bien amado Juan Carlos:<\/p>\n<p style=\"text-align:left\">Acabo de terminar de leer tu carta, aunque debo decir que esta vez tardo m\u00e1s en llegar, me imagino que estas en el norte de Europa y por eso tardo m\u00e1s.<\/p>\n<p style=\"text-align:left\">Ame cada parte de ella, los besos los he recibido, me alegra que todo vaya bien con el viaje pero me quede preocupada, \u00bfest\u00e1s enfermo? Espero que no sea nada grave, han de ser los vientos del norte suelen ser muy fr\u00edos, o eso es lo que siempre dec\u00eda madre y es por eso que padre no regreso. Disculpa por eso, se que t\u00fa pronto estar\u00e1s de nuevo aqu\u00ed en casa y solo es algo leve, aun as\u00ed c\u00fabrete y alim\u00e9ntate bien.<\/p>\n<p style=\"text-align:left\">Me haces tanta falta que hay d\u00edas en que mis pensamientos me llevan a pensar lo inimaginable, en grandes cat\u00e1strofes y tengo miedo que toquen la puerta y sean malas noticias sobre ti, cr\u00e9eme esos d\u00edas los odio y termino encerrada en la habitaci\u00f3n sin probar bocado.<\/p>\n<p style=\"text-align:left\">Ven ya por favor, la casa sin ti es aburrida, t\u00e9trica, fr\u00eda, los d\u00edas se han vuelto tan largos. Extra\u00f1o correr por toda la casa contigo, esas tardes de verano donde pase\u00e1bamos desnudos en la pradera, las noches cuando me hac\u00edas tuya, fundirme en tus besos y en tu piel.<\/p>\n<p style=\"text-align:left\">Hoy vino nuevamente Sara, la pobre esta deshecha y c\u00f3mo no va a estarlo, ayer tuvieron que enterrar a su esposo, la semana pasada piso una mina en un campo mientras arreaba una mula, fue espantoso, pero me alegra ser un buen pa\u00f1o de llanto para ella.<\/p>\n<p style=\"text-align:left\">Pasando a mejores cosas, est\u00e1 semana llega tu cu\u00f1ada la que vive en Madrid, te lo hab\u00eda contado en la anterior carta pero es que la verdad me emociona much\u00edsimo, por lo menos por unos d\u00edas la casa tendr\u00e1 vida; viene nuestro sobrino tambi\u00e9n, ya tiene 12 a\u00f1os, tan guapo y mozo \u00e9l.<\/p>\n<p style=\"text-align:left\">As\u00ed que estoy con las prisas preparando todo, har\u00e9 pur\u00e9 de papa, si, el que es tu favorito y con la cosecha har\u00e9 tarta de manzana, se que les encantar\u00e1 y mande encargar dulces de todos los sabores para que nuestro ni\u00f1o los pruebe.<\/p>\n<p style=\"text-align:left\">He pensado en eso, \u00bfte imaginas nosotros con un bebe?, seria perfecto, as\u00ed que pens\u00e9 que en cuanto regreses sera lo primero que hagamos; ya lo imagino, colgado de tu espalda, llam\u00e1ndote pap\u00e1, corriendo por toda la casa, las risas de los tres, su ropita, hasta me he imagino su habitaci\u00f3n; s\u00ed, comenzare con ese proyecto.<\/p>\n<p style=\"text-align:left\">Regresa pronto a mi estoy volvi\u00e9ndome loca sin ti, extra\u00f1o todo, y todo me recuerda a ti; se que es un viaje importante pero fue tan repentino y a la vez tan necesario, pero en estos instantes en estos momentos no me importa si es fue trabajo pedido por el Duque, el Rey o el Papa, solo quiero tenerte de regreso.<\/p>\n<p style=\"text-align:left\">Nuevamente perdona mis palabras, pero es que no se como vivir sin ti, va m\u00e1s de 6 meses y aun faltan 6 m\u00e1s. Es demasiado tiempo.<\/p>\n<p style=\"text-align:left\">No te preocupes por mi si; estar\u00e9 bien, adem\u00e1s tu promesa me hace mantenerme de pie y con fuerza, solo no tardes y no te olvides de mi.<\/p>\n<p style=\"text-align:left\">Te ama tu siempre amada y fiel esposa Victoria.<\/p>\n<p><img loading=\"lazy\" decoding=\"async\" class=\"aligncenter wp-image-322 size-full\" src=\"https:\/\/lacolmena.link\/letrassobrecubierta\/wp-content\/uploads\/sites\/5\/2021\/05\/CARTAS.jpg\" alt=\"\" width=\"407\" height=\"305\" srcset=\"https:\/\/lacolmena.link\/letrassobrecubierta\/wp-content\/uploads\/sites\/5\/2021\/05\/CARTAS.jpg 407w, https:\/\/lacolmena.link\/letrassobrecubierta\/wp-content\/uploads\/sites\/5\/2021\/05\/CARTAS-300x225.jpg 300w\" sizes=\"auto, (max-width: 407px) 100vw, 407px\" \/><\/p>\n","protected":false},"excerpt":{"rendered":"<p>Querido y mi bien amado Juan Carlos: Acabo de terminar de leer tu carta, aunque debo decir que esta vez tardo m\u00e1s en llegar, me imagino que estas en el norte de Europa y por eso tardo m\u00e1s. Ame cada parte de ella, los besos los he recibido, me alegra que todo vaya bien con [&hellip;]<\/p>\n","protected":false},"author":11,"featured_media":0,"comment_status":"open","ping_status":"open","sticky":false,"template":"","format":"standard","meta":{"footnotes":""},"categories":[5],"tags":[],"class_list":["post-319","post","type-post","status-publish","format-standard","hentry","category-relatos-cortos"],"yoast_head":"<!-- This site is optimized with the Yoast SEO plugin v27.5 - https:\/\/yoast.com\/product\/yoast-seo-wordpress\/ -->\n<title>Carta de amor - LetrasSobrecubierta<\/title>\n<meta name=\"robots\" content=\"index, follow, max-snippet:-1, max-image-preview:large, max-video-preview:-1\" \/>\n<link rel=\"canonical\" href=\"https:\/\/lacolmena.link\/letrassobrecubierta\/2021\/05\/06\/carta-de-amor\/\" \/>\n<meta property=\"og:locale\" content=\"es_ES\" \/>\n<meta property=\"og:type\" content=\"article\" \/>\n<meta property=\"og:title\" content=\"Carta de amor - LetrasSobrecubierta\" \/>\n<meta property=\"og:description\" content=\"Querido y mi bien amado Juan Carlos: Acabo de terminar de leer tu carta, aunque debo decir que esta vez tardo m\u00e1s en llegar, me imagino que estas en el norte de Europa y por eso tardo m\u00e1s. Ame cada parte de ella, los besos los he recibido, me alegra que todo vaya bien con [&hellip;]\" \/>\n<meta property=\"og:url\" content=\"https:\/\/lacolmena.link\/letrassobrecubierta\/2021\/05\/06\/carta-de-amor\/\" \/>\n<meta property=\"og:site_name\" content=\"LetrasSobrecubierta\" \/>\n<meta property=\"article:published_time\" content=\"2021-05-06T17:38:04+00:00\" \/>\n<meta property=\"article:modified_time\" content=\"2021-05-07T00:28:03+00:00\" \/>\n<meta property=\"og:image\" content=\"https:\/\/lacolmena.link\/letrassobrecubierta\/wp-content\/uploads\/sites\/5\/2021\/05\/CARTAS.jpg\" \/>\n\t<meta property=\"og:image:width\" content=\"407\" \/>\n\t<meta property=\"og:image:height\" content=\"305\" \/>\n\t<meta property=\"og:image:type\" content=\"image\/jpeg\" \/>\n<meta name=\"author\" content=\"Victoria Galindo\" \/>\n<meta name=\"twitter:card\" content=\"summary_large_image\" \/>\n<meta name=\"twitter:label1\" content=\"Escrito por\" \/>\n\t<meta name=\"twitter:data1\" content=\"Victoria Galindo\" \/>\n\t<meta name=\"twitter:label2\" content=\"Tiempo de lectura\" \/>\n\t<meta name=\"twitter:data2\" content=\"3 minutos\" \/>\n<script type=\"application\/ld+json\" class=\"yoast-schema-graph\">{\"@context\":\"https:\\\/\\\/schema.org\",\"@graph\":[{\"@type\":\"Article\",\"@id\":\"https:\\\/\\\/lacolmena.link\\\/letrassobrecubierta\\\/2021\\\/05\\\/06\\\/carta-de-amor\\\/#article\",\"isPartOf\":{\"@id\":\"https:\\\/\\\/lacolmena.link\\\/letrassobrecubierta\\\/2021\\\/05\\\/06\\\/carta-de-amor\\\/\"},\"author\":{\"name\":\"Victoria Galindo\",\"@id\":\"https:\\\/\\\/lacolmena.link\\\/letrassobrecubierta\\\/#\\\/schema\\\/person\\\/4ed400a5133f48fc75c6429a6e3fb4c8\"},\"headline\":\"Carta de amor\",\"datePublished\":\"2021-05-06T17:38:04+00:00\",\"dateModified\":\"2021-05-07T00:28:03+00:00\",\"mainEntityOfPage\":{\"@id\":\"https:\\\/\\\/lacolmena.link\\\/letrassobrecubierta\\\/2021\\\/05\\\/06\\\/carta-de-amor\\\/\"},\"wordCount\":576,\"commentCount\":0,\"image\":{\"@id\":\"https:\\\/\\\/lacolmena.link\\\/letrassobrecubierta\\\/2021\\\/05\\\/06\\\/carta-de-amor\\\/#primaryimage\"},\"thumbnailUrl\":\"https:\\\/\\\/lacolmena.link\\\/letrassobrecubierta\\\/wp-content\\\/uploads\\\/sites\\\/5\\\/2021\\\/05\\\/CARTAS.jpg\",\"articleSection\":[\"Relatos Cortos\"],\"inLanguage\":\"es\",\"potentialAction\":[{\"@type\":\"CommentAction\",\"name\":\"Comment\",\"target\":[\"https:\\\/\\\/lacolmena.link\\\/letrassobrecubierta\\\/2021\\\/05\\\/06\\\/carta-de-amor\\\/#respond\"]}]},{\"@type\":\"WebPage\",\"@id\":\"https:\\\/\\\/lacolmena.link\\\/letrassobrecubierta\\\/2021\\\/05\\\/06\\\/carta-de-amor\\\/\",\"url\":\"https:\\\/\\\/lacolmena.link\\\/letrassobrecubierta\\\/2021\\\/05\\\/06\\\/carta-de-amor\\\/\",\"name\":\"Carta de amor - LetrasSobrecubierta\",\"isPartOf\":{\"@id\":\"https:\\\/\\\/lacolmena.link\\\/letrassobrecubierta\\\/#website\"},\"primaryImageOfPage\":{\"@id\":\"https:\\\/\\\/lacolmena.link\\\/letrassobrecubierta\\\/2021\\\/05\\\/06\\\/carta-de-amor\\\/#primaryimage\"},\"image\":{\"@id\":\"https:\\\/\\\/lacolmena.link\\\/letrassobrecubierta\\\/2021\\\/05\\\/06\\\/carta-de-amor\\\/#primaryimage\"},\"thumbnailUrl\":\"https:\\\/\\\/lacolmena.link\\\/letrassobrecubierta\\\/wp-content\\\/uploads\\\/sites\\\/5\\\/2021\\\/05\\\/CARTAS.jpg\",\"datePublished\":\"2021-05-06T17:38:04+00:00\",\"dateModified\":\"2021-05-07T00:28:03+00:00\",\"author\":{\"@id\":\"https:\\\/\\\/lacolmena.link\\\/letrassobrecubierta\\\/#\\\/schema\\\/person\\\/4ed400a5133f48fc75c6429a6e3fb4c8\"},\"breadcrumb\":{\"@id\":\"https:\\\/\\\/lacolmena.link\\\/letrassobrecubierta\\\/2021\\\/05\\\/06\\\/carta-de-amor\\\/#breadcrumb\"},\"inLanguage\":\"es\",\"potentialAction\":[{\"@type\":\"ReadAction\",\"target\":[\"https:\\\/\\\/lacolmena.link\\\/letrassobrecubierta\\\/2021\\\/05\\\/06\\\/carta-de-amor\\\/\"]}]},{\"@type\":\"ImageObject\",\"inLanguage\":\"es\",\"@id\":\"https:\\\/\\\/lacolmena.link\\\/letrassobrecubierta\\\/2021\\\/05\\\/06\\\/carta-de-amor\\\/#primaryimage\",\"url\":\"https:\\\/\\\/lacolmena.link\\\/letrassobrecubierta\\\/wp-content\\\/uploads\\\/sites\\\/5\\\/2021\\\/05\\\/CARTAS.jpg\",\"contentUrl\":\"https:\\\/\\\/lacolmena.link\\\/letrassobrecubierta\\\/wp-content\\\/uploads\\\/sites\\\/5\\\/2021\\\/05\\\/CARTAS.jpg\",\"width\":407,\"height\":305},{\"@type\":\"BreadcrumbList\",\"@id\":\"https:\\\/\\\/lacolmena.link\\\/letrassobrecubierta\\\/2021\\\/05\\\/06\\\/carta-de-amor\\\/#breadcrumb\",\"itemListElement\":[{\"@type\":\"ListItem\",\"position\":1,\"name\":\"Portada\",\"item\":\"https:\\\/\\\/lacolmena.link\\\/letrassobrecubierta\\\/\"},{\"@type\":\"ListItem\",\"position\":2,\"name\":\"Carta de amor\"}]},{\"@type\":\"WebSite\",\"@id\":\"https:\\\/\\\/lacolmena.link\\\/letrassobrecubierta\\\/#website\",\"url\":\"https:\\\/\\\/lacolmena.link\\\/letrassobrecubierta\\\/\",\"name\":\"LetrasSobrecubierta\",\"description\":\"Blog de prosa l\u00edrica, cuentos, microrrelatos, historias cortas y m\u00e1s...\",\"potentialAction\":[{\"@type\":\"SearchAction\",\"target\":{\"@type\":\"EntryPoint\",\"urlTemplate\":\"https:\\\/\\\/lacolmena.link\\\/letrassobrecubierta\\\/?s={search_term_string}\"},\"query-input\":{\"@type\":\"PropertyValueSpecification\",\"valueRequired\":true,\"valueName\":\"search_term_string\"}}],\"inLanguage\":\"es\"},{\"@type\":\"Person\",\"@id\":\"https:\\\/\\\/lacolmena.link\\\/letrassobrecubierta\\\/#\\\/schema\\\/person\\\/4ed400a5133f48fc75c6429a6e3fb4c8\",\"name\":\"Victoria Galindo\",\"image\":{\"@type\":\"ImageObject\",\"inLanguage\":\"es\",\"@id\":\"https:\\\/\\\/secure.gravatar.com\\\/avatar\\\/0e0d579cbf7483c21b21f93bb5e9924e406a7fefb9703667510e4eb8b2c96a5b?s=96&d=mm&r=g\",\"url\":\"https:\\\/\\\/secure.gravatar.com\\\/avatar\\\/0e0d579cbf7483c21b21f93bb5e9924e406a7fefb9703667510e4eb8b2c96a5b?s=96&d=mm&r=g\",\"contentUrl\":\"https:\\\/\\\/secure.gravatar.com\\\/avatar\\\/0e0d579cbf7483c21b21f93bb5e9924e406a7fefb9703667510e4eb8b2c96a5b?s=96&d=mm&r=g\",\"caption\":\"Victoria Galindo\"},\"url\":\"https:\\\/\\\/lacolmena.link\\\/letrassobrecubierta\\\/author\\\/vicky\\\/\"}]}<\/script>\n<!-- \/ Yoast SEO plugin. -->","yoast_head_json":{"title":"Carta de amor - LetrasSobrecubierta","robots":{"index":"index","follow":"follow","max-snippet":"max-snippet:-1","max-image-preview":"max-image-preview:large","max-video-preview":"max-video-preview:-1"},"canonical":"https:\/\/lacolmena.link\/letrassobrecubierta\/2021\/05\/06\/carta-de-amor\/","og_locale":"es_ES","og_type":"article","og_title":"Carta de amor - LetrasSobrecubierta","og_description":"Querido y mi bien amado Juan Carlos: Acabo de terminar de leer tu carta, aunque debo decir que esta vez tardo m\u00e1s en llegar, me imagino que estas en el norte de Europa y por eso tardo m\u00e1s. Ame cada parte de ella, los besos los he recibido, me alegra que todo vaya bien con [&hellip;]","og_url":"https:\/\/lacolmena.link\/letrassobrecubierta\/2021\/05\/06\/carta-de-amor\/","og_site_name":"LetrasSobrecubierta","article_published_time":"2021-05-06T17:38:04+00:00","article_modified_time":"2021-05-07T00:28:03+00:00","og_image":[{"width":407,"height":305,"url":"https:\/\/lacolmena.link\/letrassobrecubierta\/wp-content\/uploads\/sites\/5\/2021\/05\/CARTAS.jpg","type":"image\/jpeg"}],"author":"Victoria Galindo","twitter_card":"summary_large_image","twitter_misc":{"Escrito por":"Victoria Galindo","Tiempo de lectura":"3 minutos"},"schema":{"@context":"https:\/\/schema.org","@graph":[{"@type":"Article","@id":"https:\/\/lacolmena.link\/letrassobrecubierta\/2021\/05\/06\/carta-de-amor\/#article","isPartOf":{"@id":"https:\/\/lacolmena.link\/letrassobrecubierta\/2021\/05\/06\/carta-de-amor\/"},"author":{"name":"Victoria Galindo","@id":"https:\/\/lacolmena.link\/letrassobrecubierta\/#\/schema\/person\/4ed400a5133f48fc75c6429a6e3fb4c8"},"headline":"Carta de amor","datePublished":"2021-05-06T17:38:04+00:00","dateModified":"2021-05-07T00:28:03+00:00","mainEntityOfPage":{"@id":"https:\/\/lacolmena.link\/letrassobrecubierta\/2021\/05\/06\/carta-de-amor\/"},"wordCount":576,"commentCount":0,"image":{"@id":"https:\/\/lacolmena.link\/letrassobrecubierta\/2021\/05\/06\/carta-de-amor\/#primaryimage"},"thumbnailUrl":"https:\/\/lacolmena.link\/letrassobrecubierta\/wp-content\/uploads\/sites\/5\/2021\/05\/CARTAS.jpg","articleSection":["Relatos Cortos"],"inLanguage":"es","potentialAction":[{"@type":"CommentAction","name":"Comment","target":["https:\/\/lacolmena.link\/letrassobrecubierta\/2021\/05\/06\/carta-de-amor\/#respond"]}]},{"@type":"WebPage","@id":"https:\/\/lacolmena.link\/letrassobrecubierta\/2021\/05\/06\/carta-de-amor\/","url":"https:\/\/lacolmena.link\/letrassobrecubierta\/2021\/05\/06\/carta-de-amor\/","name":"Carta de amor - LetrasSobrecubierta","isPartOf":{"@id":"https:\/\/lacolmena.link\/letrassobrecubierta\/#website"},"primaryImageOfPage":{"@id":"https:\/\/lacolmena.link\/letrassobrecubierta\/2021\/05\/06\/carta-de-amor\/#primaryimage"},"image":{"@id":"https:\/\/lacolmena.link\/letrassobrecubierta\/2021\/05\/06\/carta-de-amor\/#primaryimage"},"thumbnailUrl":"https:\/\/lacolmena.link\/letrassobrecubierta\/wp-content\/uploads\/sites\/5\/2021\/05\/CARTAS.jpg","datePublished":"2021-05-06T17:38:04+00:00","dateModified":"2021-05-07T00:28:03+00:00","author":{"@id":"https:\/\/lacolmena.link\/letrassobrecubierta\/#\/schema\/person\/4ed400a5133f48fc75c6429a6e3fb4c8"},"breadcrumb":{"@id":"https:\/\/lacolmena.link\/letrassobrecubierta\/2021\/05\/06\/carta-de-amor\/#breadcrumb"},"inLanguage":"es","potentialAction":[{"@type":"ReadAction","target":["https:\/\/lacolmena.link\/letrassobrecubierta\/2021\/05\/06\/carta-de-amor\/"]}]},{"@type":"ImageObject","inLanguage":"es","@id":"https:\/\/lacolmena.link\/letrassobrecubierta\/2021\/05\/06\/carta-de-amor\/#primaryimage","url":"https:\/\/lacolmena.link\/letrassobrecubierta\/wp-content\/uploads\/sites\/5\/2021\/05\/CARTAS.jpg","contentUrl":"https:\/\/lacolmena.link\/letrassobrecubierta\/wp-content\/uploads\/sites\/5\/2021\/05\/CARTAS.jpg","width":407,"height":305},{"@type":"BreadcrumbList","@id":"https:\/\/lacolmena.link\/letrassobrecubierta\/2021\/05\/06\/carta-de-amor\/#breadcrumb","itemListElement":[{"@type":"ListItem","position":1,"name":"Portada","item":"https:\/\/lacolmena.link\/letrassobrecubierta\/"},{"@type":"ListItem","position":2,"name":"Carta de amor"}]},{"@type":"WebSite","@id":"https:\/\/lacolmena.link\/letrassobrecubierta\/#website","url":"https:\/\/lacolmena.link\/letrassobrecubierta\/","name":"LetrasSobrecubierta","description":"Blog de prosa l\u00edrica, cuentos, microrrelatos, historias cortas y m\u00e1s...","potentialAction":[{"@type":"SearchAction","target":{"@type":"EntryPoint","urlTemplate":"https:\/\/lacolmena.link\/letrassobrecubierta\/?s={search_term_string}"},"query-input":{"@type":"PropertyValueSpecification","valueRequired":true,"valueName":"search_term_string"}}],"inLanguage":"es"},{"@type":"Person","@id":"https:\/\/lacolmena.link\/letrassobrecubierta\/#\/schema\/person\/4ed400a5133f48fc75c6429a6e3fb4c8","name":"Victoria Galindo","image":{"@type":"ImageObject","inLanguage":"es","@id":"https:\/\/secure.gravatar.com\/avatar\/0e0d579cbf7483c21b21f93bb5e9924e406a7fefb9703667510e4eb8b2c96a5b?s=96&d=mm&r=g","url":"https:\/\/secure.gravatar.com\/avatar\/0e0d579cbf7483c21b21f93bb5e9924e406a7fefb9703667510e4eb8b2c96a5b?s=96&d=mm&r=g","contentUrl":"https:\/\/secure.gravatar.com\/avatar\/0e0d579cbf7483c21b21f93bb5e9924e406a7fefb9703667510e4eb8b2c96a5b?s=96&d=mm&r=g","caption":"Victoria Galindo"},"url":"https:\/\/lacolmena.link\/letrassobrecubierta\/author\/vicky\/"}]}},"_links":{"self":[{"href":"https:\/\/lacolmena.link\/letrassobrecubierta\/wp-json\/wp\/v2\/posts\/319","targetHints":{"allow":["GET"]}}],"collection":[{"href":"https:\/\/lacolmena.link\/letrassobrecubierta\/wp-json\/wp\/v2\/posts"}],"about":[{"href":"https:\/\/lacolmena.link\/letrassobrecubierta\/wp-json\/wp\/v2\/types\/post"}],"author":[{"embeddable":true,"href":"https:\/\/lacolmena.link\/letrassobrecubierta\/wp-json\/wp\/v2\/users\/11"}],"replies":[{"embeddable":true,"href":"https:\/\/lacolmena.link\/letrassobrecubierta\/wp-json\/wp\/v2\/comments?post=319"}],"version-history":[{"count":6,"href":"https:\/\/lacolmena.link\/letrassobrecubierta\/wp-json\/wp\/v2\/posts\/319\/revisions"}],"predecessor-version":[{"id":331,"href":"https:\/\/lacolmena.link\/letrassobrecubierta\/wp-json\/wp\/v2\/posts\/319\/revisions\/331"}],"wp:attachment":[{"href":"https:\/\/lacolmena.link\/letrassobrecubierta\/wp-json\/wp\/v2\/media?parent=319"}],"wp:term":[{"taxonomy":"category","embeddable":true,"href":"https:\/\/lacolmena.link\/letrassobrecubierta\/wp-json\/wp\/v2\/categories?post=319"},{"taxonomy":"post_tag","embeddable":true,"href":"https:\/\/lacolmena.link\/letrassobrecubierta\/wp-json\/wp\/v2\/tags?post=319"}],"curies":[{"name":"wp","href":"https:\/\/api.w.org\/{rel}","templated":true}]}}