{"id":325,"date":"2021-05-06T14:14:22","date_gmt":"2021-05-06T19:14:22","guid":{"rendered":"https:\/\/lacolmena.link\/letrassobrecubierta\/?p=325"},"modified":"2021-05-06T14:14:22","modified_gmt":"2021-05-06T19:14:22","slug":"diario-de-una-ansiolitica-en-la-madre","status":"publish","type":"post","link":"https:\/\/lacolmena.link\/letrassobrecubierta\/2021\/05\/06\/diario-de-una-ansiolitica-en-la-madre\/","title":{"rendered":"Diario de una Ansiolitica &#8211; En la madre"},"content":{"rendered":"<p style=\"text-align: justify\">Est\u00e1 super cerca la celebraci\u00f3n del d\u00eda de las madres, y aunque no me considero la mejor madre siempre espero ese d\u00eda con emoci\u00f3n y orgullo (en especial por los regalos).<\/p>\n<p style=\"text-align: justify\">As\u00ed que mi hija y mi esposo decidieron adelantar mi regalo, hice como la que no sab\u00eda que me iban a dar, pero por supuesto sab\u00eda con exactitud lo que iba a ser (claro como les hice una lista enorme de todo lo que quer\u00eda), ademas mi esposo olvido el ticket de la compra en el bolsillo del pantal\u00f3n (lo malo es que nunca deja un billetito suelto).<\/p>\n<p style=\"text-align: justify\">Como les hab\u00eda platicado comenc\u00e9 a hacer algo de ejercicio, bueno a caminar durante el d\u00eda, pero como hab\u00eda visto en la televisi\u00f3n que mucha gente usaba esos relojes inteligentes para hacer ejercicio,\u00a0 esos que te miden hasta la verg\u00fcenza, pues se meti\u00f3 la idea de tener uno.<\/p>\n<p style=\"text-align: justify\">As\u00ed que en la lista puse que me encantar\u00eda tener uno, porque me servir\u00eda para mis largas caminatas (20 minutos caminando y 30 minutos dormida y bobeando en el parque), y que como tambi\u00e9n esos relojes checaban las pulsaciones pues me servir\u00eda para aprender a mantenerme m\u00e1s relajada.<\/p>\n<p style=\"text-align: justify\">Mi esposo como siempre pregunto si estaba super segura de ese regalo, obvio sabe que soy fatal con la tecnolog\u00eda, y por supuesto le dije que s\u00ed estaba preparada y que pod\u00eda tener un reloj inteligente (siempre he usado relojes que diferencia habr\u00eda).<\/p>\n<p style=\"text-align: justify\">Pues, lo estrene est\u00e1 ma\u00f1ana hasta fotos me tome, comenc\u00e9 mi rutina de caminata que aunque fue un poco lenta pero segura, sude como puerco, (desventaja encontrada algo que no hab\u00eda pensado, es que con este reloj como marca la distancia caminada y el tiempo real, ahora tendr\u00e9 que hacerlo en serio esto de ejercitarme) la ventaja de esta caminata de hoy es que puse aprueba mi reloj y definitivamente funciona muy bien y si es contra agua y como tiene garant\u00eda de 2 a\u00f1os, no tengo nada de que preocuparme, ademas es toda una maravilla y super f\u00e1cil de usar y elegante.<\/p>\n<p style=\"text-align: justify\">Llegue a casa hecha un mar de agua y el reloj intacto, presum\u00ed a los chicos mis n\u00fameros y me sent\u00ed orgullosa de mi (aunque venia pensando, para la siguiente dir\u00e9 que olvide iniciar la ruta en el reloj as\u00ed seguir\u00e9 con mis 20 minutos nada m\u00e1s, la verdad hoy fue super agotador), y como se me ve\u00eda muy mono decid\u00ed dejarlmelo puesto todo el d\u00eda.<\/p>\n<p style=\"text-align: justify\">Pero lleg\u00f3 la tarde y mientras servia mi d\u00e9cimo vaso con agua, la jarra del agua se me resbalo y escurri\u00f3 solo un poco de agua sobre mi brazo llegando al reloj, pero como se que no pasaba nada no hice caso y segu\u00ed tomando agua, pero no hab\u00eda pasado ni un minuto cuando el reloj comenz\u00f3 a\u00a0 prenderse y a apagarse como loco.<\/p>\n<p style=\"text-align: justify\">Ya me habr\u00e1n visto, con mi mejor actitud y voz dije: \u00bfPERO NO QUE ERA APRUEBA DE AGUA?, pues se supon\u00eda que s\u00ed, pero en est\u00e1 casa as\u00ed es la maldici\u00f3n de familia, ya saben, aqu\u00ed lo inimaginable me pasa. Creo que hasta he o\u00eddo en las noticias que descubrieron un gran virus con mi mismo nombre, coincidencia, mmm no lo creo.<\/p>\n<p style=\"text-align: justify\">Entonces me quede sin regalo del d\u00eda de las madres, aunque se que mi esposo e hija lo remediaran; aunque siendo sincera el depender de un reloj inteligente en vez de relajarme me estresaria m\u00e1s, y mis paseos se arruinar\u00edan con la tecnolog\u00eda.<\/p>\n<p>As\u00ed que mi d\u00eda de las madres ya vali\u00f3 madre, pero m\u00e1s vale madre que valer madre por un articulo tecnol\u00f3gico<\/p>\n<p><img loading=\"lazy\" decoding=\"async\" class=\"aligncenter wp-image-326 size-large\" src=\"https:\/\/lacolmena.link\/letrassobrecubierta\/wp-content\/uploads\/sites\/5\/2021\/05\/reloj-931x1024.jpg\" alt=\"\" width=\"580\" height=\"638\" srcset=\"https:\/\/lacolmena.link\/letrassobrecubierta\/wp-content\/uploads\/sites\/5\/2021\/05\/reloj-931x1024.jpg 931w, https:\/\/lacolmena.link\/letrassobrecubierta\/wp-content\/uploads\/sites\/5\/2021\/05\/reloj-273x300.jpg 273w, https:\/\/lacolmena.link\/letrassobrecubierta\/wp-content\/uploads\/sites\/5\/2021\/05\/reloj-768x845.jpg 768w, https:\/\/lacolmena.link\/letrassobrecubierta\/wp-content\/uploads\/sites\/5\/2021\/05\/reloj-1396x1536.jpg 1396w, https:\/\/lacolmena.link\/letrassobrecubierta\/wp-content\/uploads\/sites\/5\/2021\/05\/reloj-1862x2048.jpg 1862w, https:\/\/lacolmena.link\/letrassobrecubierta\/wp-content\/uploads\/sites\/5\/2021\/05\/reloj-1200x1320.jpg 1200w, https:\/\/lacolmena.link\/letrassobrecubierta\/wp-content\/uploads\/sites\/5\/2021\/05\/reloj.jpg 1920w\" sizes=\"auto, (max-width: 580px) 100vw, 580px\" \/><\/p>\n<p style=\"text-align: justify\">\n","protected":false},"excerpt":{"rendered":"<p>Est\u00e1 super cerca la celebraci\u00f3n del d\u00eda de las madres, y aunque no me considero la mejor madre siempre espero ese d\u00eda con emoci\u00f3n y orgullo (en especial por los regalos). As\u00ed que mi hija y mi esposo decidieron adelantar mi regalo, hice como la que no sab\u00eda que me iban a dar, pero por [&hellip;]<\/p>\n","protected":false},"author":11,"featured_media":0,"comment_status":"open","ping_status":"open","sticky":false,"template":"","format":"standard","meta":{"footnotes":""},"categories":[4],"tags":[],"class_list":["post-325","post","type-post","status-publish","format-standard","hentry","category-diario-ansiolitica"],"yoast_head":"<!-- This site is optimized with the Yoast SEO plugin v27.5 - https:\/\/yoast.com\/product\/yoast-seo-wordpress\/ -->\n<title>Diario de una Ansiolitica - En la madre - LetrasSobrecubierta<\/title>\n<meta name=\"robots\" content=\"index, follow, max-snippet:-1, max-image-preview:large, max-video-preview:-1\" \/>\n<link rel=\"canonical\" href=\"https:\/\/lacolmena.link\/letrassobrecubierta\/2021\/05\/06\/diario-de-una-ansiolitica-en-la-madre\/\" \/>\n<meta property=\"og:locale\" content=\"es_ES\" \/>\n<meta property=\"og:type\" content=\"article\" \/>\n<meta property=\"og:title\" content=\"Diario de una Ansiolitica - En la madre - LetrasSobrecubierta\" \/>\n<meta property=\"og:description\" content=\"Est\u00e1 super cerca la celebraci\u00f3n del d\u00eda de las madres, y aunque no me considero la mejor madre siempre espero ese d\u00eda con emoci\u00f3n y orgullo (en especial por los regalos). As\u00ed que mi hija y mi esposo decidieron adelantar mi regalo, hice como la que no sab\u00eda que me iban a dar, pero por [&hellip;]\" \/>\n<meta property=\"og:url\" content=\"https:\/\/lacolmena.link\/letrassobrecubierta\/2021\/05\/06\/diario-de-una-ansiolitica-en-la-madre\/\" \/>\n<meta property=\"og:site_name\" content=\"LetrasSobrecubierta\" \/>\n<meta property=\"article:published_time\" content=\"2021-05-06T19:14:22+00:00\" \/>\n<meta property=\"og:image\" content=\"https:\/\/lacolmena.link\/letrassobrecubierta\/wp-content\/uploads\/sites\/5\/2021\/05\/reloj.jpg\" \/>\n\t<meta property=\"og:image:width\" content=\"1920\" \/>\n\t<meta property=\"og:image:height\" content=\"2112\" \/>\n\t<meta property=\"og:image:type\" content=\"image\/jpeg\" \/>\n<meta name=\"author\" content=\"Victoria Galindo\" \/>\n<meta name=\"twitter:card\" content=\"summary_large_image\" \/>\n<meta name=\"twitter:label1\" content=\"Escrito por\" \/>\n\t<meta name=\"twitter:data1\" content=\"Victoria Galindo\" \/>\n\t<meta name=\"twitter:label2\" content=\"Tiempo de lectura\" \/>\n\t<meta name=\"twitter:data2\" content=\"3 minutos\" \/>\n<script type=\"application\/ld+json\" class=\"yoast-schema-graph\">{\"@context\":\"https:\\\/\\\/schema.org\",\"@graph\":[{\"@type\":\"Article\",\"@id\":\"https:\\\/\\\/lacolmena.link\\\/letrassobrecubierta\\\/2021\\\/05\\\/06\\\/diario-de-una-ansiolitica-en-la-madre\\\/#article\",\"isPartOf\":{\"@id\":\"https:\\\/\\\/lacolmena.link\\\/letrassobrecubierta\\\/2021\\\/05\\\/06\\\/diario-de-una-ansiolitica-en-la-madre\\\/\"},\"author\":{\"name\":\"Victoria Galindo\",\"@id\":\"https:\\\/\\\/lacolmena.link\\\/letrassobrecubierta\\\/#\\\/schema\\\/person\\\/4ed400a5133f48fc75c6429a6e3fb4c8\"},\"headline\":\"Diario de una Ansiolitica &#8211; En la madre\",\"datePublished\":\"2021-05-06T19:14:22+00:00\",\"mainEntityOfPage\":{\"@id\":\"https:\\\/\\\/lacolmena.link\\\/letrassobrecubierta\\\/2021\\\/05\\\/06\\\/diario-de-una-ansiolitica-en-la-madre\\\/\"},\"wordCount\":644,\"commentCount\":0,\"image\":{\"@id\":\"https:\\\/\\\/lacolmena.link\\\/letrassobrecubierta\\\/2021\\\/05\\\/06\\\/diario-de-una-ansiolitica-en-la-madre\\\/#primaryimage\"},\"thumbnailUrl\":\"https:\\\/\\\/lacolmena.link\\\/letrassobrecubierta\\\/wp-content\\\/uploads\\\/sites\\\/5\\\/2021\\\/05\\\/reloj-931x1024.jpg\",\"articleSection\":[\"Diario de una Ansiolitica\"],\"inLanguage\":\"es\",\"potentialAction\":[{\"@type\":\"CommentAction\",\"name\":\"Comment\",\"target\":[\"https:\\\/\\\/lacolmena.link\\\/letrassobrecubierta\\\/2021\\\/05\\\/06\\\/diario-de-una-ansiolitica-en-la-madre\\\/#respond\"]}]},{\"@type\":\"WebPage\",\"@id\":\"https:\\\/\\\/lacolmena.link\\\/letrassobrecubierta\\\/2021\\\/05\\\/06\\\/diario-de-una-ansiolitica-en-la-madre\\\/\",\"url\":\"https:\\\/\\\/lacolmena.link\\\/letrassobrecubierta\\\/2021\\\/05\\\/06\\\/diario-de-una-ansiolitica-en-la-madre\\\/\",\"name\":\"Diario de una Ansiolitica - En la madre - LetrasSobrecubierta\",\"isPartOf\":{\"@id\":\"https:\\\/\\\/lacolmena.link\\\/letrassobrecubierta\\\/#website\"},\"primaryImageOfPage\":{\"@id\":\"https:\\\/\\\/lacolmena.link\\\/letrassobrecubierta\\\/2021\\\/05\\\/06\\\/diario-de-una-ansiolitica-en-la-madre\\\/#primaryimage\"},\"image\":{\"@id\":\"https:\\\/\\\/lacolmena.link\\\/letrassobrecubierta\\\/2021\\\/05\\\/06\\\/diario-de-una-ansiolitica-en-la-madre\\\/#primaryimage\"},\"thumbnailUrl\":\"https:\\\/\\\/lacolmena.link\\\/letrassobrecubierta\\\/wp-content\\\/uploads\\\/sites\\\/5\\\/2021\\\/05\\\/reloj-931x1024.jpg\",\"datePublished\":\"2021-05-06T19:14:22+00:00\",\"author\":{\"@id\":\"https:\\\/\\\/lacolmena.link\\\/letrassobrecubierta\\\/#\\\/schema\\\/person\\\/4ed400a5133f48fc75c6429a6e3fb4c8\"},\"breadcrumb\":{\"@id\":\"https:\\\/\\\/lacolmena.link\\\/letrassobrecubierta\\\/2021\\\/05\\\/06\\\/diario-de-una-ansiolitica-en-la-madre\\\/#breadcrumb\"},\"inLanguage\":\"es\",\"potentialAction\":[{\"@type\":\"ReadAction\",\"target\":[\"https:\\\/\\\/lacolmena.link\\\/letrassobrecubierta\\\/2021\\\/05\\\/06\\\/diario-de-una-ansiolitica-en-la-madre\\\/\"]}]},{\"@type\":\"ImageObject\",\"inLanguage\":\"es\",\"@id\":\"https:\\\/\\\/lacolmena.link\\\/letrassobrecubierta\\\/2021\\\/05\\\/06\\\/diario-de-una-ansiolitica-en-la-madre\\\/#primaryimage\",\"url\":\"https:\\\/\\\/lacolmena.link\\\/letrassobrecubierta\\\/wp-content\\\/uploads\\\/sites\\\/5\\\/2021\\\/05\\\/reloj.jpg\",\"contentUrl\":\"https:\\\/\\\/lacolmena.link\\\/letrassobrecubierta\\\/wp-content\\\/uploads\\\/sites\\\/5\\\/2021\\\/05\\\/reloj.jpg\",\"width\":1920,\"height\":2112},{\"@type\":\"BreadcrumbList\",\"@id\":\"https:\\\/\\\/lacolmena.link\\\/letrassobrecubierta\\\/2021\\\/05\\\/06\\\/diario-de-una-ansiolitica-en-la-madre\\\/#breadcrumb\",\"itemListElement\":[{\"@type\":\"ListItem\",\"position\":1,\"name\":\"Portada\",\"item\":\"https:\\\/\\\/lacolmena.link\\\/letrassobrecubierta\\\/\"},{\"@type\":\"ListItem\",\"position\":2,\"name\":\"Diario de una Ansiolitica &#8211; En la madre\"}]},{\"@type\":\"WebSite\",\"@id\":\"https:\\\/\\\/lacolmena.link\\\/letrassobrecubierta\\\/#website\",\"url\":\"https:\\\/\\\/lacolmena.link\\\/letrassobrecubierta\\\/\",\"name\":\"LetrasSobrecubierta\",\"description\":\"Blog de prosa l\u00edrica, cuentos, microrrelatos, historias cortas y m\u00e1s...\",\"potentialAction\":[{\"@type\":\"SearchAction\",\"target\":{\"@type\":\"EntryPoint\",\"urlTemplate\":\"https:\\\/\\\/lacolmena.link\\\/letrassobrecubierta\\\/?s={search_term_string}\"},\"query-input\":{\"@type\":\"PropertyValueSpecification\",\"valueRequired\":true,\"valueName\":\"search_term_string\"}}],\"inLanguage\":\"es\"},{\"@type\":\"Person\",\"@id\":\"https:\\\/\\\/lacolmena.link\\\/letrassobrecubierta\\\/#\\\/schema\\\/person\\\/4ed400a5133f48fc75c6429a6e3fb4c8\",\"name\":\"Victoria Galindo\",\"image\":{\"@type\":\"ImageObject\",\"inLanguage\":\"es\",\"@id\":\"https:\\\/\\\/secure.gravatar.com\\\/avatar\\\/0e0d579cbf7483c21b21f93bb5e9924e406a7fefb9703667510e4eb8b2c96a5b?s=96&d=mm&r=g\",\"url\":\"https:\\\/\\\/secure.gravatar.com\\\/avatar\\\/0e0d579cbf7483c21b21f93bb5e9924e406a7fefb9703667510e4eb8b2c96a5b?s=96&d=mm&r=g\",\"contentUrl\":\"https:\\\/\\\/secure.gravatar.com\\\/avatar\\\/0e0d579cbf7483c21b21f93bb5e9924e406a7fefb9703667510e4eb8b2c96a5b?s=96&d=mm&r=g\",\"caption\":\"Victoria Galindo\"},\"url\":\"https:\\\/\\\/lacolmena.link\\\/letrassobrecubierta\\\/author\\\/vicky\\\/\"}]}<\/script>\n<!-- \/ Yoast SEO plugin. -->","yoast_head_json":{"title":"Diario de una Ansiolitica - En la madre - LetrasSobrecubierta","robots":{"index":"index","follow":"follow","max-snippet":"max-snippet:-1","max-image-preview":"max-image-preview:large","max-video-preview":"max-video-preview:-1"},"canonical":"https:\/\/lacolmena.link\/letrassobrecubierta\/2021\/05\/06\/diario-de-una-ansiolitica-en-la-madre\/","og_locale":"es_ES","og_type":"article","og_title":"Diario de una Ansiolitica - En la madre - LetrasSobrecubierta","og_description":"Est\u00e1 super cerca la celebraci\u00f3n del d\u00eda de las madres, y aunque no me considero la mejor madre siempre espero ese d\u00eda con emoci\u00f3n y orgullo (en especial por los regalos). As\u00ed que mi hija y mi esposo decidieron adelantar mi regalo, hice como la que no sab\u00eda que me iban a dar, pero por [&hellip;]","og_url":"https:\/\/lacolmena.link\/letrassobrecubierta\/2021\/05\/06\/diario-de-una-ansiolitica-en-la-madre\/","og_site_name":"LetrasSobrecubierta","article_published_time":"2021-05-06T19:14:22+00:00","og_image":[{"width":1920,"height":2112,"url":"https:\/\/lacolmena.link\/letrassobrecubierta\/wp-content\/uploads\/sites\/5\/2021\/05\/reloj.jpg","type":"image\/jpeg"}],"author":"Victoria Galindo","twitter_card":"summary_large_image","twitter_misc":{"Escrito por":"Victoria Galindo","Tiempo de lectura":"3 minutos"},"schema":{"@context":"https:\/\/schema.org","@graph":[{"@type":"Article","@id":"https:\/\/lacolmena.link\/letrassobrecubierta\/2021\/05\/06\/diario-de-una-ansiolitica-en-la-madre\/#article","isPartOf":{"@id":"https:\/\/lacolmena.link\/letrassobrecubierta\/2021\/05\/06\/diario-de-una-ansiolitica-en-la-madre\/"},"author":{"name":"Victoria Galindo","@id":"https:\/\/lacolmena.link\/letrassobrecubierta\/#\/schema\/person\/4ed400a5133f48fc75c6429a6e3fb4c8"},"headline":"Diario de una Ansiolitica &#8211; En la madre","datePublished":"2021-05-06T19:14:22+00:00","mainEntityOfPage":{"@id":"https:\/\/lacolmena.link\/letrassobrecubierta\/2021\/05\/06\/diario-de-una-ansiolitica-en-la-madre\/"},"wordCount":644,"commentCount":0,"image":{"@id":"https:\/\/lacolmena.link\/letrassobrecubierta\/2021\/05\/06\/diario-de-una-ansiolitica-en-la-madre\/#primaryimage"},"thumbnailUrl":"https:\/\/lacolmena.link\/letrassobrecubierta\/wp-content\/uploads\/sites\/5\/2021\/05\/reloj-931x1024.jpg","articleSection":["Diario de una Ansiolitica"],"inLanguage":"es","potentialAction":[{"@type":"CommentAction","name":"Comment","target":["https:\/\/lacolmena.link\/letrassobrecubierta\/2021\/05\/06\/diario-de-una-ansiolitica-en-la-madre\/#respond"]}]},{"@type":"WebPage","@id":"https:\/\/lacolmena.link\/letrassobrecubierta\/2021\/05\/06\/diario-de-una-ansiolitica-en-la-madre\/","url":"https:\/\/lacolmena.link\/letrassobrecubierta\/2021\/05\/06\/diario-de-una-ansiolitica-en-la-madre\/","name":"Diario de una Ansiolitica - En la madre - LetrasSobrecubierta","isPartOf":{"@id":"https:\/\/lacolmena.link\/letrassobrecubierta\/#website"},"primaryImageOfPage":{"@id":"https:\/\/lacolmena.link\/letrassobrecubierta\/2021\/05\/06\/diario-de-una-ansiolitica-en-la-madre\/#primaryimage"},"image":{"@id":"https:\/\/lacolmena.link\/letrassobrecubierta\/2021\/05\/06\/diario-de-una-ansiolitica-en-la-madre\/#primaryimage"},"thumbnailUrl":"https:\/\/lacolmena.link\/letrassobrecubierta\/wp-content\/uploads\/sites\/5\/2021\/05\/reloj-931x1024.jpg","datePublished":"2021-05-06T19:14:22+00:00","author":{"@id":"https:\/\/lacolmena.link\/letrassobrecubierta\/#\/schema\/person\/4ed400a5133f48fc75c6429a6e3fb4c8"},"breadcrumb":{"@id":"https:\/\/lacolmena.link\/letrassobrecubierta\/2021\/05\/06\/diario-de-una-ansiolitica-en-la-madre\/#breadcrumb"},"inLanguage":"es","potentialAction":[{"@type":"ReadAction","target":["https:\/\/lacolmena.link\/letrassobrecubierta\/2021\/05\/06\/diario-de-una-ansiolitica-en-la-madre\/"]}]},{"@type":"ImageObject","inLanguage":"es","@id":"https:\/\/lacolmena.link\/letrassobrecubierta\/2021\/05\/06\/diario-de-una-ansiolitica-en-la-madre\/#primaryimage","url":"https:\/\/lacolmena.link\/letrassobrecubierta\/wp-content\/uploads\/sites\/5\/2021\/05\/reloj.jpg","contentUrl":"https:\/\/lacolmena.link\/letrassobrecubierta\/wp-content\/uploads\/sites\/5\/2021\/05\/reloj.jpg","width":1920,"height":2112},{"@type":"BreadcrumbList","@id":"https:\/\/lacolmena.link\/letrassobrecubierta\/2021\/05\/06\/diario-de-una-ansiolitica-en-la-madre\/#breadcrumb","itemListElement":[{"@type":"ListItem","position":1,"name":"Portada","item":"https:\/\/lacolmena.link\/letrassobrecubierta\/"},{"@type":"ListItem","position":2,"name":"Diario de una Ansiolitica &#8211; En la madre"}]},{"@type":"WebSite","@id":"https:\/\/lacolmena.link\/letrassobrecubierta\/#website","url":"https:\/\/lacolmena.link\/letrassobrecubierta\/","name":"LetrasSobrecubierta","description":"Blog de prosa l\u00edrica, cuentos, microrrelatos, historias cortas y m\u00e1s...","potentialAction":[{"@type":"SearchAction","target":{"@type":"EntryPoint","urlTemplate":"https:\/\/lacolmena.link\/letrassobrecubierta\/?s={search_term_string}"},"query-input":{"@type":"PropertyValueSpecification","valueRequired":true,"valueName":"search_term_string"}}],"inLanguage":"es"},{"@type":"Person","@id":"https:\/\/lacolmena.link\/letrassobrecubierta\/#\/schema\/person\/4ed400a5133f48fc75c6429a6e3fb4c8","name":"Victoria Galindo","image":{"@type":"ImageObject","inLanguage":"es","@id":"https:\/\/secure.gravatar.com\/avatar\/0e0d579cbf7483c21b21f93bb5e9924e406a7fefb9703667510e4eb8b2c96a5b?s=96&d=mm&r=g","url":"https:\/\/secure.gravatar.com\/avatar\/0e0d579cbf7483c21b21f93bb5e9924e406a7fefb9703667510e4eb8b2c96a5b?s=96&d=mm&r=g","contentUrl":"https:\/\/secure.gravatar.com\/avatar\/0e0d579cbf7483c21b21f93bb5e9924e406a7fefb9703667510e4eb8b2c96a5b?s=96&d=mm&r=g","caption":"Victoria Galindo"},"url":"https:\/\/lacolmena.link\/letrassobrecubierta\/author\/vicky\/"}]}},"_links":{"self":[{"href":"https:\/\/lacolmena.link\/letrassobrecubierta\/wp-json\/wp\/v2\/posts\/325","targetHints":{"allow":["GET"]}}],"collection":[{"href":"https:\/\/lacolmena.link\/letrassobrecubierta\/wp-json\/wp\/v2\/posts"}],"about":[{"href":"https:\/\/lacolmena.link\/letrassobrecubierta\/wp-json\/wp\/v2\/types\/post"}],"author":[{"embeddable":true,"href":"https:\/\/lacolmena.link\/letrassobrecubierta\/wp-json\/wp\/v2\/users\/11"}],"replies":[{"embeddable":true,"href":"https:\/\/lacolmena.link\/letrassobrecubierta\/wp-json\/wp\/v2\/comments?post=325"}],"version-history":[{"count":2,"href":"https:\/\/lacolmena.link\/letrassobrecubierta\/wp-json\/wp\/v2\/posts\/325\/revisions"}],"predecessor-version":[{"id":328,"href":"https:\/\/lacolmena.link\/letrassobrecubierta\/wp-json\/wp\/v2\/posts\/325\/revisions\/328"}],"wp:attachment":[{"href":"https:\/\/lacolmena.link\/letrassobrecubierta\/wp-json\/wp\/v2\/media?parent=325"}],"wp:term":[{"taxonomy":"category","embeddable":true,"href":"https:\/\/lacolmena.link\/letrassobrecubierta\/wp-json\/wp\/v2\/categories?post=325"},{"taxonomy":"post_tag","embeddable":true,"href":"https:\/\/lacolmena.link\/letrassobrecubierta\/wp-json\/wp\/v2\/tags?post=325"}],"curies":[{"name":"wp","href":"https:\/\/api.w.org\/{rel}","templated":true}]}}