{"id":368,"date":"2021-06-10T14:10:51","date_gmt":"2021-06-10T19:10:51","guid":{"rendered":"https:\/\/lacolmena.link\/letrassobrecubierta\/?p=368"},"modified":"2022-02-09T16:04:30","modified_gmt":"2022-02-09T22:04:30","slug":"diario-de-una-ansiolitica-flotadores","status":"publish","type":"post","link":"https:\/\/lacolmena.link\/letrassobrecubierta\/2021\/06\/10\/diario-de-una-ansiolitica-flotadores\/","title":{"rendered":"Diario de una Ansiolitica &#8211; Flotadores"},"content":{"rendered":"<p style=\"text-align: justify\">Despu\u00e9s de unos d\u00edas de calma y que el clima en la ciudad de los vientos ha ido en aumento, muchos lugares han comenzado a abrir en su totalidad y con ello se han abierto las playas y albercas comunitarias.<\/p>\n<p style=\"text-align: justify\">Realmente estoy muy contenta porque despu\u00e9s de un a\u00f1o muy ca\u00f3tico, la vida comienza a tomar su rumbo nuevamente, y as\u00ed como todo va ah\u00ed voy yo tambi\u00e9n, con buenas cosas, el libro ya casi terminado, mi blog casi al 100 y mi actitud igual de bueno como los chicos sin camisetas que veo pasar a diario por la ventana de mi mini oficina.<\/p>\n<p style=\"text-align: justify\">Siempre he sido una mujer menuda, que por mas que he querido ponerme a dieta o ejercicios, me he dado cuenta que es como las matem\u00e1ticas en la secundaria, ni a coconazos entran.<\/p>\n<p style=\"text-align: justify\">Pero, se que tambi\u00e9n ya no soy una ni\u00f1a y debo comenzar a ocuparme mas de m\u00ed, en especial del peso porque ya saben entre m\u00e1s edad los kilos de m\u00e1s son m\u00e1s dif\u00edciles de quemar; ojala se perdieran esas grasitas de m\u00e1s cada que miento la madre, me estreso, o cada que me saboreo en mi cabeza a esos muchachillos musculosos sabrosotes.<\/p>\n<p style=\"text-align: justify\">Bueno, comente que abrieron las piscinas, y pues hay una muy cerca de casa, y debo confesar que aunque amo el agua (soy piscis) soy muy mala nadadora, y la ultima vez que intente aprender a nadar el maestro casi termin\u00f3 demandandome porque casi lo ahogo; pero este a\u00f1o me propuse a simplemente dejarme llevar.<\/p>\n<p style=\"text-align: justify\">Pero debo admitir que mi peque\u00f1o problema de ansiedad (est\u00e1 bien, es enorme) hace que, cada vez que pienso en zambullirme en una alberca mi cabeza empiece a pensar en mil cat\u00e1strofes antes de entrar en una piscina, tanto que he llegado a ver como muero literalmente ahogada mientras todos me observan.<\/p>\n<p style=\"text-align: justify\">As\u00ed que decid\u00ed que est\u00e9 a\u00f1o no lo pasare mal y lo disfrutare, as\u00ed que me met\u00ed a San Amazon (ya saben, tambi\u00e9n soy adicta a las compras) y estuve buscando alg\u00fan chaleco salvavidas, alg\u00fan inflable o algo muy parecido.<\/p>\n<p style=\"text-align: justify\">Y pues llegaron hoy mis nuevos flotadores, por supuesto mi esposo y en especial mi hija se rieron de m\u00ed, y ya me casi prohibieron ir as\u00ed a la alberca comunitaria.<\/p>\n<p style=\"text-align: justify\">Mis flotadores son de esos que se ponen en cada brazo, son de Bob esponja (que, a pesar de mi edad aun me siguen gustando las caricaturas), la verdad est\u00e1n mon\u00edsimos, y como no soy una mujer muy alta se que puedo pasar hasta por una ni\u00f1a y nadie se dar\u00e1 cuenta.<\/p>\n<p style=\"text-align: justify\">Pero mi hija est\u00e1 totalmente en desacuerdo, dice que a mi edad (aun no llego ni al 4to. piso) ese tipo de salvavidas ya no me quedan y que solo lograre avergonzarla, pero yo lo hago por mi seguridad, por la de ellos y en especial por los dem\u00e1s nadadores.<\/p>\n<p style=\"text-align: justify\">La ultima vez que me met\u00ed al agua, llegaron los encargados del lugar porque creyeron que estaban matando a alguien, pero no es mi culpa que mi esposo no me haya agarrado bien cuando intente brincar a la piscina. As\u00ed que para evitarme penas, compre estos lind\u00edsimos flotadores.<\/p>\n<p style=\"text-align: justify\">Aunque ahora que lo pienso, ojala existieran esos tipos de flotadores para cualquier situaci\u00f3n de la vida diaria, as\u00ed super bonitos, divertidos, har\u00edan que la vida se sobrellevara mejor y uno se sentir\u00eda mas seguro, como cuando eramos ni\u00f1os y sab\u00edamos que nada pasar\u00eda y solo se pensaba en vivir.<\/p>\n<p style=\"text-align: justify\">Y para terminar, hoy ir\u00e9 a la alberca, sola y con mi dignidad en alto, con un traje de ba\u00f1o que haga juego con mis flotadores, y que si a alguien no le gusta o molesta, pues que cierre los ojos. La vida es para eso, disfrutarla a pesar de todo.<\/p>\n<p><img loading=\"lazy\" decoding=\"async\" class=\"aligncenter wp-image-371 size-full\" src=\"https:\/\/lacolmena.link\/letrassobrecubierta\/wp-content\/uploads\/sites\/5\/2021\/06\/flotador.jpg\" alt=\"\" width=\"900\" height=\"651\" srcset=\"https:\/\/lacolmena.link\/letrassobrecubierta\/wp-content\/uploads\/sites\/5\/2021\/06\/flotador.jpg 900w, https:\/\/lacolmena.link\/letrassobrecubierta\/wp-content\/uploads\/sites\/5\/2021\/06\/flotador-300x217.jpg 300w, https:\/\/lacolmena.link\/letrassobrecubierta\/wp-content\/uploads\/sites\/5\/2021\/06\/flotador-768x556.jpg 768w\" sizes=\"auto, (max-width: 900px) 100vw, 900px\" \/><\/p>\n","protected":false},"excerpt":{"rendered":"<p>Despu\u00e9s de unos d\u00edas de calma y que el clima en la ciudad de los vientos ha ido en aumento, muchos lugares han comenzado a abrir en su totalidad y con ello se han abierto las playas y albercas comunitarias. Realmente estoy muy contenta porque despu\u00e9s de un a\u00f1o muy ca\u00f3tico, la vida comienza a [&hellip;]<\/p>\n","protected":false},"author":11,"featured_media":0,"comment_status":"open","ping_status":"open","sticky":false,"template":"","format":"standard","meta":{"footnotes":""},"categories":[4],"tags":[],"class_list":["post-368","post","type-post","status-publish","format-standard","hentry","category-diario-ansiolitica"],"yoast_head":"<!-- This site is optimized with the Yoast SEO plugin v27.5 - https:\/\/yoast.com\/product\/yoast-seo-wordpress\/ -->\n<title>Diario de una Ansiolitica - Flotadores - LetrasSobrecubierta<\/title>\n<meta name=\"robots\" content=\"index, follow, max-snippet:-1, max-image-preview:large, max-video-preview:-1\" \/>\n<link rel=\"canonical\" href=\"https:\/\/lacolmena.link\/letrassobrecubierta\/2021\/06\/10\/diario-de-una-ansiolitica-flotadores\/\" \/>\n<meta property=\"og:locale\" content=\"es_ES\" \/>\n<meta property=\"og:type\" content=\"article\" \/>\n<meta property=\"og:title\" content=\"Diario de una Ansiolitica - Flotadores - LetrasSobrecubierta\" \/>\n<meta property=\"og:description\" content=\"Despu\u00e9s de unos d\u00edas de calma y que el clima en la ciudad de los vientos ha ido en aumento, muchos lugares han comenzado a abrir en su totalidad y con ello se han abierto las playas y albercas comunitarias. Realmente estoy muy contenta porque despu\u00e9s de un a\u00f1o muy ca\u00f3tico, la vida comienza a [&hellip;]\" \/>\n<meta property=\"og:url\" content=\"https:\/\/lacolmena.link\/letrassobrecubierta\/2021\/06\/10\/diario-de-una-ansiolitica-flotadores\/\" \/>\n<meta property=\"og:site_name\" content=\"LetrasSobrecubierta\" \/>\n<meta property=\"article:published_time\" content=\"2021-06-10T19:10:51+00:00\" \/>\n<meta property=\"article:modified_time\" content=\"2022-02-09T22:04:30+00:00\" \/>\n<meta property=\"og:image\" content=\"https:\/\/lacolmena.link\/letrassobrecubierta\/wp-content\/uploads\/sites\/5\/2021\/06\/flotador.jpg\" \/>\n\t<meta property=\"og:image:width\" content=\"900\" \/>\n\t<meta property=\"og:image:height\" content=\"651\" \/>\n\t<meta property=\"og:image:type\" content=\"image\/jpeg\" \/>\n<meta name=\"author\" content=\"Victoria Galindo\" \/>\n<meta name=\"twitter:card\" content=\"summary_large_image\" \/>\n<meta name=\"twitter:label1\" content=\"Escrito por\" \/>\n\t<meta name=\"twitter:data1\" content=\"Victoria Galindo\" \/>\n\t<meta name=\"twitter:label2\" content=\"Tiempo de lectura\" \/>\n\t<meta name=\"twitter:data2\" content=\"3 minutos\" \/>\n<script type=\"application\/ld+json\" class=\"yoast-schema-graph\">{\"@context\":\"https:\\\/\\\/schema.org\",\"@graph\":[{\"@type\":\"Article\",\"@id\":\"https:\\\/\\\/lacolmena.link\\\/letrassobrecubierta\\\/2021\\\/06\\\/10\\\/diario-de-una-ansiolitica-flotadores\\\/#article\",\"isPartOf\":{\"@id\":\"https:\\\/\\\/lacolmena.link\\\/letrassobrecubierta\\\/2021\\\/06\\\/10\\\/diario-de-una-ansiolitica-flotadores\\\/\"},\"author\":{\"name\":\"Victoria Galindo\",\"@id\":\"https:\\\/\\\/lacolmena.link\\\/letrassobrecubierta\\\/#\\\/schema\\\/person\\\/4ed400a5133f48fc75c6429a6e3fb4c8\"},\"headline\":\"Diario de una Ansiolitica &#8211; Flotadores\",\"datePublished\":\"2021-06-10T19:10:51+00:00\",\"dateModified\":\"2022-02-09T22:04:30+00:00\",\"mainEntityOfPage\":{\"@id\":\"https:\\\/\\\/lacolmena.link\\\/letrassobrecubierta\\\/2021\\\/06\\\/10\\\/diario-de-una-ansiolitica-flotadores\\\/\"},\"wordCount\":667,\"commentCount\":0,\"image\":{\"@id\":\"https:\\\/\\\/lacolmena.link\\\/letrassobrecubierta\\\/2021\\\/06\\\/10\\\/diario-de-una-ansiolitica-flotadores\\\/#primaryimage\"},\"thumbnailUrl\":\"https:\\\/\\\/lacolmena.link\\\/letrassobrecubierta\\\/wp-content\\\/uploads\\\/sites\\\/5\\\/2021\\\/06\\\/flotador.jpg\",\"articleSection\":[\"Diario de una Ansiolitica\"],\"inLanguage\":\"es\",\"potentialAction\":[{\"@type\":\"CommentAction\",\"name\":\"Comment\",\"target\":[\"https:\\\/\\\/lacolmena.link\\\/letrassobrecubierta\\\/2021\\\/06\\\/10\\\/diario-de-una-ansiolitica-flotadores\\\/#respond\"]}]},{\"@type\":\"WebPage\",\"@id\":\"https:\\\/\\\/lacolmena.link\\\/letrassobrecubierta\\\/2021\\\/06\\\/10\\\/diario-de-una-ansiolitica-flotadores\\\/\",\"url\":\"https:\\\/\\\/lacolmena.link\\\/letrassobrecubierta\\\/2021\\\/06\\\/10\\\/diario-de-una-ansiolitica-flotadores\\\/\",\"name\":\"Diario de una Ansiolitica - Flotadores - LetrasSobrecubierta\",\"isPartOf\":{\"@id\":\"https:\\\/\\\/lacolmena.link\\\/letrassobrecubierta\\\/#website\"},\"primaryImageOfPage\":{\"@id\":\"https:\\\/\\\/lacolmena.link\\\/letrassobrecubierta\\\/2021\\\/06\\\/10\\\/diario-de-una-ansiolitica-flotadores\\\/#primaryimage\"},\"image\":{\"@id\":\"https:\\\/\\\/lacolmena.link\\\/letrassobrecubierta\\\/2021\\\/06\\\/10\\\/diario-de-una-ansiolitica-flotadores\\\/#primaryimage\"},\"thumbnailUrl\":\"https:\\\/\\\/lacolmena.link\\\/letrassobrecubierta\\\/wp-content\\\/uploads\\\/sites\\\/5\\\/2021\\\/06\\\/flotador.jpg\",\"datePublished\":\"2021-06-10T19:10:51+00:00\",\"dateModified\":\"2022-02-09T22:04:30+00:00\",\"author\":{\"@id\":\"https:\\\/\\\/lacolmena.link\\\/letrassobrecubierta\\\/#\\\/schema\\\/person\\\/4ed400a5133f48fc75c6429a6e3fb4c8\"},\"breadcrumb\":{\"@id\":\"https:\\\/\\\/lacolmena.link\\\/letrassobrecubierta\\\/2021\\\/06\\\/10\\\/diario-de-una-ansiolitica-flotadores\\\/#breadcrumb\"},\"inLanguage\":\"es\",\"potentialAction\":[{\"@type\":\"ReadAction\",\"target\":[\"https:\\\/\\\/lacolmena.link\\\/letrassobrecubierta\\\/2021\\\/06\\\/10\\\/diario-de-una-ansiolitica-flotadores\\\/\"]}]},{\"@type\":\"ImageObject\",\"inLanguage\":\"es\",\"@id\":\"https:\\\/\\\/lacolmena.link\\\/letrassobrecubierta\\\/2021\\\/06\\\/10\\\/diario-de-una-ansiolitica-flotadores\\\/#primaryimage\",\"url\":\"https:\\\/\\\/lacolmena.link\\\/letrassobrecubierta\\\/wp-content\\\/uploads\\\/sites\\\/5\\\/2021\\\/06\\\/flotador.jpg\",\"contentUrl\":\"https:\\\/\\\/lacolmena.link\\\/letrassobrecubierta\\\/wp-content\\\/uploads\\\/sites\\\/5\\\/2021\\\/06\\\/flotador.jpg\",\"width\":900,\"height\":651},{\"@type\":\"BreadcrumbList\",\"@id\":\"https:\\\/\\\/lacolmena.link\\\/letrassobrecubierta\\\/2021\\\/06\\\/10\\\/diario-de-una-ansiolitica-flotadores\\\/#breadcrumb\",\"itemListElement\":[{\"@type\":\"ListItem\",\"position\":1,\"name\":\"Portada\",\"item\":\"https:\\\/\\\/lacolmena.link\\\/letrassobrecubierta\\\/\"},{\"@type\":\"ListItem\",\"position\":2,\"name\":\"Diario de una Ansiolitica &#8211; Flotadores\"}]},{\"@type\":\"WebSite\",\"@id\":\"https:\\\/\\\/lacolmena.link\\\/letrassobrecubierta\\\/#website\",\"url\":\"https:\\\/\\\/lacolmena.link\\\/letrassobrecubierta\\\/\",\"name\":\"LetrasSobrecubierta\",\"description\":\"Blog de prosa l\u00edrica, cuentos, microrrelatos, historias cortas y m\u00e1s...\",\"potentialAction\":[{\"@type\":\"SearchAction\",\"target\":{\"@type\":\"EntryPoint\",\"urlTemplate\":\"https:\\\/\\\/lacolmena.link\\\/letrassobrecubierta\\\/?s={search_term_string}\"},\"query-input\":{\"@type\":\"PropertyValueSpecification\",\"valueRequired\":true,\"valueName\":\"search_term_string\"}}],\"inLanguage\":\"es\"},{\"@type\":\"Person\",\"@id\":\"https:\\\/\\\/lacolmena.link\\\/letrassobrecubierta\\\/#\\\/schema\\\/person\\\/4ed400a5133f48fc75c6429a6e3fb4c8\",\"name\":\"Victoria Galindo\",\"image\":{\"@type\":\"ImageObject\",\"inLanguage\":\"es\",\"@id\":\"https:\\\/\\\/secure.gravatar.com\\\/avatar\\\/0e0d579cbf7483c21b21f93bb5e9924e406a7fefb9703667510e4eb8b2c96a5b?s=96&d=mm&r=g\",\"url\":\"https:\\\/\\\/secure.gravatar.com\\\/avatar\\\/0e0d579cbf7483c21b21f93bb5e9924e406a7fefb9703667510e4eb8b2c96a5b?s=96&d=mm&r=g\",\"contentUrl\":\"https:\\\/\\\/secure.gravatar.com\\\/avatar\\\/0e0d579cbf7483c21b21f93bb5e9924e406a7fefb9703667510e4eb8b2c96a5b?s=96&d=mm&r=g\",\"caption\":\"Victoria Galindo\"},\"url\":\"https:\\\/\\\/lacolmena.link\\\/letrassobrecubierta\\\/author\\\/vicky\\\/\"}]}<\/script>\n<!-- \/ Yoast SEO plugin. -->","yoast_head_json":{"title":"Diario de una Ansiolitica - Flotadores - LetrasSobrecubierta","robots":{"index":"index","follow":"follow","max-snippet":"max-snippet:-1","max-image-preview":"max-image-preview:large","max-video-preview":"max-video-preview:-1"},"canonical":"https:\/\/lacolmena.link\/letrassobrecubierta\/2021\/06\/10\/diario-de-una-ansiolitica-flotadores\/","og_locale":"es_ES","og_type":"article","og_title":"Diario de una Ansiolitica - Flotadores - LetrasSobrecubierta","og_description":"Despu\u00e9s de unos d\u00edas de calma y que el clima en la ciudad de los vientos ha ido en aumento, muchos lugares han comenzado a abrir en su totalidad y con ello se han abierto las playas y albercas comunitarias. Realmente estoy muy contenta porque despu\u00e9s de un a\u00f1o muy ca\u00f3tico, la vida comienza a [&hellip;]","og_url":"https:\/\/lacolmena.link\/letrassobrecubierta\/2021\/06\/10\/diario-de-una-ansiolitica-flotadores\/","og_site_name":"LetrasSobrecubierta","article_published_time":"2021-06-10T19:10:51+00:00","article_modified_time":"2022-02-09T22:04:30+00:00","og_image":[{"width":900,"height":651,"url":"https:\/\/lacolmena.link\/letrassobrecubierta\/wp-content\/uploads\/sites\/5\/2021\/06\/flotador.jpg","type":"image\/jpeg"}],"author":"Victoria Galindo","twitter_card":"summary_large_image","twitter_misc":{"Escrito por":"Victoria Galindo","Tiempo de lectura":"3 minutos"},"schema":{"@context":"https:\/\/schema.org","@graph":[{"@type":"Article","@id":"https:\/\/lacolmena.link\/letrassobrecubierta\/2021\/06\/10\/diario-de-una-ansiolitica-flotadores\/#article","isPartOf":{"@id":"https:\/\/lacolmena.link\/letrassobrecubierta\/2021\/06\/10\/diario-de-una-ansiolitica-flotadores\/"},"author":{"name":"Victoria Galindo","@id":"https:\/\/lacolmena.link\/letrassobrecubierta\/#\/schema\/person\/4ed400a5133f48fc75c6429a6e3fb4c8"},"headline":"Diario de una Ansiolitica &#8211; Flotadores","datePublished":"2021-06-10T19:10:51+00:00","dateModified":"2022-02-09T22:04:30+00:00","mainEntityOfPage":{"@id":"https:\/\/lacolmena.link\/letrassobrecubierta\/2021\/06\/10\/diario-de-una-ansiolitica-flotadores\/"},"wordCount":667,"commentCount":0,"image":{"@id":"https:\/\/lacolmena.link\/letrassobrecubierta\/2021\/06\/10\/diario-de-una-ansiolitica-flotadores\/#primaryimage"},"thumbnailUrl":"https:\/\/lacolmena.link\/letrassobrecubierta\/wp-content\/uploads\/sites\/5\/2021\/06\/flotador.jpg","articleSection":["Diario de una Ansiolitica"],"inLanguage":"es","potentialAction":[{"@type":"CommentAction","name":"Comment","target":["https:\/\/lacolmena.link\/letrassobrecubierta\/2021\/06\/10\/diario-de-una-ansiolitica-flotadores\/#respond"]}]},{"@type":"WebPage","@id":"https:\/\/lacolmena.link\/letrassobrecubierta\/2021\/06\/10\/diario-de-una-ansiolitica-flotadores\/","url":"https:\/\/lacolmena.link\/letrassobrecubierta\/2021\/06\/10\/diario-de-una-ansiolitica-flotadores\/","name":"Diario de una Ansiolitica - Flotadores - LetrasSobrecubierta","isPartOf":{"@id":"https:\/\/lacolmena.link\/letrassobrecubierta\/#website"},"primaryImageOfPage":{"@id":"https:\/\/lacolmena.link\/letrassobrecubierta\/2021\/06\/10\/diario-de-una-ansiolitica-flotadores\/#primaryimage"},"image":{"@id":"https:\/\/lacolmena.link\/letrassobrecubierta\/2021\/06\/10\/diario-de-una-ansiolitica-flotadores\/#primaryimage"},"thumbnailUrl":"https:\/\/lacolmena.link\/letrassobrecubierta\/wp-content\/uploads\/sites\/5\/2021\/06\/flotador.jpg","datePublished":"2021-06-10T19:10:51+00:00","dateModified":"2022-02-09T22:04:30+00:00","author":{"@id":"https:\/\/lacolmena.link\/letrassobrecubierta\/#\/schema\/person\/4ed400a5133f48fc75c6429a6e3fb4c8"},"breadcrumb":{"@id":"https:\/\/lacolmena.link\/letrassobrecubierta\/2021\/06\/10\/diario-de-una-ansiolitica-flotadores\/#breadcrumb"},"inLanguage":"es","potentialAction":[{"@type":"ReadAction","target":["https:\/\/lacolmena.link\/letrassobrecubierta\/2021\/06\/10\/diario-de-una-ansiolitica-flotadores\/"]}]},{"@type":"ImageObject","inLanguage":"es","@id":"https:\/\/lacolmena.link\/letrassobrecubierta\/2021\/06\/10\/diario-de-una-ansiolitica-flotadores\/#primaryimage","url":"https:\/\/lacolmena.link\/letrassobrecubierta\/wp-content\/uploads\/sites\/5\/2021\/06\/flotador.jpg","contentUrl":"https:\/\/lacolmena.link\/letrassobrecubierta\/wp-content\/uploads\/sites\/5\/2021\/06\/flotador.jpg","width":900,"height":651},{"@type":"BreadcrumbList","@id":"https:\/\/lacolmena.link\/letrassobrecubierta\/2021\/06\/10\/diario-de-una-ansiolitica-flotadores\/#breadcrumb","itemListElement":[{"@type":"ListItem","position":1,"name":"Portada","item":"https:\/\/lacolmena.link\/letrassobrecubierta\/"},{"@type":"ListItem","position":2,"name":"Diario de una Ansiolitica &#8211; Flotadores"}]},{"@type":"WebSite","@id":"https:\/\/lacolmena.link\/letrassobrecubierta\/#website","url":"https:\/\/lacolmena.link\/letrassobrecubierta\/","name":"LetrasSobrecubierta","description":"Blog de prosa l\u00edrica, cuentos, microrrelatos, historias cortas y m\u00e1s...","potentialAction":[{"@type":"SearchAction","target":{"@type":"EntryPoint","urlTemplate":"https:\/\/lacolmena.link\/letrassobrecubierta\/?s={search_term_string}"},"query-input":{"@type":"PropertyValueSpecification","valueRequired":true,"valueName":"search_term_string"}}],"inLanguage":"es"},{"@type":"Person","@id":"https:\/\/lacolmena.link\/letrassobrecubierta\/#\/schema\/person\/4ed400a5133f48fc75c6429a6e3fb4c8","name":"Victoria Galindo","image":{"@type":"ImageObject","inLanguage":"es","@id":"https:\/\/secure.gravatar.com\/avatar\/0e0d579cbf7483c21b21f93bb5e9924e406a7fefb9703667510e4eb8b2c96a5b?s=96&d=mm&r=g","url":"https:\/\/secure.gravatar.com\/avatar\/0e0d579cbf7483c21b21f93bb5e9924e406a7fefb9703667510e4eb8b2c96a5b?s=96&d=mm&r=g","contentUrl":"https:\/\/secure.gravatar.com\/avatar\/0e0d579cbf7483c21b21f93bb5e9924e406a7fefb9703667510e4eb8b2c96a5b?s=96&d=mm&r=g","caption":"Victoria Galindo"},"url":"https:\/\/lacolmena.link\/letrassobrecubierta\/author\/vicky\/"}]}},"_links":{"self":[{"href":"https:\/\/lacolmena.link\/letrassobrecubierta\/wp-json\/wp\/v2\/posts\/368","targetHints":{"allow":["GET"]}}],"collection":[{"href":"https:\/\/lacolmena.link\/letrassobrecubierta\/wp-json\/wp\/v2\/posts"}],"about":[{"href":"https:\/\/lacolmena.link\/letrassobrecubierta\/wp-json\/wp\/v2\/types\/post"}],"author":[{"embeddable":true,"href":"https:\/\/lacolmena.link\/letrassobrecubierta\/wp-json\/wp\/v2\/users\/11"}],"replies":[{"embeddable":true,"href":"https:\/\/lacolmena.link\/letrassobrecubierta\/wp-json\/wp\/v2\/comments?post=368"}],"version-history":[{"count":3,"href":"https:\/\/lacolmena.link\/letrassobrecubierta\/wp-json\/wp\/v2\/posts\/368\/revisions"}],"predecessor-version":[{"id":372,"href":"https:\/\/lacolmena.link\/letrassobrecubierta\/wp-json\/wp\/v2\/posts\/368\/revisions\/372"}],"wp:attachment":[{"href":"https:\/\/lacolmena.link\/letrassobrecubierta\/wp-json\/wp\/v2\/media?parent=368"}],"wp:term":[{"taxonomy":"category","embeddable":true,"href":"https:\/\/lacolmena.link\/letrassobrecubierta\/wp-json\/wp\/v2\/categories?post=368"},{"taxonomy":"post_tag","embeddable":true,"href":"https:\/\/lacolmena.link\/letrassobrecubierta\/wp-json\/wp\/v2\/tags?post=368"}],"curies":[{"name":"wp","href":"https:\/\/api.w.org\/{rel}","templated":true}]}}