{"id":375,"date":"2021-06-17T12:59:03","date_gmt":"2021-06-17T17:59:03","guid":{"rendered":"https:\/\/lacolmena.link\/letrassobrecubierta\/?p=375"},"modified":"2021-06-17T13:42:01","modified_gmt":"2021-06-17T18:42:01","slug":"diario-de-una-ansiolitica-tormentas","status":"publish","type":"post","link":"https:\/\/lacolmena.link\/letrassobrecubierta\/2021\/06\/17\/diario-de-una-ansiolitica-tormentas\/","title":{"rendered":"Diario de una Ansiolitica &#8211; Tormentas"},"content":{"rendered":"<p style=\"text-align: justify\">Las idas a la piscina han estado fabulosas, he descansado, me he desestresado (bueno solo un poco), y he visto unos cuantos cueros que para que les platico (la temporada de alberca se ha vuelto mi favorita); y no se diga mis fant\u00e1sticos flotadores, creo que ya hasta impuse cierta moda porque he visto a varias chicos y chicas usando unos muy parecidos a los m\u00edos, as\u00ed que ya no me siento tan avergonzada, y a mi familia como siempre lo termino tomando de muy buena manera (obvio, despu\u00e9s de los berrinches que les hice).<\/p>\n<p style=\"text-align: justify\">Amo la temporada del calor, es verdad soy m\u00e1s de clima fri\u00f3 que caliente, pero cuando vives en una ciudad donde la mitad del a\u00f1o es invierno, y solo 3 meses son de calor, pues uno se vuelve adicto a los d\u00edas calurosos (as\u00ed como me he vuelto adicta a los dulces mexicanos).<\/p>\n<p style=\"text-align: justify\">Y como digo 3 meses, tal ves suene exagerado, pero as\u00ed lo siento yo, aunque es divertido pensar que la temporada de primavera y casi la de verano uno piensa que no sufriremos de fri\u00f3 (por supuesto que si, y m\u00e1s con los aires acondicionados que ponen en los lugares que hasta parecen congeladores), aires locos (me refiero a la temporada de tornados, que despu\u00e9s hablare de ello), tormentas, y que en cierta manera la vida de la gente se vuelva mas caliente (en el buen sentido de la palabra).<\/p>\n<p style=\"text-align: justify\">Ya saben soy una escritora empedernida, ama de casa, esposa, madre, y ya no le sigo porque sino me parecer\u00e9 a esos memes que tanta gracia me dan ver en mis redes sociales acerca de mujeres luchonas; pero debo decirles que a pesar de todo esto y tratar de ser una mujer valiente, aun no puedo lidiar con las tormentas.<\/p>\n<p style=\"text-align: justify\">Recuerdo cuando era ni\u00f1a ir corriendo a la cama de mis padres a refugiarme o simplemente ponerme pegarme como sanguijuela pegada a mi hermana en su cama. Conforme fui creciendo, me fui haciendo a la idea que habr\u00eda tormentas en la vida y no siempre ser\u00edan por causas naturales, muchas de mis tormentas son por causas m\u00edas.<\/p>\n<p style=\"text-align: justify\">Aunque cuando era un poco m\u00e1s joven y antes de casarme por supuesto, aprovechaba los d\u00edas de lluvia y en especial los de tormentas el\u00e9ctricas para dejarme apapachar en los brazos de cuantos muchachos pudiera (los miedos traen buenas recompensas). Y ahora que estoy casada pues es mi mejor t\u00e1ctica para que mi esposo me consienta.<\/p>\n<p style=\"text-align: justify\">Pero a pesar de las explicaciones cient\u00edficas que me doy y que en su momento le di a mi hija, no puedo con los sonidos que hacen los truenos, a veces pienso que los sonidos me transportan a una vida antepasada (tal ves yo era la diosa del rayo), o a veces a mi ni\u00f1ez o a momentos extra\u00f1os que he tenido en la vida (y eso si que aterra).<\/p>\n<p style=\"text-align: justify\">Y est\u00e1 semana hemos tenido algunas tormentas y estar afuera de casa mientras est\u00e1 sucediendo, la experiencia no es muy grata que digamos, aunque lo gracioso fue que intente mantener la cordura, la postura y no tener miedo, pero la verdad es que casi no pude y fue as\u00ed que romp\u00ed mi propio r\u00e9cord corriendo rumbo a la casa y con despensa en mano cargando.<\/p>\n<p style=\"text-align: justify\">No obstante ahora que lo pienso ser\u00eda un muy buen ejercicio esto de correr por miedo, porque creo que del susto, la corrida y claro el peso de las cosas, me hicieron perder unos cuantos kilitos (que la verdad si necesito perder).<\/p>\n<p style=\"text-align: justify\">Ojala que las tormentas propias lograran esto: bajarme de peso, y no al contrario, y pienso que dan mas miedo esas situaciones que una simple tormenta el\u00e9ctrica.<\/p>\n<p style=\"text-align: justify\">Pero como dicen, despu\u00e9s de cada tormenta sale el sol o viene la calma, que yo espero que mi calma venga acompa\u00f1ado de un buen martini, un buen sexo y un buen libro.<\/p>\n<p><img loading=\"lazy\" decoding=\"async\" class=\"aligncenter wp-image-378 size-large\" src=\"https:\/\/lacolmena.link\/letrassobrecubierta\/wp-content\/uploads\/sites\/5\/2021\/06\/tormenta-1024x683.jpg\" alt=\"\" width=\"580\" height=\"387\" srcset=\"https:\/\/lacolmena.link\/letrassobrecubierta\/wp-content\/uploads\/sites\/5\/2021\/06\/tormenta-1024x683.jpg 1024w, https:\/\/lacolmena.link\/letrassobrecubierta\/wp-content\/uploads\/sites\/5\/2021\/06\/tormenta-300x200.jpg 300w, https:\/\/lacolmena.link\/letrassobrecubierta\/wp-content\/uploads\/sites\/5\/2021\/06\/tormenta-768x512.jpg 768w, https:\/\/lacolmena.link\/letrassobrecubierta\/wp-content\/uploads\/sites\/5\/2021\/06\/tormenta-1536x1024.jpg 1536w, https:\/\/lacolmena.link\/letrassobrecubierta\/wp-content\/uploads\/sites\/5\/2021\/06\/tormenta-1200x800.jpg 1200w, https:\/\/lacolmena.link\/letrassobrecubierta\/wp-content\/uploads\/sites\/5\/2021\/06\/tormenta.jpg 1600w\" sizes=\"auto, (max-width: 580px) 100vw, 580px\" \/><\/p>\n","protected":false},"excerpt":{"rendered":"<p>Las idas a la piscina han estado fabulosas, he descansado, me he desestresado (bueno solo un poco), y he visto unos cuantos cueros que para que les platico (la temporada de alberca se ha vuelto mi favorita); y no se diga mis fant\u00e1sticos flotadores, creo que ya hasta impuse cierta moda porque he visto a [&hellip;]<\/p>\n","protected":false},"author":11,"featured_media":0,"comment_status":"open","ping_status":"open","sticky":false,"template":"","format":"standard","meta":{"footnotes":""},"categories":[4],"tags":[],"class_list":["post-375","post","type-post","status-publish","format-standard","hentry","category-diario-ansiolitica"],"yoast_head":"<!-- This site is optimized with the Yoast SEO plugin v27.5 - https:\/\/yoast.com\/product\/yoast-seo-wordpress\/ -->\n<title>Diario de una Ansiolitica - Tormentas - LetrasSobrecubierta<\/title>\n<meta name=\"robots\" content=\"index, follow, max-snippet:-1, max-image-preview:large, max-video-preview:-1\" \/>\n<link rel=\"canonical\" href=\"https:\/\/lacolmena.link\/letrassobrecubierta\/2021\/06\/17\/diario-de-una-ansiolitica-tormentas\/\" \/>\n<meta property=\"og:locale\" content=\"es_ES\" \/>\n<meta property=\"og:type\" content=\"article\" \/>\n<meta property=\"og:title\" content=\"Diario de una Ansiolitica - Tormentas - LetrasSobrecubierta\" \/>\n<meta property=\"og:description\" content=\"Las idas a la piscina han estado fabulosas, he descansado, me he desestresado (bueno solo un poco), y he visto unos cuantos cueros que para que les platico (la temporada de alberca se ha vuelto mi favorita); y no se diga mis fant\u00e1sticos flotadores, creo que ya hasta impuse cierta moda porque he visto a [&hellip;]\" \/>\n<meta property=\"og:url\" content=\"https:\/\/lacolmena.link\/letrassobrecubierta\/2021\/06\/17\/diario-de-una-ansiolitica-tormentas\/\" \/>\n<meta property=\"og:site_name\" content=\"LetrasSobrecubierta\" \/>\n<meta property=\"article:published_time\" content=\"2021-06-17T17:59:03+00:00\" \/>\n<meta property=\"article:modified_time\" content=\"2021-06-17T18:42:01+00:00\" \/>\n<meta property=\"og:image\" content=\"https:\/\/lacolmena.link\/letrassobrecubierta\/wp-content\/uploads\/sites\/5\/2021\/06\/tormenta.jpg\" \/>\n\t<meta property=\"og:image:width\" content=\"1600\" \/>\n\t<meta property=\"og:image:height\" content=\"1067\" \/>\n\t<meta property=\"og:image:type\" content=\"image\/jpeg\" \/>\n<meta name=\"author\" content=\"Victoria Galindo\" \/>\n<meta name=\"twitter:card\" content=\"summary_large_image\" \/>\n<meta name=\"twitter:label1\" content=\"Escrito por\" \/>\n\t<meta name=\"twitter:data1\" content=\"Victoria Galindo\" \/>\n\t<meta name=\"twitter:label2\" content=\"Tiempo de lectura\" \/>\n\t<meta name=\"twitter:data2\" content=\"3 minutos\" \/>\n<script type=\"application\/ld+json\" class=\"yoast-schema-graph\">{\"@context\":\"https:\\\/\\\/schema.org\",\"@graph\":[{\"@type\":\"Article\",\"@id\":\"https:\\\/\\\/lacolmena.link\\\/letrassobrecubierta\\\/2021\\\/06\\\/17\\\/diario-de-una-ansiolitica-tormentas\\\/#article\",\"isPartOf\":{\"@id\":\"https:\\\/\\\/lacolmena.link\\\/letrassobrecubierta\\\/2021\\\/06\\\/17\\\/diario-de-una-ansiolitica-tormentas\\\/\"},\"author\":{\"name\":\"Victoria Galindo\",\"@id\":\"https:\\\/\\\/lacolmena.link\\\/letrassobrecubierta\\\/#\\\/schema\\\/person\\\/4ed400a5133f48fc75c6429a6e3fb4c8\"},\"headline\":\"Diario de una Ansiolitica &#8211; Tormentas\",\"datePublished\":\"2021-06-17T17:59:03+00:00\",\"dateModified\":\"2021-06-17T18:42:01+00:00\",\"mainEntityOfPage\":{\"@id\":\"https:\\\/\\\/lacolmena.link\\\/letrassobrecubierta\\\/2021\\\/06\\\/17\\\/diario-de-una-ansiolitica-tormentas\\\/\"},\"wordCount\":676,\"commentCount\":0,\"image\":{\"@id\":\"https:\\\/\\\/lacolmena.link\\\/letrassobrecubierta\\\/2021\\\/06\\\/17\\\/diario-de-una-ansiolitica-tormentas\\\/#primaryimage\"},\"thumbnailUrl\":\"https:\\\/\\\/lacolmena.link\\\/letrassobrecubierta\\\/wp-content\\\/uploads\\\/sites\\\/5\\\/2021\\\/06\\\/tormenta-1024x683.jpg\",\"articleSection\":[\"Diario de una Ansiolitica\"],\"inLanguage\":\"es\",\"potentialAction\":[{\"@type\":\"CommentAction\",\"name\":\"Comment\",\"target\":[\"https:\\\/\\\/lacolmena.link\\\/letrassobrecubierta\\\/2021\\\/06\\\/17\\\/diario-de-una-ansiolitica-tormentas\\\/#respond\"]}]},{\"@type\":\"WebPage\",\"@id\":\"https:\\\/\\\/lacolmena.link\\\/letrassobrecubierta\\\/2021\\\/06\\\/17\\\/diario-de-una-ansiolitica-tormentas\\\/\",\"url\":\"https:\\\/\\\/lacolmena.link\\\/letrassobrecubierta\\\/2021\\\/06\\\/17\\\/diario-de-una-ansiolitica-tormentas\\\/\",\"name\":\"Diario de una Ansiolitica - Tormentas - LetrasSobrecubierta\",\"isPartOf\":{\"@id\":\"https:\\\/\\\/lacolmena.link\\\/letrassobrecubierta\\\/#website\"},\"primaryImageOfPage\":{\"@id\":\"https:\\\/\\\/lacolmena.link\\\/letrassobrecubierta\\\/2021\\\/06\\\/17\\\/diario-de-una-ansiolitica-tormentas\\\/#primaryimage\"},\"image\":{\"@id\":\"https:\\\/\\\/lacolmena.link\\\/letrassobrecubierta\\\/2021\\\/06\\\/17\\\/diario-de-una-ansiolitica-tormentas\\\/#primaryimage\"},\"thumbnailUrl\":\"https:\\\/\\\/lacolmena.link\\\/letrassobrecubierta\\\/wp-content\\\/uploads\\\/sites\\\/5\\\/2021\\\/06\\\/tormenta-1024x683.jpg\",\"datePublished\":\"2021-06-17T17:59:03+00:00\",\"dateModified\":\"2021-06-17T18:42:01+00:00\",\"author\":{\"@id\":\"https:\\\/\\\/lacolmena.link\\\/letrassobrecubierta\\\/#\\\/schema\\\/person\\\/4ed400a5133f48fc75c6429a6e3fb4c8\"},\"breadcrumb\":{\"@id\":\"https:\\\/\\\/lacolmena.link\\\/letrassobrecubierta\\\/2021\\\/06\\\/17\\\/diario-de-una-ansiolitica-tormentas\\\/#breadcrumb\"},\"inLanguage\":\"es\",\"potentialAction\":[{\"@type\":\"ReadAction\",\"target\":[\"https:\\\/\\\/lacolmena.link\\\/letrassobrecubierta\\\/2021\\\/06\\\/17\\\/diario-de-una-ansiolitica-tormentas\\\/\"]}]},{\"@type\":\"ImageObject\",\"inLanguage\":\"es\",\"@id\":\"https:\\\/\\\/lacolmena.link\\\/letrassobrecubierta\\\/2021\\\/06\\\/17\\\/diario-de-una-ansiolitica-tormentas\\\/#primaryimage\",\"url\":\"https:\\\/\\\/lacolmena.link\\\/letrassobrecubierta\\\/wp-content\\\/uploads\\\/sites\\\/5\\\/2021\\\/06\\\/tormenta.jpg\",\"contentUrl\":\"https:\\\/\\\/lacolmena.link\\\/letrassobrecubierta\\\/wp-content\\\/uploads\\\/sites\\\/5\\\/2021\\\/06\\\/tormenta.jpg\",\"width\":1600,\"height\":1067},{\"@type\":\"BreadcrumbList\",\"@id\":\"https:\\\/\\\/lacolmena.link\\\/letrassobrecubierta\\\/2021\\\/06\\\/17\\\/diario-de-una-ansiolitica-tormentas\\\/#breadcrumb\",\"itemListElement\":[{\"@type\":\"ListItem\",\"position\":1,\"name\":\"Portada\",\"item\":\"https:\\\/\\\/lacolmena.link\\\/letrassobrecubierta\\\/\"},{\"@type\":\"ListItem\",\"position\":2,\"name\":\"Diario de una Ansiolitica &#8211; Tormentas\"}]},{\"@type\":\"WebSite\",\"@id\":\"https:\\\/\\\/lacolmena.link\\\/letrassobrecubierta\\\/#website\",\"url\":\"https:\\\/\\\/lacolmena.link\\\/letrassobrecubierta\\\/\",\"name\":\"LetrasSobrecubierta\",\"description\":\"Blog de prosa l\u00edrica, cuentos, microrrelatos, historias cortas y m\u00e1s...\",\"potentialAction\":[{\"@type\":\"SearchAction\",\"target\":{\"@type\":\"EntryPoint\",\"urlTemplate\":\"https:\\\/\\\/lacolmena.link\\\/letrassobrecubierta\\\/?s={search_term_string}\"},\"query-input\":{\"@type\":\"PropertyValueSpecification\",\"valueRequired\":true,\"valueName\":\"search_term_string\"}}],\"inLanguage\":\"es\"},{\"@type\":\"Person\",\"@id\":\"https:\\\/\\\/lacolmena.link\\\/letrassobrecubierta\\\/#\\\/schema\\\/person\\\/4ed400a5133f48fc75c6429a6e3fb4c8\",\"name\":\"Victoria Galindo\",\"image\":{\"@type\":\"ImageObject\",\"inLanguage\":\"es\",\"@id\":\"https:\\\/\\\/secure.gravatar.com\\\/avatar\\\/0e0d579cbf7483c21b21f93bb5e9924e406a7fefb9703667510e4eb8b2c96a5b?s=96&d=mm&r=g\",\"url\":\"https:\\\/\\\/secure.gravatar.com\\\/avatar\\\/0e0d579cbf7483c21b21f93bb5e9924e406a7fefb9703667510e4eb8b2c96a5b?s=96&d=mm&r=g\",\"contentUrl\":\"https:\\\/\\\/secure.gravatar.com\\\/avatar\\\/0e0d579cbf7483c21b21f93bb5e9924e406a7fefb9703667510e4eb8b2c96a5b?s=96&d=mm&r=g\",\"caption\":\"Victoria Galindo\"},\"url\":\"https:\\\/\\\/lacolmena.link\\\/letrassobrecubierta\\\/author\\\/vicky\\\/\"}]}<\/script>\n<!-- \/ Yoast SEO plugin. -->","yoast_head_json":{"title":"Diario de una Ansiolitica - Tormentas - LetrasSobrecubierta","robots":{"index":"index","follow":"follow","max-snippet":"max-snippet:-1","max-image-preview":"max-image-preview:large","max-video-preview":"max-video-preview:-1"},"canonical":"https:\/\/lacolmena.link\/letrassobrecubierta\/2021\/06\/17\/diario-de-una-ansiolitica-tormentas\/","og_locale":"es_ES","og_type":"article","og_title":"Diario de una Ansiolitica - Tormentas - LetrasSobrecubierta","og_description":"Las idas a la piscina han estado fabulosas, he descansado, me he desestresado (bueno solo un poco), y he visto unos cuantos cueros que para que les platico (la temporada de alberca se ha vuelto mi favorita); y no se diga mis fant\u00e1sticos flotadores, creo que ya hasta impuse cierta moda porque he visto a [&hellip;]","og_url":"https:\/\/lacolmena.link\/letrassobrecubierta\/2021\/06\/17\/diario-de-una-ansiolitica-tormentas\/","og_site_name":"LetrasSobrecubierta","article_published_time":"2021-06-17T17:59:03+00:00","article_modified_time":"2021-06-17T18:42:01+00:00","og_image":[{"width":1600,"height":1067,"url":"https:\/\/lacolmena.link\/letrassobrecubierta\/wp-content\/uploads\/sites\/5\/2021\/06\/tormenta.jpg","type":"image\/jpeg"}],"author":"Victoria Galindo","twitter_card":"summary_large_image","twitter_misc":{"Escrito por":"Victoria Galindo","Tiempo de lectura":"3 minutos"},"schema":{"@context":"https:\/\/schema.org","@graph":[{"@type":"Article","@id":"https:\/\/lacolmena.link\/letrassobrecubierta\/2021\/06\/17\/diario-de-una-ansiolitica-tormentas\/#article","isPartOf":{"@id":"https:\/\/lacolmena.link\/letrassobrecubierta\/2021\/06\/17\/diario-de-una-ansiolitica-tormentas\/"},"author":{"name":"Victoria Galindo","@id":"https:\/\/lacolmena.link\/letrassobrecubierta\/#\/schema\/person\/4ed400a5133f48fc75c6429a6e3fb4c8"},"headline":"Diario de una Ansiolitica &#8211; Tormentas","datePublished":"2021-06-17T17:59:03+00:00","dateModified":"2021-06-17T18:42:01+00:00","mainEntityOfPage":{"@id":"https:\/\/lacolmena.link\/letrassobrecubierta\/2021\/06\/17\/diario-de-una-ansiolitica-tormentas\/"},"wordCount":676,"commentCount":0,"image":{"@id":"https:\/\/lacolmena.link\/letrassobrecubierta\/2021\/06\/17\/diario-de-una-ansiolitica-tormentas\/#primaryimage"},"thumbnailUrl":"https:\/\/lacolmena.link\/letrassobrecubierta\/wp-content\/uploads\/sites\/5\/2021\/06\/tormenta-1024x683.jpg","articleSection":["Diario de una Ansiolitica"],"inLanguage":"es","potentialAction":[{"@type":"CommentAction","name":"Comment","target":["https:\/\/lacolmena.link\/letrassobrecubierta\/2021\/06\/17\/diario-de-una-ansiolitica-tormentas\/#respond"]}]},{"@type":"WebPage","@id":"https:\/\/lacolmena.link\/letrassobrecubierta\/2021\/06\/17\/diario-de-una-ansiolitica-tormentas\/","url":"https:\/\/lacolmena.link\/letrassobrecubierta\/2021\/06\/17\/diario-de-una-ansiolitica-tormentas\/","name":"Diario de una Ansiolitica - Tormentas - LetrasSobrecubierta","isPartOf":{"@id":"https:\/\/lacolmena.link\/letrassobrecubierta\/#website"},"primaryImageOfPage":{"@id":"https:\/\/lacolmena.link\/letrassobrecubierta\/2021\/06\/17\/diario-de-una-ansiolitica-tormentas\/#primaryimage"},"image":{"@id":"https:\/\/lacolmena.link\/letrassobrecubierta\/2021\/06\/17\/diario-de-una-ansiolitica-tormentas\/#primaryimage"},"thumbnailUrl":"https:\/\/lacolmena.link\/letrassobrecubierta\/wp-content\/uploads\/sites\/5\/2021\/06\/tormenta-1024x683.jpg","datePublished":"2021-06-17T17:59:03+00:00","dateModified":"2021-06-17T18:42:01+00:00","author":{"@id":"https:\/\/lacolmena.link\/letrassobrecubierta\/#\/schema\/person\/4ed400a5133f48fc75c6429a6e3fb4c8"},"breadcrumb":{"@id":"https:\/\/lacolmena.link\/letrassobrecubierta\/2021\/06\/17\/diario-de-una-ansiolitica-tormentas\/#breadcrumb"},"inLanguage":"es","potentialAction":[{"@type":"ReadAction","target":["https:\/\/lacolmena.link\/letrassobrecubierta\/2021\/06\/17\/diario-de-una-ansiolitica-tormentas\/"]}]},{"@type":"ImageObject","inLanguage":"es","@id":"https:\/\/lacolmena.link\/letrassobrecubierta\/2021\/06\/17\/diario-de-una-ansiolitica-tormentas\/#primaryimage","url":"https:\/\/lacolmena.link\/letrassobrecubierta\/wp-content\/uploads\/sites\/5\/2021\/06\/tormenta.jpg","contentUrl":"https:\/\/lacolmena.link\/letrassobrecubierta\/wp-content\/uploads\/sites\/5\/2021\/06\/tormenta.jpg","width":1600,"height":1067},{"@type":"BreadcrumbList","@id":"https:\/\/lacolmena.link\/letrassobrecubierta\/2021\/06\/17\/diario-de-una-ansiolitica-tormentas\/#breadcrumb","itemListElement":[{"@type":"ListItem","position":1,"name":"Portada","item":"https:\/\/lacolmena.link\/letrassobrecubierta\/"},{"@type":"ListItem","position":2,"name":"Diario de una Ansiolitica &#8211; Tormentas"}]},{"@type":"WebSite","@id":"https:\/\/lacolmena.link\/letrassobrecubierta\/#website","url":"https:\/\/lacolmena.link\/letrassobrecubierta\/","name":"LetrasSobrecubierta","description":"Blog de prosa l\u00edrica, cuentos, microrrelatos, historias cortas y m\u00e1s...","potentialAction":[{"@type":"SearchAction","target":{"@type":"EntryPoint","urlTemplate":"https:\/\/lacolmena.link\/letrassobrecubierta\/?s={search_term_string}"},"query-input":{"@type":"PropertyValueSpecification","valueRequired":true,"valueName":"search_term_string"}}],"inLanguage":"es"},{"@type":"Person","@id":"https:\/\/lacolmena.link\/letrassobrecubierta\/#\/schema\/person\/4ed400a5133f48fc75c6429a6e3fb4c8","name":"Victoria Galindo","image":{"@type":"ImageObject","inLanguage":"es","@id":"https:\/\/secure.gravatar.com\/avatar\/0e0d579cbf7483c21b21f93bb5e9924e406a7fefb9703667510e4eb8b2c96a5b?s=96&d=mm&r=g","url":"https:\/\/secure.gravatar.com\/avatar\/0e0d579cbf7483c21b21f93bb5e9924e406a7fefb9703667510e4eb8b2c96a5b?s=96&d=mm&r=g","contentUrl":"https:\/\/secure.gravatar.com\/avatar\/0e0d579cbf7483c21b21f93bb5e9924e406a7fefb9703667510e4eb8b2c96a5b?s=96&d=mm&r=g","caption":"Victoria Galindo"},"url":"https:\/\/lacolmena.link\/letrassobrecubierta\/author\/vicky\/"}]}},"_links":{"self":[{"href":"https:\/\/lacolmena.link\/letrassobrecubierta\/wp-json\/wp\/v2\/posts\/375","targetHints":{"allow":["GET"]}}],"collection":[{"href":"https:\/\/lacolmena.link\/letrassobrecubierta\/wp-json\/wp\/v2\/posts"}],"about":[{"href":"https:\/\/lacolmena.link\/letrassobrecubierta\/wp-json\/wp\/v2\/types\/post"}],"author":[{"embeddable":true,"href":"https:\/\/lacolmena.link\/letrassobrecubierta\/wp-json\/wp\/v2\/users\/11"}],"replies":[{"embeddable":true,"href":"https:\/\/lacolmena.link\/letrassobrecubierta\/wp-json\/wp\/v2\/comments?post=375"}],"version-history":[{"count":3,"href":"https:\/\/lacolmena.link\/letrassobrecubierta\/wp-json\/wp\/v2\/posts\/375\/revisions"}],"predecessor-version":[{"id":379,"href":"https:\/\/lacolmena.link\/letrassobrecubierta\/wp-json\/wp\/v2\/posts\/375\/revisions\/379"}],"wp:attachment":[{"href":"https:\/\/lacolmena.link\/letrassobrecubierta\/wp-json\/wp\/v2\/media?parent=375"}],"wp:term":[{"taxonomy":"category","embeddable":true,"href":"https:\/\/lacolmena.link\/letrassobrecubierta\/wp-json\/wp\/v2\/categories?post=375"},{"taxonomy":"post_tag","embeddable":true,"href":"https:\/\/lacolmena.link\/letrassobrecubierta\/wp-json\/wp\/v2\/tags?post=375"}],"curies":[{"name":"wp","href":"https:\/\/api.w.org\/{rel}","templated":true}]}}