{"id":622,"date":"2021-11-11T14:36:58","date_gmt":"2021-11-11T20:36:58","guid":{"rendered":"https:\/\/lacolmena.link\/letrassobrecubierta\/?p=622"},"modified":"2021-11-11T14:36:58","modified_gmt":"2021-11-11T20:36:58","slug":"diario-de-una-ansiolitica-como-siempre-olvido-todo","status":"publish","type":"post","link":"https:\/\/lacolmena.link\/letrassobrecubierta\/2021\/11\/11\/diario-de-una-ansiolitica-como-siempre-olvido-todo\/","title":{"rendered":"Diario de una Ansiolitica &#8211; Como siempre, olvido todo"},"content":{"rendered":"<p style=\"text-align: justify\">Pues con la novedad que al final la presentaci\u00f3n de mi libro, se posterg\u00f3 hasta enero del pr\u00f3ximo a\u00f1o, ya saben las consecuencias de la dichosa pandemia y a parte cuesti\u00f3n de dineros de la editorial. Seg\u00fan ellos tendremos m\u00e1s p\u00fablico para esa fechas y la publicidad ser\u00e1 m\u00e1s grande. Y la verdad es que vengo tan feliz de mis vacaciones, y no quiero estresarme lo que resta del a\u00f1o, pues para mi fue una de las mejores noticias que he tenido estos \u00faltimos d\u00edas.<\/p>\n<p style=\"text-align: justify\">Pero si soy sincera, mi d\u00eda a d\u00eda siempre son as\u00ed: locos, aturdidos, estresantes, raros, divertidos, que se yo, y por m\u00e1s que piense que nada podr\u00e1 estresarme siempre lo hay, ademas mi cabeza parece que siempre est\u00e1 lista para estar al d\u00eda con las preocupaciones, con el que dir\u00e1n, el que pasra, etc. Y pues a pesar de que se atras\u00f3 la presentaci\u00f3n del libro, a\u00fan hay mucho que hacer antes de las vacaciones por las fiestas decembrinas.<\/p>\n<p style=\"text-align: justify\">Microrrelatos, historias nuevas, colaboraciones por aqu\u00ed y por all\u00e1. Y no lo niego, amo esto, me encanta trabajar y m\u00e1s cuando tengo la oportunidad de crear algo desde cero. As\u00ed que a pesar de como soy, un poco ansiosa, solo un poco, estoy dispuesta a vivir as\u00ed por el resto de mi vida (pobre de mi familia, que alguien los ayude).<\/p>\n<p style=\"text-align: justify\">Pues ya se acerca el fin de a\u00f1o, el fr\u00edo y las compras de \u00faltimo momento, ya saben, que la cena de Acci\u00f3n de gracias, Navidad, A\u00f1o Nuevo, y por m\u00e1s que quiero mantener todo bajo control, muchas cosas se me pasan, las olvido o simplemente ni las tomo en cuenta, como las calor\u00edas que no deber\u00eda estarme metiendo en estos momentos.<\/p>\n<p style=\"text-align: justify\">As\u00ed que desde hace unos d\u00edas comenc\u00e9 a hacer mis listas de preparaci\u00f3n para las fiestas y as\u00ed est\u00e1 vez no olvidar absolutamente nada, porque cuando menos lo pienso olvido o pierdo hasta la dignidad y aunque eso es muy com\u00fan en mi, estoy tratando de que ya no ocurra tan frecuentemente.<\/p>\n<p style=\"text-align: justify\">Lo malo, es que seguimos con la restricci\u00f3n de las comidas, as\u00ed que planear las cenas se han vuelto realmente ca\u00f3ticas, porque por m\u00e1s que busco vuelvo a recaer en las malas tentaciones, y no me refiero a ver ahora a esos chicos guapetones enchamarrados calientitos y sudorosos, si no, a esas comidas antojadizas muy t\u00edpicas de estas fechas.<\/p>\n<p style=\"text-align: justify\">Que el ponche, que la botana, que los dulces, la dona con el chocolatito caliente, que no vaya a faltar para la cenas la ensalada dulce de manzana, que las invitaciones a cenar con ,los amigos, que los mercados navide\u00f1os y su sidra de manzana, que el vinito, que los baguettes de queso (que de verdad amo), que hay que sentarse a ver el maraton de peliculas navide\u00f1as obvio con su refresquito, las palomitas, que la cerveza, bueno todo para engordar.<\/p>\n<p style=\"text-align: justify\">Y yo ya con kilitos de m\u00e1s y con la nutri\u00f3loga encima, pues estas festividades y compras, ser\u00e1n una locura. Y hablando de kilos, pues como ver\u00e1n, mucha de mi ropa de invierno no me queda. As\u00ed que he tenido que salir a comprar algunas cosas para mi. No muchas, digo pobre la cartera de mi esposo.<\/p>\n<p style=\"text-align: justify\">As\u00ed que les platico, que ya tengo casi toda las listas preparadas, los regalos est\u00e1n casi todos comprados y lo de la compra de lass cenas, pues ya veremos en su momento que me dice el est\u00f3mago y el coraz\u00f3n, digo son fechas especiales as\u00ed que hay que darse gustitos especiales.<\/p>\n<p style=\"text-align: justify\">Pero retomando el tema de mis compras, pues me lanze a esta plaza outlet de ropa, mi sue\u00f1o hecho realidad; no sab\u00eda ni por donde empezar; que las chamarras para el fr\u00edo, que los abrigos, que los zapatos, que los pants, los guantes. !O por Dios!, tambi\u00e9n hab\u00eda tiendas de dise\u00f1ador (hubiesen visto la cara que hizo mi esposo, creo que sud\u00f3 como nunca y solo ve\u00eda su cartera).<\/p>\n<p style=\"text-align: justify\">Parec\u00eda ni\u00f1a en una dulcer\u00eda, quer\u00eda todo y quer\u00eda probarme de todo; de verdad pobre de mi marido y de la gente que atend\u00eda, los volv\u00ed locos. Que quer\u00eda esto, que mejor no, que luego regresaba, que no me quedaba, esta muy peque\u00f1o, esta muy grande, que feo est\u00e1, que hermoso pero que caro. As\u00ed estuve en casi toda la plaza. Que regresemos mejor a la primera tienda porque vi algo que si me gusto, que mejor a la otra que estaba por la mitad de la plaza, que si me gusta pero mejor no, bueno, mejor si lo quiero, o ser\u00e1 mejor que regrese. Con esto me veo m\u00e1s gorda, te gusta, qu\u00e9 calificaci\u00f3n.<\/p>\n<p style=\"text-align: justify\">Terminamos rendidos, y los dos est\u00e1bamos hartos de ver tanto, de preguntar, de verme probar, de ver tanta gente. Pero lo m\u00e1s loco es que se me hab\u00eda olvidado que lo que realmente necesitaba no lo hab\u00eda comprado. As\u00ed que ya cansados decidimos entrar a una \u00faltima tienda, y buscar por todos lados. !Por fin unos pants super c\u00f3modos!<\/p>\n<p style=\"text-align: justify\">Ente al probador como con 5 pants diferentes, y ninguno me quedo, ya que estaban demasiados grandes, as\u00ed que muy amablemente (grit\u00e1ndole) le ped\u00ed a mi esposo que me buscara esos mismos pero en talla mas peque\u00f1a. Tardo una eternidad, pero lo consigui\u00f3. Y para no hacer m\u00e1s largo el cuento, despu\u00e9s de probarme ya ni recuerdo cuantos, ya no ten\u00eda espacio en el probador para m\u00e1s ropa, as\u00ed que decid\u00ed darle los que no me quedaron y gustaron a mi esposo para que se los entregar\u00e1 a la dependienta.<\/p>\n<p style=\"text-align: justify\">Al final me hab\u00eda quedado con 3 pants para probar y decidir con cual quedarme. Mientras lo hac\u00eda, escuch\u00e9 que mi esposo se acercaba nuevamente al vestidor; cre\u00eda que ven\u00eda a apurarme, pero a los pocos minutos me pas\u00f3 por debajo de la puerta del vestidor unos pantalones que se me hac\u00edan muy familiares y me dijo &#8211; \u00bfSegura que estos no te quedan?- pues resulta que entre la bola de ropa que hab\u00eda regresado iban mis pantalones.<\/p>\n<p style=\"text-align: justify\">No me hab\u00eda percatado que no llevaba mis pantalones. Que pensaba hacer, salir en calzones. Pues, gracias a mi marido, me salv\u00e9 de una desgracia y de perder nuevamente la verg\u00fcenza y mi poca dignidad. Ya me imaginaba saliendo del vestidor en calzoncillos, buscando por toda la tienda mis lindos pantalones o pele\u00e1ndome con una clienta exigiendo que se quitar\u00e1 mis pantalones.<\/p>\n<p style=\"text-align: justify\">As\u00ed que una vez m\u00e1s, algo vergonzoso paso, lo bueno de ese d\u00eda es que podemos decir que no fui la causante como tal, fue algo as\u00ed sin pensarlo. Pero definitivamente me doy cuenta que si no he perdido mi cabeza es porque la traigo pegada. Y definitivamente por m\u00e1s listas que haga no me sirven de nada, y esto de perder cualquier cosa no necesita de agendas ni de listas, la verg\u00fcenza y la dignidad se pierden por s\u00ed solas y sin ayuda.<\/p>\n<p style=\"text-align: justify\">As\u00ed que si ven a una mujer, gritando o riendo como loca en calzoncillos en una plaza o tienda departamental, no se alarmen ni nada y mucho menos llamen al loquero, soy solo yo en un d\u00eda m\u00e1s de mi d\u00eda a d\u00eda.<\/p>\n<p><img loading=\"lazy\" decoding=\"async\" class=\"aligncenter wp-image-624 size-full\" src=\"https:\/\/lacolmena.link\/letrassobrecubierta\/wp-content\/uploads\/sites\/5\/2021\/11\/ropa.jpg\" alt=\"\" width=\"870\" height=\"580\" srcset=\"https:\/\/lacolmena.link\/letrassobrecubierta\/wp-content\/uploads\/sites\/5\/2021\/11\/ropa.jpg 870w, https:\/\/lacolmena.link\/letrassobrecubierta\/wp-content\/uploads\/sites\/5\/2021\/11\/ropa-300x200.jpg 300w, https:\/\/lacolmena.link\/letrassobrecubierta\/wp-content\/uploads\/sites\/5\/2021\/11\/ropa-768x512.jpg 768w\" sizes=\"auto, (max-width: 870px) 100vw, 870px\" \/><\/p>\n","protected":false},"excerpt":{"rendered":"<p>Pues con la novedad que al final la presentaci\u00f3n de mi libro, se posterg\u00f3 hasta enero del pr\u00f3ximo a\u00f1o, ya saben las consecuencias de la dichosa pandemia y a parte cuesti\u00f3n de dineros de la editorial. Seg\u00fan ellos tendremos m\u00e1s p\u00fablico para esa fechas y la publicidad ser\u00e1 m\u00e1s grande. Y la verdad es que [&hellip;]<\/p>\n","protected":false},"author":11,"featured_media":0,"comment_status":"open","ping_status":"open","sticky":false,"template":"","format":"standard","meta":{"footnotes":""},"categories":[4],"tags":[],"class_list":["post-622","post","type-post","status-publish","format-standard","hentry","category-diario-ansiolitica"],"yoast_head":"<!-- This site is optimized with the Yoast SEO plugin v27.5 - https:\/\/yoast.com\/product\/yoast-seo-wordpress\/ -->\n<title>Diario de una Ansiolitica - Como siempre, olvido todo - LetrasSobrecubierta<\/title>\n<meta name=\"robots\" content=\"index, follow, max-snippet:-1, max-image-preview:large, max-video-preview:-1\" \/>\n<link rel=\"canonical\" href=\"https:\/\/lacolmena.link\/letrassobrecubierta\/2021\/11\/11\/diario-de-una-ansiolitica-como-siempre-olvido-todo\/\" \/>\n<meta property=\"og:locale\" content=\"es_ES\" \/>\n<meta property=\"og:type\" content=\"article\" \/>\n<meta property=\"og:title\" content=\"Diario de una Ansiolitica - Como siempre, olvido todo - LetrasSobrecubierta\" \/>\n<meta property=\"og:description\" content=\"Pues con la novedad que al final la presentaci\u00f3n de mi libro, se posterg\u00f3 hasta enero del pr\u00f3ximo a\u00f1o, ya saben las consecuencias de la dichosa pandemia y a parte cuesti\u00f3n de dineros de la editorial. Seg\u00fan ellos tendremos m\u00e1s p\u00fablico para esa fechas y la publicidad ser\u00e1 m\u00e1s grande. Y la verdad es que [&hellip;]\" \/>\n<meta property=\"og:url\" content=\"https:\/\/lacolmena.link\/letrassobrecubierta\/2021\/11\/11\/diario-de-una-ansiolitica-como-siempre-olvido-todo\/\" \/>\n<meta property=\"og:site_name\" content=\"LetrasSobrecubierta\" \/>\n<meta property=\"article:published_time\" content=\"2021-11-11T20:36:58+00:00\" \/>\n<meta property=\"og:image\" content=\"https:\/\/lacolmena.link\/letrassobrecubierta\/wp-content\/uploads\/sites\/5\/2021\/11\/ropa.jpg\" \/>\n\t<meta property=\"og:image:width\" content=\"870\" \/>\n\t<meta property=\"og:image:height\" content=\"580\" \/>\n\t<meta property=\"og:image:type\" content=\"image\/jpeg\" \/>\n<meta name=\"author\" content=\"Victoria Galindo\" \/>\n<meta name=\"twitter:card\" content=\"summary_large_image\" \/>\n<meta name=\"twitter:label1\" content=\"Escrito por\" \/>\n\t<meta name=\"twitter:data1\" content=\"Victoria Galindo\" \/>\n\t<meta name=\"twitter:label2\" content=\"Tiempo de lectura\" \/>\n\t<meta name=\"twitter:data2\" content=\"6 minutos\" \/>\n<script type=\"application\/ld+json\" class=\"yoast-schema-graph\">{\"@context\":\"https:\\\/\\\/schema.org\",\"@graph\":[{\"@type\":\"Article\",\"@id\":\"https:\\\/\\\/lacolmena.link\\\/letrassobrecubierta\\\/2021\\\/11\\\/11\\\/diario-de-una-ansiolitica-como-siempre-olvido-todo\\\/#article\",\"isPartOf\":{\"@id\":\"https:\\\/\\\/lacolmena.link\\\/letrassobrecubierta\\\/2021\\\/11\\\/11\\\/diario-de-una-ansiolitica-como-siempre-olvido-todo\\\/\"},\"author\":{\"name\":\"Victoria Galindo\",\"@id\":\"https:\\\/\\\/lacolmena.link\\\/letrassobrecubierta\\\/#\\\/schema\\\/person\\\/4ed400a5133f48fc75c6429a6e3fb4c8\"},\"headline\":\"Diario de una Ansiolitica &#8211; Como siempre, olvido todo\",\"datePublished\":\"2021-11-11T20:36:58+00:00\",\"mainEntityOfPage\":{\"@id\":\"https:\\\/\\\/lacolmena.link\\\/letrassobrecubierta\\\/2021\\\/11\\\/11\\\/diario-de-una-ansiolitica-como-siempre-olvido-todo\\\/\"},\"wordCount\":1281,\"commentCount\":0,\"image\":{\"@id\":\"https:\\\/\\\/lacolmena.link\\\/letrassobrecubierta\\\/2021\\\/11\\\/11\\\/diario-de-una-ansiolitica-como-siempre-olvido-todo\\\/#primaryimage\"},\"thumbnailUrl\":\"https:\\\/\\\/lacolmena.link\\\/letrassobrecubierta\\\/wp-content\\\/uploads\\\/sites\\\/5\\\/2021\\\/11\\\/ropa.jpg\",\"articleSection\":[\"Diario de una Ansiolitica\"],\"inLanguage\":\"es\",\"potentialAction\":[{\"@type\":\"CommentAction\",\"name\":\"Comment\",\"target\":[\"https:\\\/\\\/lacolmena.link\\\/letrassobrecubierta\\\/2021\\\/11\\\/11\\\/diario-de-una-ansiolitica-como-siempre-olvido-todo\\\/#respond\"]}]},{\"@type\":\"WebPage\",\"@id\":\"https:\\\/\\\/lacolmena.link\\\/letrassobrecubierta\\\/2021\\\/11\\\/11\\\/diario-de-una-ansiolitica-como-siempre-olvido-todo\\\/\",\"url\":\"https:\\\/\\\/lacolmena.link\\\/letrassobrecubierta\\\/2021\\\/11\\\/11\\\/diario-de-una-ansiolitica-como-siempre-olvido-todo\\\/\",\"name\":\"Diario de una Ansiolitica - Como siempre, olvido todo - LetrasSobrecubierta\",\"isPartOf\":{\"@id\":\"https:\\\/\\\/lacolmena.link\\\/letrassobrecubierta\\\/#website\"},\"primaryImageOfPage\":{\"@id\":\"https:\\\/\\\/lacolmena.link\\\/letrassobrecubierta\\\/2021\\\/11\\\/11\\\/diario-de-una-ansiolitica-como-siempre-olvido-todo\\\/#primaryimage\"},\"image\":{\"@id\":\"https:\\\/\\\/lacolmena.link\\\/letrassobrecubierta\\\/2021\\\/11\\\/11\\\/diario-de-una-ansiolitica-como-siempre-olvido-todo\\\/#primaryimage\"},\"thumbnailUrl\":\"https:\\\/\\\/lacolmena.link\\\/letrassobrecubierta\\\/wp-content\\\/uploads\\\/sites\\\/5\\\/2021\\\/11\\\/ropa.jpg\",\"datePublished\":\"2021-11-11T20:36:58+00:00\",\"author\":{\"@id\":\"https:\\\/\\\/lacolmena.link\\\/letrassobrecubierta\\\/#\\\/schema\\\/person\\\/4ed400a5133f48fc75c6429a6e3fb4c8\"},\"breadcrumb\":{\"@id\":\"https:\\\/\\\/lacolmena.link\\\/letrassobrecubierta\\\/2021\\\/11\\\/11\\\/diario-de-una-ansiolitica-como-siempre-olvido-todo\\\/#breadcrumb\"},\"inLanguage\":\"es\",\"potentialAction\":[{\"@type\":\"ReadAction\",\"target\":[\"https:\\\/\\\/lacolmena.link\\\/letrassobrecubierta\\\/2021\\\/11\\\/11\\\/diario-de-una-ansiolitica-como-siempre-olvido-todo\\\/\"]}]},{\"@type\":\"ImageObject\",\"inLanguage\":\"es\",\"@id\":\"https:\\\/\\\/lacolmena.link\\\/letrassobrecubierta\\\/2021\\\/11\\\/11\\\/diario-de-una-ansiolitica-como-siempre-olvido-todo\\\/#primaryimage\",\"url\":\"https:\\\/\\\/lacolmena.link\\\/letrassobrecubierta\\\/wp-content\\\/uploads\\\/sites\\\/5\\\/2021\\\/11\\\/ropa.jpg\",\"contentUrl\":\"https:\\\/\\\/lacolmena.link\\\/letrassobrecubierta\\\/wp-content\\\/uploads\\\/sites\\\/5\\\/2021\\\/11\\\/ropa.jpg\",\"width\":870,\"height\":580},{\"@type\":\"BreadcrumbList\",\"@id\":\"https:\\\/\\\/lacolmena.link\\\/letrassobrecubierta\\\/2021\\\/11\\\/11\\\/diario-de-una-ansiolitica-como-siempre-olvido-todo\\\/#breadcrumb\",\"itemListElement\":[{\"@type\":\"ListItem\",\"position\":1,\"name\":\"Portada\",\"item\":\"https:\\\/\\\/lacolmena.link\\\/letrassobrecubierta\\\/\"},{\"@type\":\"ListItem\",\"position\":2,\"name\":\"Diario de una Ansiolitica &#8211; Como siempre, olvido todo\"}]},{\"@type\":\"WebSite\",\"@id\":\"https:\\\/\\\/lacolmena.link\\\/letrassobrecubierta\\\/#website\",\"url\":\"https:\\\/\\\/lacolmena.link\\\/letrassobrecubierta\\\/\",\"name\":\"LetrasSobrecubierta\",\"description\":\"Blog de prosa l\u00edrica, cuentos, microrrelatos, historias cortas y m\u00e1s...\",\"potentialAction\":[{\"@type\":\"SearchAction\",\"target\":{\"@type\":\"EntryPoint\",\"urlTemplate\":\"https:\\\/\\\/lacolmena.link\\\/letrassobrecubierta\\\/?s={search_term_string}\"},\"query-input\":{\"@type\":\"PropertyValueSpecification\",\"valueRequired\":true,\"valueName\":\"search_term_string\"}}],\"inLanguage\":\"es\"},{\"@type\":\"Person\",\"@id\":\"https:\\\/\\\/lacolmena.link\\\/letrassobrecubierta\\\/#\\\/schema\\\/person\\\/4ed400a5133f48fc75c6429a6e3fb4c8\",\"name\":\"Victoria Galindo\",\"image\":{\"@type\":\"ImageObject\",\"inLanguage\":\"es\",\"@id\":\"https:\\\/\\\/secure.gravatar.com\\\/avatar\\\/0e0d579cbf7483c21b21f93bb5e9924e406a7fefb9703667510e4eb8b2c96a5b?s=96&d=mm&r=g\",\"url\":\"https:\\\/\\\/secure.gravatar.com\\\/avatar\\\/0e0d579cbf7483c21b21f93bb5e9924e406a7fefb9703667510e4eb8b2c96a5b?s=96&d=mm&r=g\",\"contentUrl\":\"https:\\\/\\\/secure.gravatar.com\\\/avatar\\\/0e0d579cbf7483c21b21f93bb5e9924e406a7fefb9703667510e4eb8b2c96a5b?s=96&d=mm&r=g\",\"caption\":\"Victoria Galindo\"},\"url\":\"https:\\\/\\\/lacolmena.link\\\/letrassobrecubierta\\\/author\\\/vicky\\\/\"}]}<\/script>\n<!-- \/ Yoast SEO plugin. -->","yoast_head_json":{"title":"Diario de una Ansiolitica - Como siempre, olvido todo - LetrasSobrecubierta","robots":{"index":"index","follow":"follow","max-snippet":"max-snippet:-1","max-image-preview":"max-image-preview:large","max-video-preview":"max-video-preview:-1"},"canonical":"https:\/\/lacolmena.link\/letrassobrecubierta\/2021\/11\/11\/diario-de-una-ansiolitica-como-siempre-olvido-todo\/","og_locale":"es_ES","og_type":"article","og_title":"Diario de una Ansiolitica - Como siempre, olvido todo - LetrasSobrecubierta","og_description":"Pues con la novedad que al final la presentaci\u00f3n de mi libro, se posterg\u00f3 hasta enero del pr\u00f3ximo a\u00f1o, ya saben las consecuencias de la dichosa pandemia y a parte cuesti\u00f3n de dineros de la editorial. Seg\u00fan ellos tendremos m\u00e1s p\u00fablico para esa fechas y la publicidad ser\u00e1 m\u00e1s grande. Y la verdad es que [&hellip;]","og_url":"https:\/\/lacolmena.link\/letrassobrecubierta\/2021\/11\/11\/diario-de-una-ansiolitica-como-siempre-olvido-todo\/","og_site_name":"LetrasSobrecubierta","article_published_time":"2021-11-11T20:36:58+00:00","og_image":[{"width":870,"height":580,"url":"https:\/\/lacolmena.link\/letrassobrecubierta\/wp-content\/uploads\/sites\/5\/2021\/11\/ropa.jpg","type":"image\/jpeg"}],"author":"Victoria Galindo","twitter_card":"summary_large_image","twitter_misc":{"Escrito por":"Victoria Galindo","Tiempo de lectura":"6 minutos"},"schema":{"@context":"https:\/\/schema.org","@graph":[{"@type":"Article","@id":"https:\/\/lacolmena.link\/letrassobrecubierta\/2021\/11\/11\/diario-de-una-ansiolitica-como-siempre-olvido-todo\/#article","isPartOf":{"@id":"https:\/\/lacolmena.link\/letrassobrecubierta\/2021\/11\/11\/diario-de-una-ansiolitica-como-siempre-olvido-todo\/"},"author":{"name":"Victoria Galindo","@id":"https:\/\/lacolmena.link\/letrassobrecubierta\/#\/schema\/person\/4ed400a5133f48fc75c6429a6e3fb4c8"},"headline":"Diario de una Ansiolitica &#8211; Como siempre, olvido todo","datePublished":"2021-11-11T20:36:58+00:00","mainEntityOfPage":{"@id":"https:\/\/lacolmena.link\/letrassobrecubierta\/2021\/11\/11\/diario-de-una-ansiolitica-como-siempre-olvido-todo\/"},"wordCount":1281,"commentCount":0,"image":{"@id":"https:\/\/lacolmena.link\/letrassobrecubierta\/2021\/11\/11\/diario-de-una-ansiolitica-como-siempre-olvido-todo\/#primaryimage"},"thumbnailUrl":"https:\/\/lacolmena.link\/letrassobrecubierta\/wp-content\/uploads\/sites\/5\/2021\/11\/ropa.jpg","articleSection":["Diario de una Ansiolitica"],"inLanguage":"es","potentialAction":[{"@type":"CommentAction","name":"Comment","target":["https:\/\/lacolmena.link\/letrassobrecubierta\/2021\/11\/11\/diario-de-una-ansiolitica-como-siempre-olvido-todo\/#respond"]}]},{"@type":"WebPage","@id":"https:\/\/lacolmena.link\/letrassobrecubierta\/2021\/11\/11\/diario-de-una-ansiolitica-como-siempre-olvido-todo\/","url":"https:\/\/lacolmena.link\/letrassobrecubierta\/2021\/11\/11\/diario-de-una-ansiolitica-como-siempre-olvido-todo\/","name":"Diario de una Ansiolitica - Como siempre, olvido todo - LetrasSobrecubierta","isPartOf":{"@id":"https:\/\/lacolmena.link\/letrassobrecubierta\/#website"},"primaryImageOfPage":{"@id":"https:\/\/lacolmena.link\/letrassobrecubierta\/2021\/11\/11\/diario-de-una-ansiolitica-como-siempre-olvido-todo\/#primaryimage"},"image":{"@id":"https:\/\/lacolmena.link\/letrassobrecubierta\/2021\/11\/11\/diario-de-una-ansiolitica-como-siempre-olvido-todo\/#primaryimage"},"thumbnailUrl":"https:\/\/lacolmena.link\/letrassobrecubierta\/wp-content\/uploads\/sites\/5\/2021\/11\/ropa.jpg","datePublished":"2021-11-11T20:36:58+00:00","author":{"@id":"https:\/\/lacolmena.link\/letrassobrecubierta\/#\/schema\/person\/4ed400a5133f48fc75c6429a6e3fb4c8"},"breadcrumb":{"@id":"https:\/\/lacolmena.link\/letrassobrecubierta\/2021\/11\/11\/diario-de-una-ansiolitica-como-siempre-olvido-todo\/#breadcrumb"},"inLanguage":"es","potentialAction":[{"@type":"ReadAction","target":["https:\/\/lacolmena.link\/letrassobrecubierta\/2021\/11\/11\/diario-de-una-ansiolitica-como-siempre-olvido-todo\/"]}]},{"@type":"ImageObject","inLanguage":"es","@id":"https:\/\/lacolmena.link\/letrassobrecubierta\/2021\/11\/11\/diario-de-una-ansiolitica-como-siempre-olvido-todo\/#primaryimage","url":"https:\/\/lacolmena.link\/letrassobrecubierta\/wp-content\/uploads\/sites\/5\/2021\/11\/ropa.jpg","contentUrl":"https:\/\/lacolmena.link\/letrassobrecubierta\/wp-content\/uploads\/sites\/5\/2021\/11\/ropa.jpg","width":870,"height":580},{"@type":"BreadcrumbList","@id":"https:\/\/lacolmena.link\/letrassobrecubierta\/2021\/11\/11\/diario-de-una-ansiolitica-como-siempre-olvido-todo\/#breadcrumb","itemListElement":[{"@type":"ListItem","position":1,"name":"Portada","item":"https:\/\/lacolmena.link\/letrassobrecubierta\/"},{"@type":"ListItem","position":2,"name":"Diario de una Ansiolitica &#8211; Como siempre, olvido todo"}]},{"@type":"WebSite","@id":"https:\/\/lacolmena.link\/letrassobrecubierta\/#website","url":"https:\/\/lacolmena.link\/letrassobrecubierta\/","name":"LetrasSobrecubierta","description":"Blog de prosa l\u00edrica, cuentos, microrrelatos, historias cortas y m\u00e1s...","potentialAction":[{"@type":"SearchAction","target":{"@type":"EntryPoint","urlTemplate":"https:\/\/lacolmena.link\/letrassobrecubierta\/?s={search_term_string}"},"query-input":{"@type":"PropertyValueSpecification","valueRequired":true,"valueName":"search_term_string"}}],"inLanguage":"es"},{"@type":"Person","@id":"https:\/\/lacolmena.link\/letrassobrecubierta\/#\/schema\/person\/4ed400a5133f48fc75c6429a6e3fb4c8","name":"Victoria Galindo","image":{"@type":"ImageObject","inLanguage":"es","@id":"https:\/\/secure.gravatar.com\/avatar\/0e0d579cbf7483c21b21f93bb5e9924e406a7fefb9703667510e4eb8b2c96a5b?s=96&d=mm&r=g","url":"https:\/\/secure.gravatar.com\/avatar\/0e0d579cbf7483c21b21f93bb5e9924e406a7fefb9703667510e4eb8b2c96a5b?s=96&d=mm&r=g","contentUrl":"https:\/\/secure.gravatar.com\/avatar\/0e0d579cbf7483c21b21f93bb5e9924e406a7fefb9703667510e4eb8b2c96a5b?s=96&d=mm&r=g","caption":"Victoria Galindo"},"url":"https:\/\/lacolmena.link\/letrassobrecubierta\/author\/vicky\/"}]}},"_links":{"self":[{"href":"https:\/\/lacolmena.link\/letrassobrecubierta\/wp-json\/wp\/v2\/posts\/622","targetHints":{"allow":["GET"]}}],"collection":[{"href":"https:\/\/lacolmena.link\/letrassobrecubierta\/wp-json\/wp\/v2\/posts"}],"about":[{"href":"https:\/\/lacolmena.link\/letrassobrecubierta\/wp-json\/wp\/v2\/types\/post"}],"author":[{"embeddable":true,"href":"https:\/\/lacolmena.link\/letrassobrecubierta\/wp-json\/wp\/v2\/users\/11"}],"replies":[{"embeddable":true,"href":"https:\/\/lacolmena.link\/letrassobrecubierta\/wp-json\/wp\/v2\/comments?post=622"}],"version-history":[{"count":4,"href":"https:\/\/lacolmena.link\/letrassobrecubierta\/wp-json\/wp\/v2\/posts\/622\/revisions"}],"predecessor-version":[{"id":627,"href":"https:\/\/lacolmena.link\/letrassobrecubierta\/wp-json\/wp\/v2\/posts\/622\/revisions\/627"}],"wp:attachment":[{"href":"https:\/\/lacolmena.link\/letrassobrecubierta\/wp-json\/wp\/v2\/media?parent=622"}],"wp:term":[{"taxonomy":"category","embeddable":true,"href":"https:\/\/lacolmena.link\/letrassobrecubierta\/wp-json\/wp\/v2\/categories?post=622"},{"taxonomy":"post_tag","embeddable":true,"href":"https:\/\/lacolmena.link\/letrassobrecubierta\/wp-json\/wp\/v2\/tags?post=622"}],"curies":[{"name":"wp","href":"https:\/\/api.w.org\/{rel}","templated":true}]}}