{"id":693,"date":"2021-12-16T14:23:52","date_gmt":"2021-12-16T20:23:52","guid":{"rendered":"https:\/\/lacolmena.link\/letrassobrecubierta\/?p=693"},"modified":"2021-12-16T14:23:52","modified_gmt":"2021-12-16T20:23:52","slug":"diario-de-una-ansiolitica-una-casi-loca-en-las-festividades","status":"publish","type":"post","link":"https:\/\/lacolmena.link\/letrassobrecubierta\/2021\/12\/16\/diario-de-una-ansiolitica-una-casi-loca-en-las-festividades\/","title":{"rendered":"Diario de una Ansiolitica &#8211; Una casi loca en las festividades"},"content":{"rendered":"<p style=\"text-align: justify\"><span style=\"font-weight: 400\">Maratones navide\u00f1os listos, bueno esto lo empec\u00e9 desde noviembre, adornos navide\u00f1os igual listos desde hace un mes. Compras de \u00faltimo momento listos, o eso quiero pensar, regalos listos, bueno tal vez falte uno que otro de esos que salen de sorpresa en las p\u00e1ginas de compras. Mis compras personales, casi lista, aunque nunca falta algo que en realidad no necesite pero aun as\u00ed quiera comprar, como esas lindas varitas de Harry Potter que acabo de ver en oferta en Macy &#8216;s. Vacaciones en casa casi lista, solo falta ver qu\u00e9 libros leer, qu\u00e9 escritos peque\u00f1os estar\u00e9 redactando en estos d\u00edas y que cosa rara estare haciendo y pensar de qu\u00e9 manera seguir molestando a mi familia y vecinos.<\/span><\/p>\n<p style=\"text-align: justify\"><span style=\"font-weight: 400\">Comida, esto est\u00e1 listo desde que comenz\u00f3 el a\u00f1o, si no, preg\u00fantenle a mi b\u00e1scula si esto es mentira, pero hablando de los preparativos de la cena navide\u00f1a, esto est\u00e1 casi listo, pero mi mente dice lo contrario ya que sigue cuestionando si es la mejor decisi\u00f3n para cenar. Tener la casa super limpia para recibir el a\u00f1o, casi listo, solo falta convencer a mi querido esposo de que mantenga todo en su lugar, y cr\u00e9anme esto es casi imposible.<\/span><\/p>\n<p style=\"text-align: justify\"><span style=\"font-weight: 400\">Visitas a lugares navide\u00f1os, listo; ir al cine a ver Spider casi listo, (la ventaja es que s\u00ed conseguimos boletos, y no no tendremos que irnos a otra ciudad o pa\u00eds para poder verla). Invitados inesperados, la verdad es que no, no estoy lista, nunca lo estoy, pero siempre son bienvenidos. La ropa que me pondr\u00e9 para las festividades est\u00e1 casi lista, digo nunca falta que a \u00faltimo momento cambi\u00e9 de parecer, o que me pare frente a al closet lloriqueando porque a mi parecer no tengo nada que ponerme.<\/span><\/p>\n<p style=\"text-align: justify\"><span style=\"font-weight: 400\">Mi editorial, me dejara descansar 2 semanas, claro bajo sus t\u00e9rminos, son disque vacaciones, porque aun as\u00ed debo estar al pendiente de mis notificaciones, de seguir dando publicidad a mi libro y blog y por supuesto tener listo algunos escritos para comenzar el a\u00f1o con todo y si se puede comenzar con el siguiente libro, que si me preguntan en estos momentos es que no se ni de qu\u00e9 escribir.<\/span><\/p>\n<p style=\"text-align: justify\"><span style=\"font-weight: 400\">Relajarme en estos d\u00edas, nunca est\u00e1 lista, ni siquiera est\u00e1 apuntada en la lista de cosas por hacer o por mejorar. Alcohol, super listo, en estas fechas es casi de ley tener un buen vino en casa, y por supuesto no puede faltar un digestivo por esas copiosas cenas, porque aunque aun no he llegado al cuarto piso (bueno casi llego), mi est\u00f3mago parece tener m\u00e1s ochenta a\u00f1os, ya que todo me hace da\u00f1o, hasta mi cabeza lo sabe y en eso al parecer no se equivoca.<\/span><\/p>\n<p style=\"text-align: justify\"><span style=\"font-weight: 400\">Perro limpio, definitivamente no, y no es porque no lo atienda, si no porque, por m\u00e1s que lo ba\u00f1emos, cepillemos, etc., no dura ni una semana limpio, pero aun as\u00ed amo sus pelos, su olor apestoso y por supuesto esas lamidas con olor y sabor a no se que demonios; su regalo navide\u00f1o tambi\u00e9n listo, su cena especial m\u00e1s que lista. Si claro es super loco que me preocupe m\u00e1s por \u00e9l que por mi familia.\u00a0<\/span><\/p>\n<p style=\"text-align: justify\"><span style=\"font-weight: 400\">M\u00fasica navide\u00f1a, superpuesta, tanto as\u00ed que ya perd\u00ed la cuenta de cuantos playlist he escuchado y que tengo preparado todav\u00eda para estos d\u00edas, he escuchado miles de estaciones de radio con est\u00e1 tem\u00e1tica, que mi familia ya aborrecen los villancicos, pero la verdad es que es casi imposible no escuchar esto en estos d\u00edas festivos, adem\u00e1s quien no se emociona con: <em>Los pastores a Belen, corren presurosos<\/em>\u2026, hasta uno hace el quehacer m\u00e1s agusto. Dulces y botanas, estos tambi\u00e9n est\u00e1n listos desde inicios del a\u00f1o, y por supuesto como buena mexicana, tengo siempre en la alacena todo tipo de chucherias mexicanas por haber y no se diga en los cajones de mi escritorio, est\u00e1n repletos de todo esto, espero que esto no lo lea mi nutriologa.<\/span><\/p>\n<p style=\"text-align: justify\"><span style=\"font-weight: 400\">Revolcones, bueno esto es de casi todos los d\u00edas, ni siquiera necesita estar en una lista. Aunque pens\u00e1ndolo bien, podr\u00eda poner algunas cosas para divertirnos en la lista prohibida, esa lista donde solo mi esposo y yo participamos para pasarla cada d\u00eda mejor.<\/span><\/p>\n<p style=\"text-align: justify\"><span style=\"font-weight: 400\">Mis listas parecen estar casi al cien, pero los imprevistos nunca caben en ella, y aunque se que es muy probable que me pasen, intento pasarlos por desapercibidos. Y as\u00ed es, que est\u00e1 semana lleg\u00f3 un imprevisto que realmente no vi llegar. Cuando uno piensa que ya tiene todo arreglado, en orden, y en sus manos, parece que todo esto se resbala lentamente, as\u00ed como todos esos consejos de hacer ejercicio, las recomendaciones de la nutri\u00f3loga, de mis doctores, etc.<\/span><\/p>\n<p style=\"text-align: justify\"><span style=\"font-weight: 400\">Y es que ahora entiendo porque en estas fechas mucha gente se torna un poco paranoica y porque no hasta loca. Hay tanta cosa por hacer, por vivir, por disfrutar, queremos mantener el orden, queremos tener todo al cien, pero se nos escapa\u00a0 y olvidamos que no vivimos en un mundo solos, sino que lo compartimos con gente m\u00e1s loca, y ah\u00ed es donde encajo yo.<\/span><\/p>\n<p style=\"text-align: justify\"><span style=\"font-weight: 400\">Pero para no hacer esto m\u00e1s largo, est\u00e1 semana tuve un peque\u00f1o accidente y debo recalcar que esta vez yo no lo provoque (que alivio); una persona que es probable que andaba como yo, muy metida en sus asuntos y preocupaciones, al parecer no vio que estaba frente a ella, y me dio un empuj\u00f3n que me mand\u00f3 al piso, haci\u00e9ndome que me golpeara contra el suelo bastante fuerte.<\/span><\/p>\n<p style=\"text-align: justify\"><span style=\"font-weight: 400\">Como no soy nada dram\u00e1tica, hice mi show frente a mucha gente (que raro) y tuve que parar al hospital creyendo que me hab\u00eda fracturado la mitad del cuerpo. Llegamos a emergencia como es lo normal y uno cree que lo atender\u00e1n en primer momento, pero para ellos las emergencias es cuando llegas casi desangrandote, as\u00ed que para mi mala fortuna nos toc\u00f3 esperar. Intent\u00e9 mantener mi paciencia, estuvimos ah\u00ed por horas, y el dolor iba empeorando, y mi mente como siempre que nunca ayuda, comenz\u00f3 a pensar mil tonteras: <em>\u201cEstar\u00e1 roto el brazo, me tendran que operar, perder\u00e9 la movilidad, que pasara con las festividades, quien mantendr\u00e1 la casa a flote, como podre seguir escribiendo, me pondran yeso, por que a mi, porque no me llaman, y los doctores, porque hay gente gritando, tengo hambre, me duele, tengo sue\u00f1o, ya quiero irme a casa, qu\u00e9 tal si esto si es muy grave, no puedo mover el brazo, el dolor ah\u00ed est\u00e1, esta inflamado, abr\u00e1zame, quiero llorar\u201d.<\/em><\/span><\/p>\n<p style=\"text-align: justify\"><span style=\"font-weight: 400\">Despu\u00e9s de horas, gritos, llantos y reclamos, me atendieron, el resultado fue un brazo lastimado pero sin fracturas, solo inflamaci\u00f3n y dolor. Reposo y medicamentos. Claro reposo, esa palabra que me sigue rebotando en la mente, algo casi imposible en llevar a cabo, son esas recomendaciones que aunque se escucha bonito, para personas como yo es casi imposible lograrlo, no puedo estar por mucho tiempo quieta y mi mente estando al cien con mil pensamientos, mil pendientes que no se de donde salen, pues obvio es lo peor que me pueden recetar.<\/span><\/p>\n<p style=\"text-align: justify\"><span style=\"font-weight: 400\">Y de verdad ahora entiendo a esas pobres gentes que oyes gritar en las salas de espera, como no volverte loco, cuando quieres que te atiendan lo m\u00e1s pronto posible. Intent\u00e9 no llegar a ese extremo, pero por poco me vuelvo la loca de emergencias y para mi fue un gran reto no hacerlo.<\/span><\/p>\n<p style=\"text-align: justify\"><span style=\"font-weight: 400\">As\u00ed que ahora necesito descansar, dejar que mi familia mantenga en pie la casa por unos d\u00edas y las cenas festivas, pues ya veremos como salen. Solo espero que mi familia soporte todos los gritos, peticiones, reclamos, etc, que les estar\u00e9 diciendo con mucho cari\u00f1o.<\/span><\/p>\n<p style=\"text-align: justify\"><span style=\"font-weight: 400\">As\u00ed que si oyen a una mujer desde su ventana gritando como loca, no vayan a creer que es el demonio de las navidades, ser\u00e9 solo yo desahog\u00e1ndome de uno que otro imprevisto en estas festividades decembrinas.<\/span><\/p>\n<p><img loading=\"lazy\" decoding=\"async\" class=\"aligncenter wp-image-695 size-full\" src=\"https:\/\/lacolmena.link\/letrassobrecubierta\/wp-content\/uploads\/sites\/5\/2021\/12\/lova.jpg\" alt=\"\" width=\"793\" height=\"528\" srcset=\"https:\/\/lacolmena.link\/letrassobrecubierta\/wp-content\/uploads\/sites\/5\/2021\/12\/lova.jpg 793w, https:\/\/lacolmena.link\/letrassobrecubierta\/wp-content\/uploads\/sites\/5\/2021\/12\/lova-300x200.jpg 300w, https:\/\/lacolmena.link\/letrassobrecubierta\/wp-content\/uploads\/sites\/5\/2021\/12\/lova-768x511.jpg 768w\" sizes=\"auto, (max-width: 793px) 100vw, 793px\" \/><\/p>\n","protected":false},"excerpt":{"rendered":"<p>Maratones navide\u00f1os listos, bueno esto lo empec\u00e9 desde noviembre, adornos navide\u00f1os igual listos desde hace un mes. Compras de \u00faltimo momento listos, o eso quiero pensar, regalos listos, bueno tal vez falte uno que otro de esos que salen de sorpresa en las p\u00e1ginas de compras. Mis compras personales, casi lista, aunque nunca falta algo [&hellip;]<\/p>\n","protected":false},"author":11,"featured_media":0,"comment_status":"open","ping_status":"open","sticky":false,"template":"","format":"standard","meta":{"footnotes":""},"categories":[4],"tags":[],"class_list":["post-693","post","type-post","status-publish","format-standard","hentry","category-diario-ansiolitica"],"yoast_head":"<!-- This site is optimized with the Yoast SEO plugin v27.5 - https:\/\/yoast.com\/product\/yoast-seo-wordpress\/ -->\n<title>Diario de una Ansiolitica - Una casi loca en las festividades - LetrasSobrecubierta<\/title>\n<meta name=\"robots\" content=\"index, follow, max-snippet:-1, max-image-preview:large, max-video-preview:-1\" \/>\n<link rel=\"canonical\" href=\"https:\/\/lacolmena.link\/letrassobrecubierta\/2021\/12\/16\/diario-de-una-ansiolitica-una-casi-loca-en-las-festividades\/\" \/>\n<meta property=\"og:locale\" content=\"es_ES\" \/>\n<meta property=\"og:type\" content=\"article\" \/>\n<meta property=\"og:title\" content=\"Diario de una Ansiolitica - Una casi loca en las festividades - LetrasSobrecubierta\" \/>\n<meta property=\"og:description\" content=\"Maratones navide\u00f1os listos, bueno esto lo empec\u00e9 desde noviembre, adornos navide\u00f1os igual listos desde hace un mes. Compras de \u00faltimo momento listos, o eso quiero pensar, regalos listos, bueno tal vez falte uno que otro de esos que salen de sorpresa en las p\u00e1ginas de compras. Mis compras personales, casi lista, aunque nunca falta algo [&hellip;]\" \/>\n<meta property=\"og:url\" content=\"https:\/\/lacolmena.link\/letrassobrecubierta\/2021\/12\/16\/diario-de-una-ansiolitica-una-casi-loca-en-las-festividades\/\" \/>\n<meta property=\"og:site_name\" content=\"LetrasSobrecubierta\" \/>\n<meta property=\"article:published_time\" content=\"2021-12-16T20:23:52+00:00\" \/>\n<meta property=\"og:image\" content=\"https:\/\/lacolmena.link\/letrassobrecubierta\/wp-content\/uploads\/sites\/5\/2021\/12\/lova.jpg\" \/>\n\t<meta property=\"og:image:width\" content=\"793\" \/>\n\t<meta property=\"og:image:height\" content=\"528\" \/>\n\t<meta property=\"og:image:type\" content=\"image\/jpeg\" \/>\n<meta name=\"author\" content=\"Victoria Galindo\" \/>\n<meta name=\"twitter:card\" content=\"summary_large_image\" \/>\n<meta name=\"twitter:label1\" content=\"Escrito por\" \/>\n\t<meta name=\"twitter:data1\" content=\"Victoria Galindo\" \/>\n\t<meta name=\"twitter:label2\" content=\"Tiempo de lectura\" \/>\n\t<meta name=\"twitter:data2\" content=\"7 minutos\" \/>\n<script type=\"application\/ld+json\" class=\"yoast-schema-graph\">{\"@context\":\"https:\\\/\\\/schema.org\",\"@graph\":[{\"@type\":\"Article\",\"@id\":\"https:\\\/\\\/lacolmena.link\\\/letrassobrecubierta\\\/2021\\\/12\\\/16\\\/diario-de-una-ansiolitica-una-casi-loca-en-las-festividades\\\/#article\",\"isPartOf\":{\"@id\":\"https:\\\/\\\/lacolmena.link\\\/letrassobrecubierta\\\/2021\\\/12\\\/16\\\/diario-de-una-ansiolitica-una-casi-loca-en-las-festividades\\\/\"},\"author\":{\"name\":\"Victoria Galindo\",\"@id\":\"https:\\\/\\\/lacolmena.link\\\/letrassobrecubierta\\\/#\\\/schema\\\/person\\\/4ed400a5133f48fc75c6429a6e3fb4c8\"},\"headline\":\"Diario de una Ansiolitica &#8211; Una casi loca en las festividades\",\"datePublished\":\"2021-12-16T20:23:52+00:00\",\"mainEntityOfPage\":{\"@id\":\"https:\\\/\\\/lacolmena.link\\\/letrassobrecubierta\\\/2021\\\/12\\\/16\\\/diario-de-una-ansiolitica-una-casi-loca-en-las-festividades\\\/\"},\"wordCount\":1370,\"commentCount\":0,\"image\":{\"@id\":\"https:\\\/\\\/lacolmena.link\\\/letrassobrecubierta\\\/2021\\\/12\\\/16\\\/diario-de-una-ansiolitica-una-casi-loca-en-las-festividades\\\/#primaryimage\"},\"thumbnailUrl\":\"https:\\\/\\\/lacolmena.link\\\/letrassobrecubierta\\\/wp-content\\\/uploads\\\/sites\\\/5\\\/2021\\\/12\\\/lova.jpg\",\"articleSection\":[\"Diario de una Ansiolitica\"],\"inLanguage\":\"es\",\"potentialAction\":[{\"@type\":\"CommentAction\",\"name\":\"Comment\",\"target\":[\"https:\\\/\\\/lacolmena.link\\\/letrassobrecubierta\\\/2021\\\/12\\\/16\\\/diario-de-una-ansiolitica-una-casi-loca-en-las-festividades\\\/#respond\"]}]},{\"@type\":\"WebPage\",\"@id\":\"https:\\\/\\\/lacolmena.link\\\/letrassobrecubierta\\\/2021\\\/12\\\/16\\\/diario-de-una-ansiolitica-una-casi-loca-en-las-festividades\\\/\",\"url\":\"https:\\\/\\\/lacolmena.link\\\/letrassobrecubierta\\\/2021\\\/12\\\/16\\\/diario-de-una-ansiolitica-una-casi-loca-en-las-festividades\\\/\",\"name\":\"Diario de una Ansiolitica - Una casi loca en las festividades - LetrasSobrecubierta\",\"isPartOf\":{\"@id\":\"https:\\\/\\\/lacolmena.link\\\/letrassobrecubierta\\\/#website\"},\"primaryImageOfPage\":{\"@id\":\"https:\\\/\\\/lacolmena.link\\\/letrassobrecubierta\\\/2021\\\/12\\\/16\\\/diario-de-una-ansiolitica-una-casi-loca-en-las-festividades\\\/#primaryimage\"},\"image\":{\"@id\":\"https:\\\/\\\/lacolmena.link\\\/letrassobrecubierta\\\/2021\\\/12\\\/16\\\/diario-de-una-ansiolitica-una-casi-loca-en-las-festividades\\\/#primaryimage\"},\"thumbnailUrl\":\"https:\\\/\\\/lacolmena.link\\\/letrassobrecubierta\\\/wp-content\\\/uploads\\\/sites\\\/5\\\/2021\\\/12\\\/lova.jpg\",\"datePublished\":\"2021-12-16T20:23:52+00:00\",\"author\":{\"@id\":\"https:\\\/\\\/lacolmena.link\\\/letrassobrecubierta\\\/#\\\/schema\\\/person\\\/4ed400a5133f48fc75c6429a6e3fb4c8\"},\"breadcrumb\":{\"@id\":\"https:\\\/\\\/lacolmena.link\\\/letrassobrecubierta\\\/2021\\\/12\\\/16\\\/diario-de-una-ansiolitica-una-casi-loca-en-las-festividades\\\/#breadcrumb\"},\"inLanguage\":\"es\",\"potentialAction\":[{\"@type\":\"ReadAction\",\"target\":[\"https:\\\/\\\/lacolmena.link\\\/letrassobrecubierta\\\/2021\\\/12\\\/16\\\/diario-de-una-ansiolitica-una-casi-loca-en-las-festividades\\\/\"]}]},{\"@type\":\"ImageObject\",\"inLanguage\":\"es\",\"@id\":\"https:\\\/\\\/lacolmena.link\\\/letrassobrecubierta\\\/2021\\\/12\\\/16\\\/diario-de-una-ansiolitica-una-casi-loca-en-las-festividades\\\/#primaryimage\",\"url\":\"https:\\\/\\\/lacolmena.link\\\/letrassobrecubierta\\\/wp-content\\\/uploads\\\/sites\\\/5\\\/2021\\\/12\\\/lova.jpg\",\"contentUrl\":\"https:\\\/\\\/lacolmena.link\\\/letrassobrecubierta\\\/wp-content\\\/uploads\\\/sites\\\/5\\\/2021\\\/12\\\/lova.jpg\",\"width\":793,\"height\":528},{\"@type\":\"BreadcrumbList\",\"@id\":\"https:\\\/\\\/lacolmena.link\\\/letrassobrecubierta\\\/2021\\\/12\\\/16\\\/diario-de-una-ansiolitica-una-casi-loca-en-las-festividades\\\/#breadcrumb\",\"itemListElement\":[{\"@type\":\"ListItem\",\"position\":1,\"name\":\"Portada\",\"item\":\"https:\\\/\\\/lacolmena.link\\\/letrassobrecubierta\\\/\"},{\"@type\":\"ListItem\",\"position\":2,\"name\":\"Diario de una Ansiolitica &#8211; Una casi loca en las festividades\"}]},{\"@type\":\"WebSite\",\"@id\":\"https:\\\/\\\/lacolmena.link\\\/letrassobrecubierta\\\/#website\",\"url\":\"https:\\\/\\\/lacolmena.link\\\/letrassobrecubierta\\\/\",\"name\":\"LetrasSobrecubierta\",\"description\":\"Blog de prosa l\u00edrica, cuentos, microrrelatos, historias cortas y m\u00e1s...\",\"potentialAction\":[{\"@type\":\"SearchAction\",\"target\":{\"@type\":\"EntryPoint\",\"urlTemplate\":\"https:\\\/\\\/lacolmena.link\\\/letrassobrecubierta\\\/?s={search_term_string}\"},\"query-input\":{\"@type\":\"PropertyValueSpecification\",\"valueRequired\":true,\"valueName\":\"search_term_string\"}}],\"inLanguage\":\"es\"},{\"@type\":\"Person\",\"@id\":\"https:\\\/\\\/lacolmena.link\\\/letrassobrecubierta\\\/#\\\/schema\\\/person\\\/4ed400a5133f48fc75c6429a6e3fb4c8\",\"name\":\"Victoria Galindo\",\"image\":{\"@type\":\"ImageObject\",\"inLanguage\":\"es\",\"@id\":\"https:\\\/\\\/secure.gravatar.com\\\/avatar\\\/0e0d579cbf7483c21b21f93bb5e9924e406a7fefb9703667510e4eb8b2c96a5b?s=96&d=mm&r=g\",\"url\":\"https:\\\/\\\/secure.gravatar.com\\\/avatar\\\/0e0d579cbf7483c21b21f93bb5e9924e406a7fefb9703667510e4eb8b2c96a5b?s=96&d=mm&r=g\",\"contentUrl\":\"https:\\\/\\\/secure.gravatar.com\\\/avatar\\\/0e0d579cbf7483c21b21f93bb5e9924e406a7fefb9703667510e4eb8b2c96a5b?s=96&d=mm&r=g\",\"caption\":\"Victoria Galindo\"},\"url\":\"https:\\\/\\\/lacolmena.link\\\/letrassobrecubierta\\\/author\\\/vicky\\\/\"}]}<\/script>\n<!-- \/ Yoast SEO plugin. -->","yoast_head_json":{"title":"Diario de una Ansiolitica - Una casi loca en las festividades - LetrasSobrecubierta","robots":{"index":"index","follow":"follow","max-snippet":"max-snippet:-1","max-image-preview":"max-image-preview:large","max-video-preview":"max-video-preview:-1"},"canonical":"https:\/\/lacolmena.link\/letrassobrecubierta\/2021\/12\/16\/diario-de-una-ansiolitica-una-casi-loca-en-las-festividades\/","og_locale":"es_ES","og_type":"article","og_title":"Diario de una Ansiolitica - Una casi loca en las festividades - LetrasSobrecubierta","og_description":"Maratones navide\u00f1os listos, bueno esto lo empec\u00e9 desde noviembre, adornos navide\u00f1os igual listos desde hace un mes. Compras de \u00faltimo momento listos, o eso quiero pensar, regalos listos, bueno tal vez falte uno que otro de esos que salen de sorpresa en las p\u00e1ginas de compras. Mis compras personales, casi lista, aunque nunca falta algo [&hellip;]","og_url":"https:\/\/lacolmena.link\/letrassobrecubierta\/2021\/12\/16\/diario-de-una-ansiolitica-una-casi-loca-en-las-festividades\/","og_site_name":"LetrasSobrecubierta","article_published_time":"2021-12-16T20:23:52+00:00","og_image":[{"width":793,"height":528,"url":"https:\/\/lacolmena.link\/letrassobrecubierta\/wp-content\/uploads\/sites\/5\/2021\/12\/lova.jpg","type":"image\/jpeg"}],"author":"Victoria Galindo","twitter_card":"summary_large_image","twitter_misc":{"Escrito por":"Victoria Galindo","Tiempo de lectura":"7 minutos"},"schema":{"@context":"https:\/\/schema.org","@graph":[{"@type":"Article","@id":"https:\/\/lacolmena.link\/letrassobrecubierta\/2021\/12\/16\/diario-de-una-ansiolitica-una-casi-loca-en-las-festividades\/#article","isPartOf":{"@id":"https:\/\/lacolmena.link\/letrassobrecubierta\/2021\/12\/16\/diario-de-una-ansiolitica-una-casi-loca-en-las-festividades\/"},"author":{"name":"Victoria Galindo","@id":"https:\/\/lacolmena.link\/letrassobrecubierta\/#\/schema\/person\/4ed400a5133f48fc75c6429a6e3fb4c8"},"headline":"Diario de una Ansiolitica &#8211; Una casi loca en las festividades","datePublished":"2021-12-16T20:23:52+00:00","mainEntityOfPage":{"@id":"https:\/\/lacolmena.link\/letrassobrecubierta\/2021\/12\/16\/diario-de-una-ansiolitica-una-casi-loca-en-las-festividades\/"},"wordCount":1370,"commentCount":0,"image":{"@id":"https:\/\/lacolmena.link\/letrassobrecubierta\/2021\/12\/16\/diario-de-una-ansiolitica-una-casi-loca-en-las-festividades\/#primaryimage"},"thumbnailUrl":"https:\/\/lacolmena.link\/letrassobrecubierta\/wp-content\/uploads\/sites\/5\/2021\/12\/lova.jpg","articleSection":["Diario de una Ansiolitica"],"inLanguage":"es","potentialAction":[{"@type":"CommentAction","name":"Comment","target":["https:\/\/lacolmena.link\/letrassobrecubierta\/2021\/12\/16\/diario-de-una-ansiolitica-una-casi-loca-en-las-festividades\/#respond"]}]},{"@type":"WebPage","@id":"https:\/\/lacolmena.link\/letrassobrecubierta\/2021\/12\/16\/diario-de-una-ansiolitica-una-casi-loca-en-las-festividades\/","url":"https:\/\/lacolmena.link\/letrassobrecubierta\/2021\/12\/16\/diario-de-una-ansiolitica-una-casi-loca-en-las-festividades\/","name":"Diario de una Ansiolitica - Una casi loca en las festividades - LetrasSobrecubierta","isPartOf":{"@id":"https:\/\/lacolmena.link\/letrassobrecubierta\/#website"},"primaryImageOfPage":{"@id":"https:\/\/lacolmena.link\/letrassobrecubierta\/2021\/12\/16\/diario-de-una-ansiolitica-una-casi-loca-en-las-festividades\/#primaryimage"},"image":{"@id":"https:\/\/lacolmena.link\/letrassobrecubierta\/2021\/12\/16\/diario-de-una-ansiolitica-una-casi-loca-en-las-festividades\/#primaryimage"},"thumbnailUrl":"https:\/\/lacolmena.link\/letrassobrecubierta\/wp-content\/uploads\/sites\/5\/2021\/12\/lova.jpg","datePublished":"2021-12-16T20:23:52+00:00","author":{"@id":"https:\/\/lacolmena.link\/letrassobrecubierta\/#\/schema\/person\/4ed400a5133f48fc75c6429a6e3fb4c8"},"breadcrumb":{"@id":"https:\/\/lacolmena.link\/letrassobrecubierta\/2021\/12\/16\/diario-de-una-ansiolitica-una-casi-loca-en-las-festividades\/#breadcrumb"},"inLanguage":"es","potentialAction":[{"@type":"ReadAction","target":["https:\/\/lacolmena.link\/letrassobrecubierta\/2021\/12\/16\/diario-de-una-ansiolitica-una-casi-loca-en-las-festividades\/"]}]},{"@type":"ImageObject","inLanguage":"es","@id":"https:\/\/lacolmena.link\/letrassobrecubierta\/2021\/12\/16\/diario-de-una-ansiolitica-una-casi-loca-en-las-festividades\/#primaryimage","url":"https:\/\/lacolmena.link\/letrassobrecubierta\/wp-content\/uploads\/sites\/5\/2021\/12\/lova.jpg","contentUrl":"https:\/\/lacolmena.link\/letrassobrecubierta\/wp-content\/uploads\/sites\/5\/2021\/12\/lova.jpg","width":793,"height":528},{"@type":"BreadcrumbList","@id":"https:\/\/lacolmena.link\/letrassobrecubierta\/2021\/12\/16\/diario-de-una-ansiolitica-una-casi-loca-en-las-festividades\/#breadcrumb","itemListElement":[{"@type":"ListItem","position":1,"name":"Portada","item":"https:\/\/lacolmena.link\/letrassobrecubierta\/"},{"@type":"ListItem","position":2,"name":"Diario de una Ansiolitica &#8211; Una casi loca en las festividades"}]},{"@type":"WebSite","@id":"https:\/\/lacolmena.link\/letrassobrecubierta\/#website","url":"https:\/\/lacolmena.link\/letrassobrecubierta\/","name":"LetrasSobrecubierta","description":"Blog de prosa l\u00edrica, cuentos, microrrelatos, historias cortas y m\u00e1s...","potentialAction":[{"@type":"SearchAction","target":{"@type":"EntryPoint","urlTemplate":"https:\/\/lacolmena.link\/letrassobrecubierta\/?s={search_term_string}"},"query-input":{"@type":"PropertyValueSpecification","valueRequired":true,"valueName":"search_term_string"}}],"inLanguage":"es"},{"@type":"Person","@id":"https:\/\/lacolmena.link\/letrassobrecubierta\/#\/schema\/person\/4ed400a5133f48fc75c6429a6e3fb4c8","name":"Victoria Galindo","image":{"@type":"ImageObject","inLanguage":"es","@id":"https:\/\/secure.gravatar.com\/avatar\/0e0d579cbf7483c21b21f93bb5e9924e406a7fefb9703667510e4eb8b2c96a5b?s=96&d=mm&r=g","url":"https:\/\/secure.gravatar.com\/avatar\/0e0d579cbf7483c21b21f93bb5e9924e406a7fefb9703667510e4eb8b2c96a5b?s=96&d=mm&r=g","contentUrl":"https:\/\/secure.gravatar.com\/avatar\/0e0d579cbf7483c21b21f93bb5e9924e406a7fefb9703667510e4eb8b2c96a5b?s=96&d=mm&r=g","caption":"Victoria Galindo"},"url":"https:\/\/lacolmena.link\/letrassobrecubierta\/author\/vicky\/"}]}},"_links":{"self":[{"href":"https:\/\/lacolmena.link\/letrassobrecubierta\/wp-json\/wp\/v2\/posts\/693","targetHints":{"allow":["GET"]}}],"collection":[{"href":"https:\/\/lacolmena.link\/letrassobrecubierta\/wp-json\/wp\/v2\/posts"}],"about":[{"href":"https:\/\/lacolmena.link\/letrassobrecubierta\/wp-json\/wp\/v2\/types\/post"}],"author":[{"embeddable":true,"href":"https:\/\/lacolmena.link\/letrassobrecubierta\/wp-json\/wp\/v2\/users\/11"}],"replies":[{"embeddable":true,"href":"https:\/\/lacolmena.link\/letrassobrecubierta\/wp-json\/wp\/v2\/comments?post=693"}],"version-history":[{"count":2,"href":"https:\/\/lacolmena.link\/letrassobrecubierta\/wp-json\/wp\/v2\/posts\/693\/revisions"}],"predecessor-version":[{"id":696,"href":"https:\/\/lacolmena.link\/letrassobrecubierta\/wp-json\/wp\/v2\/posts\/693\/revisions\/696"}],"wp:attachment":[{"href":"https:\/\/lacolmena.link\/letrassobrecubierta\/wp-json\/wp\/v2\/media?parent=693"}],"wp:term":[{"taxonomy":"category","embeddable":true,"href":"https:\/\/lacolmena.link\/letrassobrecubierta\/wp-json\/wp\/v2\/categories?post=693"},{"taxonomy":"post_tag","embeddable":true,"href":"https:\/\/lacolmena.link\/letrassobrecubierta\/wp-json\/wp\/v2\/tags?post=693"}],"curies":[{"name":"wp","href":"https:\/\/api.w.org\/{rel}","templated":true}]}}